{"id":530480,"date":"2025-11-13T04:11:36","date_gmt":"2025-11-13T04:11:36","guid":{"rendered":"https:\/\/www.europesays.com\/fr\/530480\/"},"modified":"2025-11-13T04:11:36","modified_gmt":"2025-11-13T04:11:36","slug":"13-novembre-2015-comment-france-victimes-a-gere-la-tragedie-a-nantes","status":"publish","type":"post","link":"https:\/\/www.europesays.com\/fr\/530480\/","title":{"rendered":"13 novembre 2015 : comment France Victimes a g\u00e9r\u00e9 la trag\u00e9die \u00e0 Nantes ?"},"content":{"rendered":"<p class=\"block date\" id=\"dateEtAuteur\">Publi\u00e9 : 12 novembre 2025 \u00e0 15h22 &#8211; Modifi\u00e9 : 12 novembre 2025 \u00e0 15h32 Charles  GUYARD <\/p>\n<p><img decoding=\"async\" class=\"\" style=\"width:100%\" src=\"https:\/\/www.europesays.com\/fr\/wp-content\/uploads\/2025\/11\/Camille_Dormegnies_directrice_de_FV_Nantes1762940446053.jpg\" alt=\"Camille Dormegnies, directrice de France Victimes \u00e0 Nantes\"\/><\/p>\n<p>Camille Dormegnies, directrice de France Victimes \u00e0 Nantes<\/p>\n<p>Cr\u00e9dit : Charles Guyard<\/p>\n<p>Plusieurs dizaines de victimes, directes ou indirectes, \u00e9tant originaires de la r\u00e9gion nantaise, l&rsquo;antenne locale de France Victimes s&rsquo;est charg\u00e9e de leur accompagnement, suite aux attaques du 13 novembre 2015 en France. <\/p>\n<p>Terrasses de caf\u00e9 mitraill\u00e9es, prise d&rsquo;otage sanglante au Bataclan, attentat suicide au Stade de France&#8230; Demain jeudi 13 novembre, cela fera 10 ans, jour pour jour, que le c\u0153ur de Paris et la Seine Saint-Denis ont \u00e9t\u00e9 frapp\u00e9s par des attaques terroristes sans pr\u00e9c\u00e9dent en France. Ces <a href=\"https:\/\/hitwest.ouest-france.fr\/arthur-denouveaux-vivre-apres-le-bataclan\" rel=\"noopener\" target=\"_blank\">attaques ont eu des r\u00e9percussions dans tout le pays<\/a> puisque des victimes \u00e9taient originaires de nombreuses r\u00e9gions.<\/p>\n<p>A Nantes, l&rsquo;antenne locale de France Victimes a accueilli plusieurs dizaines de personnes, soit des victimes de cette nuit tragique du 13 novembre 2015, soit des parents ou des proches endeuill\u00e9s.<\/p>\n<p>\u00a0<\/p>\n<blockquote><p>\nParmi les victimes, il y avait des \u00ab\u00a0impliqu\u00e9s\u00a0\u00bb\n<\/p><\/blockquote>\n<p>\u00a0<\/p>\n<p>Camille Dormegnies, la directrice de<a href=\"https:\/\/www.francevictimes44-nantes.fr\/\" rel=\"noopener\" target=\"_blank\"> France Victimes 44<\/a>, se souvient : \u00ab\u00a0les entretiens ont eu lieu au cours des mois suivant le 13 novembre de 2015. On pouvait recevoir des personnes qui \u00e9taient pr\u00e9sentes au Bataclan, sur les terrasses mais aussi \u00e0 Saint-Denis qui avaient \u00e9t\u00e9 bless\u00e9es physiquement. On avait aussi des personnes endeuill\u00e9es qui avaient perdu un proche. Et parmi les victimes, on avait ce qu&rsquo;on appelle des impliqu\u00e9s qui \u00e9taient sur place, et qui ont \u00e9t\u00e9 retenus en tant que victimes par la justice et par le fond de garantie, mais qui ne se sentaient pas victimes parce qu&rsquo;elles disaient \u00ab\u00a0ne pas se sentir l\u00e9gitimes\u00a0\u00bb. <\/p>\n<p>Elles trouvaient que c&rsquo;\u00e9tait moins pire que les personnes d\u00e9c\u00e9d\u00e9es ou bless\u00e9es physiquement. <strong>On avait aussi ce r\u00f4le de leur expliquer que la blessure psychique \u00e9tait importante et devait \u00eatre prise en compte, et que l&rsquo;association \u00e9tait l\u00e0 pour toutes ces personnes victimes.\u00a0\u00bb<\/strong><\/p>\n<p>Camille Dormegnies, directrice de France Victimes NantesCamille Dormegnies, directrice de France Victimes Nantes <\/p>\n<p>S&rsquo;agissant d&rsquo;actes de terrorisme, des faits qui ne sont pas habituellement trait\u00e9s \u00e0 Nantes, il a fallu adapter l&rsquo;accueil, l&rsquo;accompagnement et les conseils apport\u00e9s aux victimes. Avec ses \u00e9quipes de France Victimes Nantes, Camille Dormegnies, a ainsi \u00e9t\u00e9 confront\u00e9e \u00e0 de nouvelles proc\u00e9dures.<\/p>\n<blockquote><p>\n\u00ab\u00a0Il y a eu beaucoup de droits cr\u00e9\u00e9s \u00e0 ce moment-l\u00e0\u00a0\u00bb\n<\/p><\/blockquote>\n<p>\u00ab\u00a0C&rsquo;\u00e9tait quelque chose de tr\u00e8s exceptionnel, et de nouveau. D\u00e9j\u00e0,<strong> on avait une d\u00e9marche proactive : ce n&rsquo;est pas la victime qui nous appelait pour demander de l&rsquo;aide, c&rsquo;est nous qui l&rsquo;appelions parce qu&rsquo;on \u00e9tait saisis par la f\u00e9d\u00e9ration (de France Victimes).<\/strong> Ensuite, on avait beaucoup d&rsquo;informations \u00e0 transmettre sur les droits, et ces droits \u00e9voluaient au fur et \u00e0 mesure. Ce qui \u00e9tait int\u00e9ressant, c&rsquo;est que l&rsquo;on faisait du lien avec d&rsquo;autres r\u00e9f\u00e9rents attentats &#8211; actes de terrorisme au niveau de la CAF et de la CPAM, parce qu&rsquo;il y avait des droits S\u00e9cu particuliers. <\/p>\n<p>Apr\u00e8s, on avait des fiches sur tout ce qui \u00e9tait potentiellement droit notarial ou d&rsquo;acc\u00e8s au fond de garantie. On faisait au jour le jour, mais notre f\u00e9d\u00e9ration nous a \u00e9norm\u00e9ment aid\u00e9s l\u00e0-dessus. Quoi qu&rsquo;il en soit, il y a eu beaucoup de droits qui ont \u00e9t\u00e9 cr\u00e9\u00e9s \u00e0 ce moment-l\u00e0.\u00a0\u00bb<\/p>\n<p>Camille Dormegnies, directrice de France Victimes NantesCamille Dormegnies, directrice de France Victimes Nantes<img decoding=\"async\" class=\"\" style=\"width:100%\" src=\"https:\/\/www.europesays.com\/fr\/wp-content\/uploads\/2025\/11\/Accueil_de_France_Victimes_Nantes1762957506972.jpg\" alt=\"Accueil de France Victimes\"\/> <\/p>\n<p>Dix ans apr\u00e8s, si les souvenirs restent tristement intacts, les proc\u00e9dures sont bien assimil\u00e9es. A tel point que toutes les antennes locales de l&rsquo;association sont pr\u00eates et rod\u00e9es en cas de nouvelle trag\u00e9die d&rsquo;ampleur comme le confirme la directrice Camille Dormegnies. \u00ab\u00a0Je suis certaine que si \u00e7a devait se reproduire, on aurait de nouveau des \u00e9l\u00e9ments transmis par notre f\u00e9d\u00e9ration. Le lien avec les autres partenaires qui doivent intervenir en cas d&rsquo;\u00e9v\u00e8nement majeur a \u00e9t\u00e9 fait. <strong>On se conna\u00eet, on se reconna\u00eet, et on continue \u00e0 cultiver ces interconnaissances dans l&rsquo;objectif d&rsquo;\u00eatre le plus op\u00e9rationnel possible si \u00e7a devait arriver.<\/strong> <\/p>\n<p>\u00a0<\/p>\n<blockquote><p>\nUn num\u00e9ro d&rsquo;urgence en cas d&rsquo;attentat mis en place\n<\/p><\/blockquote>\n<p>\u00a0<\/p>\n<p>On n&rsquo;est plus dans le sch\u00e9ma classique de l&rsquo;information par rapport \u00e0 la proc\u00e9dure p\u00e9nale, le droit des victimes classique, on est sur quelque chose d&rsquo;exceptionnel. Dans chaque association de France Victimes, on a un r\u00e9f\u00e9rent et on a aussi mis en place un num\u00e9ro d&rsquo;urgence en cas d&rsquo;attentat. C&rsquo;est un num\u00e9ro qui permet au procureur de la R\u00e9publique de nous joindre 24h\/24 si jamais il y avait un \u00e9v\u00e8nement majeur. Et apr\u00e8s, l&rsquo;id\u00e9e va \u00eatre de faire du lien avec la CUM, la cellule d&rsquo;urgence m\u00e9dicopsychologique, c\u00f4t\u00e9 Samu et de voir \u00e0 quel moment il est n\u00e9cessaire qu&rsquo;on puisse venir porter \u00e0 des assistants.\u00a0\u00bb<\/p>\n<p>Camille Dormegnies, directrice de France Victimes NantesCamille Dormegnies, directrice de France Victimes Nantes <\/p>\n<p><strong>Plusieurs c\u00e9r\u00e9monies d&rsquo;hommage sont pr\u00e9vues ce jeudi \u00e0 Paris, mais aussi dans l&rsquo;ouest \u00e0 Quimper, Lorient, etc.<\/strong><\/p>\n<p>Les attentats du 13 novembre ont fait 130 morts et plusieurs centaines de bless\u00e9s.<\/p>\n","protected":false},"excerpt":{"rendered":"Publi\u00e9 : 12 novembre 2025 \u00e0 15h22 &#8211; Modifi\u00e9 : 12 novembre 2025 \u00e0 15h32 Charles GUYARD Camille&hellip;\n","protected":false},"author":2,"featured_media":530481,"comment_status":"","ping_status":"","sticky":false,"template":"","format":"standard","meta":{"footnotes":""},"categories":[2818],"tags":[1111,11,9821,23846,1777,674,1011,27,64964,766,12,2636,25,1254],"class_list":{"0":"post-530480","1":"post","2":"type-post","3":"status-publish","4":"format-standard","5":"has-post-thumbnail","7":"category-nantes","8":"tag-actu","9":"tag-actualites","10":"tag-attaques","11":"tag-attentats","12":"tag-eu","13":"tag-europe","14":"tag-fr","15":"tag-france","16":"tag-france-victimes","17":"tag-nantes","18":"tag-news","19":"tag-pays-de-la-loire","20":"tag-republique-francaise","21":"tag-terrorisme"},"share_on_mastodon":{"url":"https:\/\/pubeurope.com\/@fr\/115540439912291476","error":""},"_links":{"self":[{"href":"https:\/\/www.europesays.com\/fr\/wp-json\/wp\/v2\/posts\/530480","targetHints":{"allow":["GET"]}}],"collection":[{"href":"https:\/\/www.europesays.com\/fr\/wp-json\/wp\/v2\/posts"}],"about":[{"href":"https:\/\/www.europesays.com\/fr\/wp-json\/wp\/v2\/types\/post"}],"author":[{"embeddable":true,"href":"https:\/\/www.europesays.com\/fr\/wp-json\/wp\/v2\/users\/2"}],"replies":[{"embeddable":true,"href":"https:\/\/www.europesays.com\/fr\/wp-json\/wp\/v2\/comments?post=530480"}],"version-history":[{"count":0,"href":"https:\/\/www.europesays.com\/fr\/wp-json\/wp\/v2\/posts\/530480\/revisions"}],"wp:featuredmedia":[{"embeddable":true,"href":"https:\/\/www.europesays.com\/fr\/wp-json\/wp\/v2\/media\/530481"}],"wp:attachment":[{"href":"https:\/\/www.europesays.com\/fr\/wp-json\/wp\/v2\/media?parent=530480"}],"wp:term":[{"taxonomy":"category","embeddable":true,"href":"https:\/\/www.europesays.com\/fr\/wp-json\/wp\/v2\/categories?post=530480"},{"taxonomy":"post_tag","embeddable":true,"href":"https:\/\/www.europesays.com\/fr\/wp-json\/wp\/v2\/tags?post=530480"}],"curies":[{"name":"wp","href":"https:\/\/api.w.org\/{rel}","templated":true}]}}