{"id":530486,"date":"2025-11-13T04:14:17","date_gmt":"2025-11-13T04:14:17","guid":{"rendered":"https:\/\/www.europesays.com\/fr\/530486\/"},"modified":"2025-11-13T04:14:17","modified_gmt":"2025-11-13T04:14:17","slug":"toulouse-a-peine-inauguree-la-boutique-k-way-rue-de-metz-doit-deja-fermer-ses-portes-la-raison","status":"publish","type":"post","link":"https:\/\/www.europesays.com\/fr\/530486\/","title":{"rendered":"Toulouse. A peine inaugur\u00e9e, la boutique K-Way rue de Metz doit d\u00e9j\u00e0 fermer ses portes : la raison"},"content":{"rendered":"<p>                    Par<br \/>\n        <strong><br \/>\n            <a href=\"https:\/\/actu.fr\/auteur\/lea-afonso\" title=\"Consulter tous les articles de L\u00e9a Afonso\" target=\"_blank\" rel=\"noopener\">L\u00e9a Afonso<\/a><br \/>\n                    <\/strong><\/p>\n<p>        Publi\u00e9 le<\/p>\n<p>            12 nov. 2025 \u00e0 18h24        <\/p>\n<p>Alors qu\u2019elle vient tout juste d\u2019ouvrir au public fin octobre\u00a02025,<a href=\"https:\/\/actu.fr\/occitanie\/toulouse_31555\/cette-marque-va-ouvrir-une-boutique-iconique-et-spectaculaire-dans-le-centre-ville-de-toulouse_63110539.html\" target=\"_blank\" rel=\"noopener\"> la <strong>boutique K-Way<\/strong><\/a> situ\u00e9e <a href=\"https:\/\/actu.fr\/occitanie\/toulouse_31555\/toulouse-nouveaux-commerces-frequentation-premier-bilan-mitige-rue-de-metz-apres-la-fin-des-travaux_63207253.html\" target=\"_blank\" rel=\"noopener\">rue de Metz<\/a> \u00e0 <a href=\"https:\/\/actu.fr\/toulouse\/\" target=\"_blank\" rel=\"noopener\">Toulouse<\/a>, a d\u00e9j\u00e0 d\u00fb<strong> fermer ses portes.<\/strong> La raison\u2009? Un <strong>arr\u00eat\u00e9 de mise en s\u00e9curit\u00e9<\/strong> pris par la mairie de Toulouse le 6\u00a0novembre 2025, interdisant l\u2019acc\u00e8s \u00e0 la boutique\u2026 mais pas que. Explications.<\/p>\n<p>Un balcon jug\u00e9 dangereux<\/p>\n<p class=\" wall-content\">Le 6\u00a0novembre 2025, la mairie de Toulouse a pris un arr\u00eat\u00e9 de mise en s\u00e9curit\u00e9 visant le <strong>25 rue de Metz,<\/strong> un immeuble de trois \u00e9tages abritant plusieurs commerces en rez-de-chauss\u00e9e, dont K-Way. Selon<a href=\"https:\/\/deliberations.toulouse.fr\/data\/archive\/20251106_VILLE_ARRETE_ARVT-25-1404.pdf\" target=\"_blank\" rel=\"noopener\"> le document officiel,<\/a> consult\u00e9 par Actu Toulouse, les pompiers ont signal\u00e9 un <strong>risque d\u2019effondrement du garde-corps du balcon du premier \u00e9tage<\/strong>.<\/p>\n<p class=\" wall-content\">Le service municipal des Immeubles mena\u00e7ant ruine (IMR), d\u00e9p\u00each\u00e9 sur place le 4\u00a0novembre, a constat\u00e9\u2009:<\/p>\n<p class=\" wall-content\">\u00ab\u2009Un garde-corps filant en pierre situ\u00e9 au 1\u1d49\u02b3 \u00e9tage pr\u00e9sente un \u00e9tat de d\u00e9gradation avanc\u00e9\u2009: balustres cass\u00e9s, remplissages fractur\u00e9s et d\u00e9versement vers l\u2019ext\u00e9rieur de la main courante dans la partie courbe \u00e0 l\u2019angle de la rue de Metz et de la rue des Arts\u2009\u00bb. Le rapport \u00e9voque \u00e9galement \u00ab\u2009un <strong>risque de basculement de l\u2019ensemble du garde-corps<\/strong> sur la voirie publique\u2009\u00bb et des \u00ab<strong>\u2009signes de v\u00e9tust\u00e9<\/strong>\u2009\u00bb sur les autres sections du balcon.<\/p>\n<p>    <img   decoding=\"async\" loading=\"lazy\" src=\"https:\/\/www.europesays.com\/fr\/wp-content\/uploads\/2025\/11\/perimetre-securite-960x640.jpeg\" alt=\"Un p\u00e9rim\u00e8tre de s\u00e9curit\u00e9 a \u00e9t\u00e9 mis en place \u00e0 l'aide  de barri\u00e8res. \" width=\"960\" height=\"640\"\/><br \/>\n    Un p\u00e9rim\u00e8tre de s\u00e9curit\u00e9 a \u00e9t\u00e9 mis en place \u00e0 l\u2019aide de barri\u00e8res. (\u00a9L\u00e9a Afonso \/ Actu Toulouse)Vid\u00e9os : en ce moment sur ActuFermeture imm\u00e9diate des commerces<\/p>\n<p class=\" wall-content\">Face \u00e0 ces constats, la mairie a ordonn\u00e9 la mise en s\u00e9curit\u00e9 du b\u00e2timent\u2009: \u00ab<strong>\u2009interdiction d\u2019acc\u00e9der et d\u2019utiliser le balcon du 1er \u00e9tage<\/strong> (Lots 25-26) jusqu\u2019\u00e0 la r\u00e9alisation des travaux d\u00e9finitifs, et <strong>l\u2019interdiction d\u2019acc\u00e9der et d\u2019exploiter les boutiques \u00ab\u2009K-Way\u2009\u00bb et \u00ab\u2009Arsennes et les Pipettes\u2009\u00bb<\/strong> en rez-de-chauss\u00e9e\u2009\u00bb, indique-t-elle dans son arr\u00eat\u00e9.<\/p>\n<p class=\" wall-content\">Les deux boutiques ont donc d\u00fb fermer leurs portes jusqu\u2019\u00e0 nouvel ordre, le temps que des travaux soient r\u00e9alis\u00e9s.<\/p>\n<p>Votre r\u00e9gion, votre actu !<\/p>\n<p>Recevez chaque jour les infos qui comptent pour vous.<\/p>\n<p>\t<a href=\"https:\/\/actu.fr\/newsletter\" class=\"ac-btn ac-btn--corner ac-btn--medium ac-btn--blue800\" target=\"_blank\" rel=\"noopener\">S&rsquo;incrire<\/a><\/p>\n<p>    <img   decoding=\"async\" loading=\"lazy\" src=\"https:\/\/www.europesays.com\/fr\/wp-content\/uploads\/2025\/11\/k-way3-960x640.jpeg\" alt=\"K-Way affiche porte close depuis plusieurs jours, jusqu'\u00e0 ce que les travaux soient r\u00e9alis\u00e9s et l'arr\u00eat\u00e9 lev\u00e9.\" width=\"960\" height=\"640\"\/><br \/>\n    K-Way affiche porte close depuis plusieurs jours, jusqu\u2019\u00e0 ce que les travaux soient r\u00e9alis\u00e9s et l\u2019arr\u00eat\u00e9 lev\u00e9. (\u00a9L\u00e9a Afonso \/ Actu Toulouse)Travaux en cours, mais r\u00e9ouverture encore incertaine<\/p>\n<p class=\" wall-content\">Six jours apr\u00e8s la publication de l\u2019arr\u00eat\u00e9, ce mercredi 12\u00a0novembre 2025, la situation reste inchang\u00e9e\u2009: les <strong>commerces sont toujours ferm\u00e9s<\/strong> et un <strong>p\u00e9rim\u00e8tre de s\u00e9curit\u00e9<\/strong> balis\u00e9 emp\u00eache les passants de s\u2019approcher de la fa\u00e7ade.<\/p>\n<p class=\" wall-content\">Sur place, les <strong>travaux de s\u00e9curisation ont commenc\u00e9.<\/strong>\u00a0Le <strong>balcon<\/strong> du premier \u00e9tage a \u00e9t\u00e9 <strong>d\u00e9mont\u00e9<\/strong>, laissant les fen\u00eatres sans garde-corps. Des ouvriers poursuivent l\u2019intervention, mais <strong>aucune date de r\u00e9ouverture n\u2019a encore \u00e9t\u00e9 communiqu\u00e9e. \u00ab\u2009Fermeture exceptionnelle\u2009\u00bb <\/strong>r\u00e9side sur le site du fameux coupe-vent.<\/p>\n<p>    <img   decoding=\"async\" loading=\"lazy\" src=\"https:\/\/www.europesays.com\/fr\/wp-content\/uploads\/2025\/11\/k-way2-960x640.jpeg\" alt=\"Les travaux du balcon ont d\u00e9but\u00e9.  \" width=\"960\" height=\"640\"\/><br \/>\n    Les travaux du balcon ont d\u00e9but\u00e9. (\u00a9L\u00e9a Afonso \/ Actu Toulouse)<\/p>\n<p class=\" wall-content\">Un audit approfondi de l\u2019ensemble du garde-corps du premier \u00e9tage doit \u00eatre men\u00e9 par une entreprise sp\u00e9cialis\u00e9e avant toute d\u00e9cision sur la suite des op\u00e9rations.<\/p>\n<p>Pas d\u2019\u00e9vacuation d\u2019habitants<\/p>\n<p class=\" wall-content\">\u00c0 noter toutefois\u2009: <strong>aucune habitation n\u2019a \u00e9t\u00e9 \u00e9vacu\u00e9e<\/strong>. Le danger ne concerne que la structure du balcon, sans risque imm\u00e9diat pour les logements situ\u00e9s aux \u00e9tages sup\u00e9rieurs.<\/p>\n<p class=\" wall-content\">Personnalisez votre actualit\u00e9 en ajoutant vos villes et m\u00e9dias en favori avec <a href=\"https:\/\/moncompte.actu.fr\" title=\"D\u00e9couvez Mon Actu\" rel=\"nofollow noopener\" data-trk=\"{&quot;cta&quot;:{&quot;action&quot;:&quot;https:\\\/\\\/moncompte.actu.fr&quot;,&quot;category&quot;:&quot;mon compte&quot;,&quot;from&quot;:&quot;article footer&quot;,&quot;name&quot;:&quot;Mon actu&quot;,&quot;type&quot;:&quot;cta&quot;}}\" target=\"_blank\">Mon Actu<\/a>.<\/p>\n","protected":false},"excerpt":{"rendered":"Par L\u00e9a Afonso Publi\u00e9 le 12 nov. 2025 \u00e0 18h24 Alors qu\u2019elle vient tout juste d\u2019ouvrir au public&hellip;\n","protected":false},"author":2,"featured_media":530487,"comment_status":"","ping_status":"","sticky":false,"template":"","format":"standard","meta":{"footnotes":""},"categories":[2816],"tags":[1111,11,215,1777,674,1011,27,12,2849,2680,25,104,2312,1352],"class_list":{"0":"post-530486","1":"post","2":"type-post","3":"status-publish","4":"format-standard","5":"has-post-thumbnail","7":"category-toulouse","8":"tag-actu","9":"tag-actualites","10":"tag-commerce","11":"tag-eu","12":"tag-europe","13":"tag-fr","14":"tag-france","15":"tag-news","16":"tag-nouveaux-commerces-a-toulouse","17":"tag-occitanie","18":"tag-republique-francaise","19":"tag-societe","20":"tag-toulouse","21":"tag-urbanisme"},"share_on_mastodon":{"url":"https:\/\/pubeurope.com\/@fr\/115540451435658105","error":""},"_links":{"self":[{"href":"https:\/\/www.europesays.com\/fr\/wp-json\/wp\/v2\/posts\/530486","targetHints":{"allow":["GET"]}}],"collection":[{"href":"https:\/\/www.europesays.com\/fr\/wp-json\/wp\/v2\/posts"}],"about":[{"href":"https:\/\/www.europesays.com\/fr\/wp-json\/wp\/v2\/types\/post"}],"author":[{"embeddable":true,"href":"https:\/\/www.europesays.com\/fr\/wp-json\/wp\/v2\/users\/2"}],"replies":[{"embeddable":true,"href":"https:\/\/www.europesays.com\/fr\/wp-json\/wp\/v2\/comments?post=530486"}],"version-history":[{"count":0,"href":"https:\/\/www.europesays.com\/fr\/wp-json\/wp\/v2\/posts\/530486\/revisions"}],"wp:featuredmedia":[{"embeddable":true,"href":"https:\/\/www.europesays.com\/fr\/wp-json\/wp\/v2\/media\/530487"}],"wp:attachment":[{"href":"https:\/\/www.europesays.com\/fr\/wp-json\/wp\/v2\/media?parent=530486"}],"wp:term":[{"taxonomy":"category","embeddable":true,"href":"https:\/\/www.europesays.com\/fr\/wp-json\/wp\/v2\/categories?post=530486"},{"taxonomy":"post_tag","embeddable":true,"href":"https:\/\/www.europesays.com\/fr\/wp-json\/wp\/v2\/tags?post=530486"}],"curies":[{"name":"wp","href":"https:\/\/api.w.org\/{rel}","templated":true}]}}