{"id":530488,"date":"2025-11-13T04:15:17","date_gmt":"2025-11-13T04:15:17","guid":{"rendered":"https:\/\/www.europesays.com\/fr\/530488\/"},"modified":"2025-11-13T04:15:17","modified_gmt":"2025-11-13T04:15:17","slug":"meteo-le-vent-va-t-il-continuer-de-souffler-sur-toulouse-et-sur-loccitanie-ce-jeudi","status":"publish","type":"post","link":"https:\/\/www.europesays.com\/fr\/530488\/","title":{"rendered":"M\u00e9t\u00e9o. Le vent va-t-il continuer de souffler sur Toulouse et sur l&rsquo;Occitanie ce jeudi\u00a0?"},"content":{"rendered":"<p>                    Par<br \/>\n        <strong><br \/>\n            <a href=\"https:\/\/actu.fr\/auteur\/redaction-toulouse\" title=\"Consulter tous les articles de R\u00e9daction de Toulouse\" rel=\"nofollow noopener\" target=\"_blank\">R\u00e9daction de Toulouse<\/a><br \/>\n                    <\/strong><\/p>\n<p>        Publi\u00e9 le<\/p>\n<p>            13 nov. 2025 \u00e0 5h04        <\/p>\n<p>Depuis ce mercredi 12 novembre, les rafales de vent secouent la Ville rose. Vont-elles continuer \u00e0 souffler sur Toulouse et l\u2019Occitanie, le jeudi 13 novembre ? On fait le point.\u00a0<\/p>\n<p>La m\u00e9t\u00e9o \u00e0 Toulouse<\/p>\n<p class=\" wall-content\">Le soleil devrait briller sur la Ville rose ce jeudi matin, avec 18 degr\u00e9s attendus. L\u2019apr\u00e8s-midi, 19\u00b0C sont annonc\u00e9s par M\u00e9t\u00e9o France, sous un ciel voil\u00e9. Des rafales de vent \u00e0 70 km\/h sont attendues le matin, et elles devraient monter jusqu\u2019\u00e0 85 km\/h, dans l\u2019apr\u00e8s-midi et dans la soir\u00e9e.\u00a0<\/p>\n<p>    <img   decoding=\"async\" loading=\"lazy\" src=\"https:\/\/www.europesays.com\/fr\/wp-content\/uploads\/2025\/11\/meteo-toulouse-960x640.jpg\" alt=\"Les pr\u00e9visions \u00e0 Toulouse ce jeudi.\" width=\"960\" height=\"640\"\/><br \/>\n    Les pr\u00e9visions \u00e0 Toulouse ce jeudi. (\u00a9M\u00e9t\u00e9o France)Et en Occitanie<\/p>\n<p class=\" wall-content\">Dans la r\u00e9gion, il devrait faire 18\u00b0C \u00e0 Foix et Saint-Gaudens, 20\u00b0C \u00e0 l\u2019ouest (Hautes-Pyr\u00e9n\u00e9es, Gers, Tarn-et-Garonne et Lot), 12\u00b0C \u00e0 Laguiole et 15\u00b0C \u00e0 Rodez, et plus au sud, jusqu\u2019\u00e0 22\u00b0C \u00e0 Tarbes.\u00a0<\/p>\n<p>    <img   decoding=\"async\" loading=\"lazy\" src=\"https:\/\/www.europesays.com\/fr\/wp-content\/uploads\/2025\/11\/meteo-occitanie-960x640.jpg\" alt=\"Les pr\u00e9visions m\u00e9t\u00e9o en Occitanie ce jeudi. \" width=\"960\" height=\"640\"\/><br \/>\n    Les pr\u00e9visions m\u00e9t\u00e9o en Occitanie ce jeudi. (\u00a9M\u00e9t\u00e9o France)<\/p>\n<p class=\" wall-content\">C\u00f4t\u00e9 vent, les rafales les plus fortes sont attendues \u00e0 Toulouse, Castres, Rodez, Carcassonne et Laguiole, allant jusqu\u2019\u00e0 80 km\/h.\u00a0<\/p>\n<p class=\" wall-content\">Personnalisez votre actualit\u00e9 en ajoutant vos villes et m\u00e9dias en favori avec <a href=\"https:\/\/moncompte.actu.fr\" title=\"D\u00e9couvez Mon Actu\" rel=\"nofollow noopener\" data-trk=\"{&quot;cta&quot;:{&quot;action&quot;:&quot;https:\\\/\\\/moncompte.actu.fr&quot;,&quot;category&quot;:&quot;mon compte&quot;,&quot;from&quot;:&quot;article footer&quot;,&quot;name&quot;:&quot;Mon actu&quot;,&quot;type&quot;:&quot;cta&quot;}}\" target=\"_blank\">Mon Actu<\/a>.<\/p>\n","protected":false},"excerpt":{"rendered":"Par R\u00e9daction de Toulouse Publi\u00e9 le 13 nov. 2025 \u00e0 5h04 Depuis ce mercredi 12 novembre, les rafales&hellip;\n","protected":false},"author":2,"featured_media":530489,"comment_status":"","ping_status":"","sticky":false,"template":"","format":"standard","meta":{"footnotes":""},"categories":[2816],"tags":[1111,11,1777,674,1011,27,2487,2357,12,2680,25,2312],"class_list":{"0":"post-530488","1":"post","2":"type-post","3":"status-publish","4":"format-standard","5":"has-post-thumbnail","7":"category-toulouse","8":"tag-actu","9":"tag-actualites","10":"tag-eu","11":"tag-europe","12":"tag-fr","13":"tag-france","14":"tag-meteo","15":"tag-meteo-france","16":"tag-news","17":"tag-occitanie","18":"tag-republique-francaise","19":"tag-toulouse"},"share_on_mastodon":{"url":"https:\/\/pubeurope.com\/@fr\/115540454638864642","error":""},"_links":{"self":[{"href":"https:\/\/www.europesays.com\/fr\/wp-json\/wp\/v2\/posts\/530488","targetHints":{"allow":["GET"]}}],"collection":[{"href":"https:\/\/www.europesays.com\/fr\/wp-json\/wp\/v2\/posts"}],"about":[{"href":"https:\/\/www.europesays.com\/fr\/wp-json\/wp\/v2\/types\/post"}],"author":[{"embeddable":true,"href":"https:\/\/www.europesays.com\/fr\/wp-json\/wp\/v2\/users\/2"}],"replies":[{"embeddable":true,"href":"https:\/\/www.europesays.com\/fr\/wp-json\/wp\/v2\/comments?post=530488"}],"version-history":[{"count":0,"href":"https:\/\/www.europesays.com\/fr\/wp-json\/wp\/v2\/posts\/530488\/revisions"}],"wp:featuredmedia":[{"embeddable":true,"href":"https:\/\/www.europesays.com\/fr\/wp-json\/wp\/v2\/media\/530489"}],"wp:attachment":[{"href":"https:\/\/www.europesays.com\/fr\/wp-json\/wp\/v2\/media?parent=530488"}],"wp:term":[{"taxonomy":"category","embeddable":true,"href":"https:\/\/www.europesays.com\/fr\/wp-json\/wp\/v2\/categories?post=530488"},{"taxonomy":"post_tag","embeddable":true,"href":"https:\/\/www.europesays.com\/fr\/wp-json\/wp\/v2\/tags?post=530488"}],"curies":[{"name":"wp","href":"https:\/\/api.w.org\/{rel}","templated":true}]}}