{"id":53049,"date":"2025-04-26T00:21:08","date_gmt":"2025-04-26T00:21:08","guid":{"rendered":"https:\/\/www.europesays.com\/fr\/53049\/"},"modified":"2025-04-26T00:21:08","modified_gmt":"2025-04-26T00:21:08","slug":"meteo-en-isere-le-temps-va-se-gater-dans-les-prochains-jours-a-quoi-sattendre","status":"publish","type":"post","link":"https:\/\/www.europesays.com\/fr\/53049\/","title":{"rendered":"M\u00e9t\u00e9o en Is\u00e8re. Le temps va se g\u00e2ter dans les prochains jours : \u00e0 quoi s&rsquo;attendre"},"content":{"rendered":"<p>            Par<br \/>\n        <strong><br \/>\n            <a href=\"https:\/\/actu.fr\/auteur\/julien-sournies\" title=\"Consulter tous les articles de Julien Sournies\" target=\"_blank\" rel=\"noopener\">Julien Sournies<\/a><br \/>\n        <\/strong><\/p>\n<p>        Publi\u00e9 le<\/p>\n<p>            25 avr. 2025 \u00e0 14h17        <\/p>\n<p>Depuis le d\u00e9but du printemps, il est devenu difficile de s\u2019habiller en <a href=\"https:\/\/actu.fr\/auvergne-rhone-alpes\/isere_38\" target=\"_blank\" rel=\"noopener\">Is\u00e8re<\/a>. Neige, pluie, soleil, orages\u2026 La <strong>m\u00e9t\u00e9o ne cesse de varier<\/strong> ces derni\u00e8res semaines, et ce sera encore le cas ce week-end dans l\u2019ensemble du d\u00e9partement is\u00e9rois.<\/p>\n<p class=\" wall-content\">Voici \u00e0 quoi s\u2019attendre selon les pr\u00e9visions de <a href=\"https:\/\/actu.fr\/tag\/meteo-france\" target=\"_blank\" rel=\"noopener\">M\u00e9t\u00e9o France<\/a>.<\/p>\n<p>De la pluie tout le week-end en Is\u00e8re<\/p>\n<p class=\" wall-content\">Si le ciel is\u00e9rois fait la part belle au soleil en ce vendredi 25\u00a0avril, le temps va en effet drastiquement se g\u00e2ter \u00e0 partir de ce samedi 26\u00a0avril. D\u2019apr\u00e8s M\u00e9t\u00e9o France, des <strong>averses orageuses<\/strong> sont attendues sur le centre-sud du d\u00e9partement \u00e0 compter de l\u2019apr\u00e8s-midi. Si les \u00e9clairs vont progressivement dispara\u00eetre, l\u2019\u00e9pisode pluvieux va se poursuivre tout au long de la <strong>soir\u00e9e<\/strong>.<\/p>\n<p class=\" wall-content\">Du c\u00f4t\u00e9 des temp\u00e9ratures, le mercure atteindra les <strong>19\u00b0C \u00e0 son maximum<\/strong> dans les environs de <a href=\"https:\/\/actu.fr\/grenoble\/\" target=\"_blank\" rel=\"noopener\">Grenoble<\/a> au cours de la journ\u00e9e de samedi.<\/p>\n<p class=\" wall-content\">Quant \u00e0 la journ\u00e9e de dimanche 27 avril, une pluie faible va s\u2019abattre sur la majeure partie de l\u2019Is\u00e8re \u00e0 partir du matin jusqu\u2019en d\u00e9but de soir\u00e9e. Le thermom\u00e8tre quant \u00e0 lui affichera, \u00e0 l\u2019instar de la veille, jusqu\u2019\u00e0 19\u00b0C dans le nord Is\u00e8re.<\/p>\n<p>Vid\u00e9os : en ce moment sur ActuDes orages la semaine prochaine<\/p>\n<p class=\" wall-content\">Mais le pire reste \u00e0 venir. En effet, selon M\u00e9t\u00e9o France, des <strong>orages<\/strong> vont s\u00e9vir sur le d\u00e9partement \u00e0 partir du d\u00e9but de la semaine prochaine. En d\u00e9pit des averses et du tonnerre, la temp\u00e9rature sera plut\u00f4t \u00e9lev\u00e9e, o\u00f9 21\u00b0C seront attendus \u00e0 de nombreux endroits.<\/p>\n<p class=\" wall-content\">Toutefois, il va falloir attendre jusqu\u2019au jeudi 1er\u00a0mai avant que le soleil ne fasse son grand retour.<\/p>\n<p class=\" wall-content\">Suivez toute l\u2019actualit\u00e9 de vos villes et m\u00e9dias favoris en vous inscrivant \u00e0 <a href=\"https:\/\/moncompte.actu.fr\" title=\"D\u00e9couvez Mon Actu\" rel=\"nofollow noopener\" data-trk=\"{&quot;cta&quot;:{&quot;action&quot;:&quot;https:\\\/\\\/moncompte.actu.fr&quot;,&quot;category&quot;:&quot;mon compte&quot;,&quot;from&quot;:&quot;article footer&quot;,&quot;name&quot;:&quot;Mon actu&quot;,&quot;type&quot;:&quot;cta&quot;}}\" target=\"_blank\">Mon Actu<\/a>.<\/p>\n","protected":false},"excerpt":{"rendered":"Par Julien Sournies Publi\u00e9 le 25 avr. 2025 \u00e0 14h17 Depuis le d\u00e9but du printemps, il est devenu&hellip;\n","protected":false},"author":2,"featured_media":53050,"comment_status":"","ping_status":"","sticky":false,"template":"","format":"standard","meta":{"footnotes":""},"categories":[9566],"tags":[1111,11,2430,1777,674,1011,27,2731,2487,2357,12,4459,25],"class_list":{"0":"post-53049","1":"post","2":"type-post","3":"status-publish","4":"format-standard","5":"has-post-thumbnail","7":"category-grenoble","8":"tag-actu","9":"tag-actualites","10":"tag-auvergne-rhone-alpes","11":"tag-eu","12":"tag-europe","13":"tag-fr","14":"tag-france","15":"tag-grenoble","16":"tag-meteo","17":"tag-meteo-france","18":"tag-news","19":"tag-pluie","20":"tag-republique-francaise"},"share_on_mastodon":{"url":"https:\/\/pubeurope.com\/@fr\/114401410012106455","error":""},"_links":{"self":[{"href":"https:\/\/www.europesays.com\/fr\/wp-json\/wp\/v2\/posts\/53049","targetHints":{"allow":["GET"]}}],"collection":[{"href":"https:\/\/www.europesays.com\/fr\/wp-json\/wp\/v2\/posts"}],"about":[{"href":"https:\/\/www.europesays.com\/fr\/wp-json\/wp\/v2\/types\/post"}],"author":[{"embeddable":true,"href":"https:\/\/www.europesays.com\/fr\/wp-json\/wp\/v2\/users\/2"}],"replies":[{"embeddable":true,"href":"https:\/\/www.europesays.com\/fr\/wp-json\/wp\/v2\/comments?post=53049"}],"version-history":[{"count":0,"href":"https:\/\/www.europesays.com\/fr\/wp-json\/wp\/v2\/posts\/53049\/revisions"}],"wp:featuredmedia":[{"embeddable":true,"href":"https:\/\/www.europesays.com\/fr\/wp-json\/wp\/v2\/media\/53050"}],"wp:attachment":[{"href":"https:\/\/www.europesays.com\/fr\/wp-json\/wp\/v2\/media?parent=53049"}],"wp:term":[{"taxonomy":"category","embeddable":true,"href":"https:\/\/www.europesays.com\/fr\/wp-json\/wp\/v2\/categories?post=53049"},{"taxonomy":"post_tag","embeddable":true,"href":"https:\/\/www.europesays.com\/fr\/wp-json\/wp\/v2\/tags?post=53049"}],"curies":[{"name":"wp","href":"https:\/\/api.w.org\/{rel}","templated":true}]}}