{"id":530490,"date":"2025-11-13T04:16:31","date_gmt":"2025-11-13T04:16:31","guid":{"rendered":"https:\/\/www.europesays.com\/fr\/530490\/"},"modified":"2025-11-13T04:16:31","modified_gmt":"2025-11-13T04:16:31","slug":"les-stars-et-gros-evenements-a-ne-pas-manquer","status":"publish","type":"post","link":"https:\/\/www.europesays.com\/fr\/530490\/","title":{"rendered":"les stars et gros \u00e9v\u00e9nements \u00e0 ne pas manquer"},"content":{"rendered":"<p>                    Par<br \/>\n        <strong><br \/>\n            <a href=\"https:\/\/actu.fr\/auteur\/amandine-vachez\" title=\"Consulter tous les articles de Amandine Vachez\" target=\"_blank\" rel=\"noopener\">Amandine Vachez<\/a><br \/>\n                    <\/strong><\/p>\n<p>        Publi\u00e9 le<\/p>\n<p>            12 nov. 2025 \u00e0 10h50        <\/p>\n<p>Que vous soyez amateurs de salons th\u00e9matiques, de <a href=\"https:\/\/actu.fr\/loisirs-culture\/concert\" target=\"_blank\" rel=\"noopener\">concerts<\/a> et autres <a href=\"https:\/\/actu.fr\/tag\/spectacles\" target=\"_blank\" rel=\"noopener\">spectacles<\/a>, vous devriez trouver un ou plusieurs \u00e9v\u00e9nements \u00e0 votre go\u00fbt, dans la<b> saison 2025-2026<\/b> de <a href=\"https:\/\/actu.fr\/tag\/lille-grand-palais\" target=\"_blank\" rel=\"noopener\">Lille Grand Palais<\/a>. Le lieu unique en son genre, abritant \u00e0 la fois un <b>palais des congr\u00e8s<\/b>, des <b>halls d\u2019exposition<\/b> et plusieurs <b>salles de spectacles <\/b>dont le <a href=\"https:\/\/actu.fr\/tag\/zenith-de-lille\" target=\"_blank\" rel=\"noopener\">Z\u00e9nith<\/a>, a dans son agenda<b> plus de 300 \u00e9v\u00e9nements d\u2019ici l\u2019\u00e9t\u00e9 2026<\/b>. Les stars et gros temps forts \u00e0 noter\u2009!<\/p>\n<p>Salons et conventions (re) connues<\/p>\n<p class=\" wall-content\">Il y a d\u00e9j\u00e0 des incontournables dans l\u2019ann\u00e9e, au Grand Palais, comme la<b> Lille Tattoo Convention<\/b>, 2e plus grande du genre en France apr\u00e8s le salon du tatouage de Paris. Elle se tiendra les 23, 24 et 25\u00a0janvier 2026, avec\u2009: plus de 500 tatoueurs pr\u00e9sents, des tattoos flash, performances, concours, concerts et autres animations.<\/p>\n<p class=\" wall-content\">La foire d\u2019art contemporain<b> Art Up\u2009! <\/b>est pr\u00e9vue du 12 au 15\u00a0mars\u2009; l\u2019occasion de d\u00e9couvrir ce qui fait l\u2019actualit\u00e9 en la mati\u00e8re\u2009: parcourir les stands de galeristes, rencontrer des artistes, d\u00e9couvrir des \u0153uvres et profiter d\u2019animations et de performances.<\/p>\n<p class=\" wall-content\">Ces derniers sont des \u00e9v\u00e9nements cr\u00e9\u00e9s par Lille Grand Palais. L\u2019endroit accueille aussi des incontournables, comme le <b>Salon des vignerons ind\u00e9pendants <\/b>bient\u00f4t de retour, du 21 au 24\u00a0novembre 2025, les<b> Geek Days<\/b> dont la version hivernale se tiendra les 6 et 7\u00a0d\u00e9cembre 2025, ou encore<b> Tourissima<\/b>, du 30\u00a0janvier au 1er\u00a0f\u00e9vrier.<\/p>\n<p>Musique actuelle et grands retours<\/p>\n<p class=\" wall-content\">C\u00f4t\u00e9 Z\u00e9nith et dans les th\u00e9\u00e2tres du Grand Palais, la programmation est tr\u00e8s charg\u00e9e et \u00e9clectique\u2009! Apr\u00e8s les concerts complets de<b> Julien Dor\u00e9<\/b> (qui revient le 10\u00a0avril) et Gims, on pourra voir <b>Simply Red<\/b> le 18\u00a0novembre et <b>M. Pokora <\/b>le 22 et le 30.<b> Orelsan<\/b>, qui a fait s\u2019affoler la billetterie (les trois jours sont complets), ou encore <b>Garou<\/b>, les 3 et 4\u00a0mars, <b>J\u00e9r\u00e9my Fr\u00e9rot<\/b> le jour suivant,<b> Vanessa Paradis <\/b>le 5\u00a0avril et<b> Florent Pagny<\/b> d\u00e9but juin.<\/p>\n<p class=\" wall-content\"><b>Ril\u00e8s <\/b>et <b>Bekar <\/b>sont aussi \u00e0 l\u2019affiche fin janvier, et f\u00e9vrier commencera fort avec <b>Feu\u2009! Chatterton, La Fouine <\/b>et<b> Clara Luciani. Mika, Louane, Santa, lara Fabian, Ben Mazu\u00e9, Thylacine, Kendji Girac, Zaz<\/b>\u2026. La programmation est riche est vari\u00e9e.<\/p>\n<p class=\" wall-content\">Enfin, les nostalgiques pourront profiter du concert hommage <b>G\u00e9n\u00e9ration C\u00e9line<\/b>, reprenant les plus grands succ\u00e8s de C\u00e9line Dion. Sans oublier les retours de <b>Lorie<\/b> et <b>Aliz\u00e9e,<\/b> et les concerts th\u00e9matiques comme <b>Stars 80<\/b> et la<b> tourn\u00e9e des ann\u00e9es 2000\u2009<\/b>!<\/p>\n<p>Votre r\u00e9gion, votre actu !<\/p>\n<p>Recevez chaque jour les infos qui comptent pour vous.<\/p>\n<p>\t<a href=\"https:\/\/actu.fr\/newsletter\" class=\"ac-btn ac-btn--corner ac-btn--medium ac-btn--blue800\" target=\"_blank\" rel=\"noopener\">S&rsquo;incrire<\/a><br \/>\nStar Ac\u2019 et anciens de l\u2019\u00e9mission<\/p>\n<p class=\" wall-content\">Il n\u2019affiche pas encore complet mais nul doute que les fans seront pr\u00e9sents pour le concert de la<b> Star Academy<\/b>, \u00ab\u2009tout 2026\u2009\u00bb, le 28\u00a0f\u00e9vrier.<b> <\/b>L\u2019ancienne gagnante originaire de la r\u00e9gion <b>Marine<\/b> se produira de son c\u00f4t\u00e9 de 9\u00a0juin, et <b>Pierre Garnier<\/b> tr\u00e8s bient\u00f4t\u2009: le 3\u00a0d\u00e9cembre.<\/p>\n<p>Humour et illusion<\/p>\n<p class=\" wall-content\">En humour, <b>Dany Boon <\/b>fait son grand retour sur sc\u00e8ne avec Clown n\u2019est pas un m\u00e9tier, le 18\u00a0d\u00e9cembre (complet) et les deux jours suivants.<b> \u00c9lodie Poux <\/b>assurera la bonne soir\u00e9e pour le 14\u00a0f\u00e9vrier (pile le jour de la Saint-Valentin) et d\u00e9but et fin mars,<b> Fabrice \u00c9bou\u00e9<\/b> testera son nouveau spectacle sur le public lillois\u2009! Pendant trois jours, <b>Paul Mirabel<\/b> se confiera \u00e0 vous dans Par amour. Deux dates affichent d\u00e9j\u00e0 complet, il reste des places pour le 8\u00a0mars\u2009! <b>Pierre Thevenoux <\/b>est aussi \u00e0 l\u2019affiche, le 18\u00a0mars.<\/p>\n<p class=\" wall-content\">Dans un tout autre style, l\u2019hypnotiseur <b>Messmer <\/b>vous invite \u00e0 exp\u00e9rimenter son nouveau spectacle les 6 et 7\u00a0juin.<\/p>\n<p>Vos h\u00e9ros favoris<\/p>\n<p class=\" wall-content\">Vous pourrez vous laisser emporter par la magie d\u2019univers oniriques, avec le concert des <b>studios Ghibli<\/b>, en hommage \u00e0 la musique de Joe Hisaishi le 21\u00a0novembre. Un autre sera donn\u00e9 le 26\u00a0f\u00e9vrier, par un orchestre symphonique. Des \u00e9v\u00e9nements qui s\u2019annoncent exceptionnels\u2009! <b>Disney<\/b> s\u2019invite aussi au Z\u00e9nith le 29 novembre prochain, pour un \u00ab\u2009tour du monde\u2009\u00bb en musique, avant le spectacle <b>Disney sur glace <\/b>R\u00eavons ensemble, du 14 au 18\u00a0janvier 2026.<\/p>\n<p class=\" wall-content\">Pour les f\u00eates,<b> Carmina Burana<\/b> fait le show, le 27\u00a0d\u00e9cembre (puis le 8\u00a0f\u00e9vrier pour les absents), avant le traditionnel <b>Casse-Noisette,<\/b> le 4\u00a0janvier.<\/p>\n<p class=\" wall-content\">Si vous \u00eates plus J.K. Rowling, notez qu\u2019<b>Harry Potter et l\u2019Ordre du Ph\u00e9nix<\/b>\u00a0sera propos\u00e9 en format<b> cin\u00e9-concert<\/b> <a href=\"https:\/\/actu.fr\/hauts-de-france\/lille_59350\/harry-potter-en-cine-concert-a-lille-il-est-deja-possible-de-reserver_62122385.html\" target=\"_blank\" rel=\"noopener\">les 8 et 9\u00a0janvier<\/a>. Frissons garantis\u2009! <b>Marvel<\/b> sera aussi \u00e0 l\u2019honneur, avec l\u2019<a href=\"https:\/\/actu.fr\/hauts-de-france\/lille_59350\/evenement-a-lille-revivez-les-meilleurs-moments-des-films-marvel-dans-ce-cine-concert-inedit_62706176.html\" target=\"_blank\" rel=\"noopener\">Infinity saga, le 1er\u00a0mars<\/a>.<\/p>\n<p>Pink Floyd et com\u00e9dies musicales<\/p>\n<p class=\" wall-content\">Trois shows diff\u00e9rents en hommage \u00e0 <b>Pink Floyd<\/b> sont \u00e0 l\u2019affiche en f\u00e9vrier et mars pour les fans\u2009! Si vous \u00eates plut\u00f4t branch\u00e9 <b>com\u00e9dies musicales vintage<\/b>, notez les passages de <b>Grease<\/b> is the world et <b>Dirty Dancing<\/b>\u2009! Cette ann\u00e9e vous attendent aussi le retour du <b>Roi Soleil, Black Legends <\/b>et <b>Les Mis\u00e9rables.<\/b><\/p>\n<p class=\" wall-content\">Pour les enfants, les h\u00e9ros de la<b> Pat\u2019 Patrouille <\/b>s\u2019invitent au Z\u00e9nith le 15 mars, le temps de deux prestations, pour Le Retour des h\u00e9ros.<\/p>\n<p class=\" wall-content\">Cette saison est celle de tous les records en termes d\u2019\u00e9v\u00e9nements. 300 au total, dont 204 au Z\u00e9nith, annonce la direction, qui ambitionne de pousser encore plus la proposition spectacles, dans les ann\u00e9es \u00e0 venir.<\/p>\n<p>Programmation compl\u00e8te et r\u00e9servations sur le site officiel du <a href=\"https:\/\/www.lillegrandpalais.com\/\" target=\"_blank\" rel=\"noopener\">Grand Palais<\/a> ou du <a href=\"https:\/\/www.zenithdelille.com\/\" target=\"_blank\" rel=\"noopener\">Z\u00e9nith de Lille<\/a>.<\/p>\n<p class=\" wall-content\">Personnalisez votre actualit\u00e9 en ajoutant vos villes et m\u00e9dias en favori avec <a href=\"https:\/\/moncompte.actu.fr\" title=\"D\u00e9couvez Mon Actu\" rel=\"nofollow noopener\" data-trk=\"{&quot;cta&quot;:{&quot;action&quot;:&quot;https:\\\/\\\/moncompte.actu.fr&quot;,&quot;category&quot;:&quot;mon compte&quot;,&quot;from&quot;:&quot;article footer&quot;,&quot;name&quot;:&quot;Mon actu&quot;,&quot;type&quot;:&quot;cta&quot;}}\" target=\"_blank\">Mon Actu<\/a>.<\/p>\n","protected":false},"excerpt":{"rendered":"Par Amandine Vachez Publi\u00e9 le 12 nov. 2025 \u00e0 10h50 Que vous soyez amateurs de salons th\u00e9matiques, de&hellip;\n","protected":false},"author":2,"featured_media":530491,"comment_status":"","ping_status":"","sticky":false,"template":"","format":"standard","meta":{"footnotes":""},"categories":[2815],"tags":[1111,11,1697,1777,674,1011,27,811,1307,1652,12,25,853],"class_list":{"0":"post-530490","1":"post","2":"type-post","3":"status-publish","4":"format-standard","5":"has-post-thumbnail","7":"category-lille","8":"tag-actu","9":"tag-actualites","10":"tag-concert","11":"tag-eu","12":"tag-europe","13":"tag-fr","14":"tag-france","15":"tag-hauts-de-france","16":"tag-lille","17":"tag-loisirs-culture","18":"tag-news","19":"tag-republique-francaise","20":"tag-spectacles"},"share_on_mastodon":{"url":"https:\/\/pubeurope.com\/@fr\/115540458468738469","error":""},"_links":{"self":[{"href":"https:\/\/www.europesays.com\/fr\/wp-json\/wp\/v2\/posts\/530490","targetHints":{"allow":["GET"]}}],"collection":[{"href":"https:\/\/www.europesays.com\/fr\/wp-json\/wp\/v2\/posts"}],"about":[{"href":"https:\/\/www.europesays.com\/fr\/wp-json\/wp\/v2\/types\/post"}],"author":[{"embeddable":true,"href":"https:\/\/www.europesays.com\/fr\/wp-json\/wp\/v2\/users\/2"}],"replies":[{"embeddable":true,"href":"https:\/\/www.europesays.com\/fr\/wp-json\/wp\/v2\/comments?post=530490"}],"version-history":[{"count":0,"href":"https:\/\/www.europesays.com\/fr\/wp-json\/wp\/v2\/posts\/530490\/revisions"}],"wp:featuredmedia":[{"embeddable":true,"href":"https:\/\/www.europesays.com\/fr\/wp-json\/wp\/v2\/media\/530491"}],"wp:attachment":[{"href":"https:\/\/www.europesays.com\/fr\/wp-json\/wp\/v2\/media?parent=530490"}],"wp:term":[{"taxonomy":"category","embeddable":true,"href":"https:\/\/www.europesays.com\/fr\/wp-json\/wp\/v2\/categories?post=530490"},{"taxonomy":"post_tag","embeddable":true,"href":"https:\/\/www.europesays.com\/fr\/wp-json\/wp\/v2\/tags?post=530490"}],"curies":[{"name":"wp","href":"https:\/\/api.w.org\/{rel}","templated":true}]}}