{"id":530498,"date":"2025-11-13T04:20:17","date_gmt":"2025-11-13T04:20:17","guid":{"rendered":"https:\/\/www.europesays.com\/fr\/530498\/"},"modified":"2025-11-13T04:20:17","modified_gmt":"2025-11-13T04:20:17","slug":"on-connait-le-meilleur-bouchon-lyonnais-de-2025-et-il-nest-pas-a-lyon","status":"publish","type":"post","link":"https:\/\/www.europesays.com\/fr\/530498\/","title":{"rendered":"On conna\u00eet le meilleur bouchon lyonnais de 2025 et il n&rsquo;est pas \u00e0 Lyon"},"content":{"rendered":"<p>Le 18 novembre prochain, le prix qui r\u00e9compense le meilleur \u00ab\u00a0authentique bouchon lyonnais\u00a0\u00bb sera remis au laur\u00e9at 2025. Cette ann\u00e9e, le grand gagnant se trouve&#8230; \u00e0 Villeurbanne.<\/p>\n<p>C&rsquo;est le meilleur \u00ab\u00a0authentique bouchon lyonnais\u00a0\u00bb de 2025 et il se trouve \u00e0 <b>Villeurbanne<\/b> ! Il s&rsquo;agit du <b>Caf\u00e9 Lobut<\/b>, situ\u00e9 50 Cour Tolsto\u00ef.<\/p>\n<p>Un bouchon fond\u00e9 en 1949<\/p>\n<p>Selon <a class=\"url\" href=\"https:\/\/www.lyoncapitale.fr\/actualite\/le-meilleur-bouchon-lyonnais-de-2025-se-trouve-a-villeurbanne\" target=\"_blank\" rel=\"noopener\">Lyon Capitale<\/a>, l&rsquo;\u00e9tablissement recevra <b>le prix Florent Dessus 2025<\/b> le mardi 18 novembre. D\u00e9livr\u00e9e par l&rsquo;association de d\u00e9fense des bouchons lyonnais, c&rsquo;est une sacr\u00e9e reconnaissance pour ce restaurant fond\u00e9 en 1949.<\/p>\n<p>Les plats propos\u00e9s sont \u00e9videmment traditionnels : tablier de sapeur, grenouilles persill\u00e9es, andouillette Beaujolaise au beurre d&rsquo;escargot ou encore cervelle de canut.<\/p>\n<p>L&rsquo;ann\u00e9e derni\u00e8re, le prix Florent Dessus avait \u00e9t\u00e9 d\u00e9cern\u00e9 au restaurant <b>Les 4G<\/b> situ\u00e9 au 27 Rue Gorge de Loup, dans le 9e arrondissement de Lyon.<\/p>\n<p>Pour se rendre au <a class=\"url\" href=\"https:\/\/www.cafe-lobut.fr\/\" target=\"_blank\" rel=\"noopener\">Caf\u00e9 Lobut<\/a>, il suffit de prendre le bus C3 ou de marcher 10 min \u00e0 pied depuis la station de m\u00e9tro \u00ab\u00a0R\u00e9publique\u00a0\u00bb (Ligne A). Num\u00e9ro de t\u00e9l\u00e9phone : 04.78.84.91.66.<\/p>\n<p><img loading=\"lazy\" decoding=\"async\" src=\"https:\/\/www.europesays.com\/fr\/wp-content\/uploads\/2025\/11\/1763007617_244_img\" width=\"350\" height=\"200\" border=\"0\" title=\"Pralus fait gagner 70 Pralulines en novembre !\"\/><\/p>\n<p>\u25baConso<\/p>\n<p style=\"font-size: 22px;\"><b>Pour les 70 ans de sa brioche f\u00e9tiche, Pralus fait gagner 70 Pralulines !<\/b><\/p>\n<p>Pour les 70 ans de la Praluline, la Maison Pralus&#8230;<\/p>\n<p><\/p>\n","protected":false},"excerpt":{"rendered":"Le 18 novembre prochain, le prix qui r\u00e9compense le meilleur \u00ab\u00a0authentique bouchon lyonnais\u00a0\u00bb sera remis au laur\u00e9at 2025.&hellip;\n","protected":false},"author":2,"featured_media":530499,"comment_status":"","ping_status":"","sticky":false,"template":"","format":"standard","meta":{"footnotes":""},"categories":[1889],"tags":[1111,11,2430,64966,64965,1777,674,1011,27,2428,12,25,6345],"class_list":{"0":"post-530498","1":"post","2":"type-post","3":"status-publish","4":"format-standard","5":"has-post-thumbnail","7":"category-lyon","8":"tag-actu","9":"tag-actualites","10":"tag-auvergne-rhone-alpes","11":"tag-bouchon-lyonnais","12":"tag-caf-lobut","13":"tag-eu","14":"tag-europe","15":"tag-fr","16":"tag-france","17":"tag-lyon","18":"tag-news","19":"tag-republique-francaise","20":"tag-villeurbanne"},"share_on_mastodon":{"url":"https:\/\/pubeurope.com\/@fr\/115540474526228904","error":""},"_links":{"self":[{"href":"https:\/\/www.europesays.com\/fr\/wp-json\/wp\/v2\/posts\/530498","targetHints":{"allow":["GET"]}}],"collection":[{"href":"https:\/\/www.europesays.com\/fr\/wp-json\/wp\/v2\/posts"}],"about":[{"href":"https:\/\/www.europesays.com\/fr\/wp-json\/wp\/v2\/types\/post"}],"author":[{"embeddable":true,"href":"https:\/\/www.europesays.com\/fr\/wp-json\/wp\/v2\/users\/2"}],"replies":[{"embeddable":true,"href":"https:\/\/www.europesays.com\/fr\/wp-json\/wp\/v2\/comments?post=530498"}],"version-history":[{"count":0,"href":"https:\/\/www.europesays.com\/fr\/wp-json\/wp\/v2\/posts\/530498\/revisions"}],"wp:featuredmedia":[{"embeddable":true,"href":"https:\/\/www.europesays.com\/fr\/wp-json\/wp\/v2\/media\/530499"}],"wp:attachment":[{"href":"https:\/\/www.europesays.com\/fr\/wp-json\/wp\/v2\/media?parent=530498"}],"wp:term":[{"taxonomy":"category","embeddable":true,"href":"https:\/\/www.europesays.com\/fr\/wp-json\/wp\/v2\/categories?post=530498"},{"taxonomy":"post_tag","embeddable":true,"href":"https:\/\/www.europesays.com\/fr\/wp-json\/wp\/v2\/tags?post=530498"}],"curies":[{"name":"wp","href":"https:\/\/api.w.org\/{rel}","templated":true}]}}