{"id":5305,"date":"2025-04-06T12:52:09","date_gmt":"2025-04-06T12:52:09","guid":{"rendered":"https:\/\/www.europesays.com\/fr\/5305\/"},"modified":"2025-04-06T12:52:09","modified_gmt":"2025-04-06T12:52:09","slug":"les-etats-unis-annulent-tous-les-visas-des-ressortissants-du-soudan-du-sud","status":"publish","type":"post","link":"https:\/\/www.europesays.com\/fr\/5305\/","title":{"rendered":"Les \u00c9tats-Unis annulent tous les visas des ressortissants du Soudan du Sud"},"content":{"rendered":"<p>En plus de la r\u00e9vocation des visas existants, Washington va cesser de remettre des nouveaux visas aux ressortissants du Soudan du Sud.<\/p>\n<p class=\"fig-paragraph\">Les\u00a0<a href=\"http:\/\/www.lefigaro.fr\/voyages\/selection\/dossier\/selection-etats-unis\" data-fig-type=\"Topic\" data-gtm-custom-categorie=\"navigation\" data-gtm-custom-action=\"crossclick\" data-gtm-custom-label=\"Contextuel\" data-gtm-event=\"customEventSPE\" data-fig-domain=\"LEFIGARO\" target=\"_blank\" rel=\"noopener\">\u00c9tats-Unis<\/a>\u00a0ont annonc\u00e9 samedi la r\u00e9vocation de tous les visas accord\u00e9s aux ressortissants du\u00a0<a href=\"http:\/\/www.lefigaro.fr\/international\/l-anarchie-complete-au-soudan-du-sud-la-crainte-d-une-nouvelle-guerre-civile-20250328\" data-fig-type=\"Article\" data-gtm-custom-categorie=\"navigation\" data-gtm-custom-action=\"crossclick\" data-gtm-custom-label=\"Contextuel\" data-gtm-event=\"customEventSPE\" data-fig-domain=\"LEFIGARO\" target=\"_blank\" rel=\"noopener\">Soudan du Sud<\/a>, accusant le pays africain de ne pas reprendre ses citoyens vis\u00e9s par une mesure d&rsquo;expulsion. \u00abAvec effet imm\u00e9diat, le d\u00e9partement d&rsquo;\u00c9tat des \u00c9tats-Unis r\u00e9voque tous les visas d\u00e9tenus par les porteurs de passeports du Soudan du Sud\u00bb, a d\u00e9clar\u00e9 le secr\u00e9taire d&rsquo;\u00c9tat Marco Rubio dans un communiqu\u00e9.<\/p>\n<p class=\"fig-paragraph\">Il s&rsquo;agit de la premi\u00e8re mesure de ce type prise contre l&rsquo;ensemble des citoyens d&rsquo;un pays du monde depuis le retour au pouvoir le 20 janvier de Donald Trump, qui a engag\u00e9 une politique radicale de lutte contre l&rsquo;immigration.<\/p>\n<p class=\"fig-paragraph\">\u00abIl est temps que le gouvernement de transition du Soudan du Sud cesse de tirer profit des \u00c9tats-Unis\u00bb, a accus\u00e9 le chef de la diplomatie am\u00e9ricaine. \u00abAppliquer les lois d&rsquo;immigration de notre pays est d&rsquo;une importance critique pour la s\u00e9curit\u00e9 nationale et la s\u00fbret\u00e9 publique des \u00c9tats-Unis\u00bb, a-t-il ajout\u00e9. \u00abTout pays doit accepter de reprendre promptement ses citoyens lorsqu&rsquo;un autre pays, y compris les \u00c9tats-Unis, veut les expulser\u00bb.<\/p>\n<p>Le risque de replonger dans la guerre civile<\/p>\n<p class=\"fig-paragraph\">Le communiqu\u00e9 pr\u00e9cise qu&rsquo;en plus de la r\u00e9vocation des visas existants, Washington va cesser de remettre des nouveaux visas aux ressortissants du Soudan du Sud. \u00abNous nous tenons pr\u00eats \u00e0 revoir cette politique lorsque le Soudan du Sud sera pleinement coop\u00e9ratif\u00bb, a assur\u00e9 M. Rubio.<\/p>\n<p class=\"fig-paragraph\">Le Soudan du Sud risque de replonger dans la guerre civile, a averti le mois dernier un haut responsable de l&rsquo;ONU. Depuis son ind\u00e9pendance en 2011, le pays est en proie \u00e0 des violences qui l&#8217;emp\u00eachent de se remettre de la sanglante guerre civile qui a fait pr\u00e8s de 400.000 morts et 4 millions de d\u00e9plac\u00e9s entre 2013 et 2018, lorsqu&rsquo;un accord de paix a \u00e9t\u00e9 sign\u00e9.<\/p>\n<p class=\"fig-paragraph\">Lors de son pr\u00e9c\u00e9dent mandat, M. Trump avait sign\u00e9 en 2017 un d\u00e9cret interdisant l&rsquo;entr\u00e9e sur le sol am\u00e9ricain aux ressortissants de plusieurs pays majoritairement musulmans. La Libye, le Soudan, la Syrie, l&rsquo;Irak, l&rsquo;Iran, le Y\u00e9men et la Somalie avaient \u00e9t\u00e9 vis\u00e9s mais le Soudan du Sud avait \u00e0 l&rsquo;\u00e9poque \u00e9chapp\u00e9 \u00e0 cette mesure.<\/p>\n","protected":false},"excerpt":{"rendered":"En plus de la r\u00e9vocation des visas existants, Washington va cesser de remettre des nouveaux visas aux ressortissants&hellip;\n","protected":false},"author":2,"featured_media":5306,"comment_status":"","ping_status":"","sticky":false,"template":"","format":"standard","meta":{"footnotes":""},"categories":[5],"tags":[259,11,260,73,1011,27,1061,14,261,12,262,3263,28],"class_list":{"0":"post-5305","1":"post","2":"type-post","3":"status-publish","4":"format-standard","5":"has-post-thumbnail","7":"category-international","8":"tag-actualite-internationale","9":"tag-actualites","10":"tag-affaires-etrangeres","11":"tag-etats-unis","12":"tag-fr","13":"tag-france","14":"tag-immigration","15":"tag-international","16":"tag-ministere-des-affaires-etrangeres","17":"tag-news","18":"tag-politique-etrangere","19":"tag-soudan-du-sud","20":"tag-world"},"share_on_mastodon":{"url":"https:\/\/pubeurope.com\/@fr\/114291116904106507","error":""},"_links":{"self":[{"href":"https:\/\/www.europesays.com\/fr\/wp-json\/wp\/v2\/posts\/5305","targetHints":{"allow":["GET"]}}],"collection":[{"href":"https:\/\/www.europesays.com\/fr\/wp-json\/wp\/v2\/posts"}],"about":[{"href":"https:\/\/www.europesays.com\/fr\/wp-json\/wp\/v2\/types\/post"}],"author":[{"embeddable":true,"href":"https:\/\/www.europesays.com\/fr\/wp-json\/wp\/v2\/users\/2"}],"replies":[{"embeddable":true,"href":"https:\/\/www.europesays.com\/fr\/wp-json\/wp\/v2\/comments?post=5305"}],"version-history":[{"count":0,"href":"https:\/\/www.europesays.com\/fr\/wp-json\/wp\/v2\/posts\/5305\/revisions"}],"wp:featuredmedia":[{"embeddable":true,"href":"https:\/\/www.europesays.com\/fr\/wp-json\/wp\/v2\/media\/5306"}],"wp:attachment":[{"href":"https:\/\/www.europesays.com\/fr\/wp-json\/wp\/v2\/media?parent=5305"}],"wp:term":[{"taxonomy":"category","embeddable":true,"href":"https:\/\/www.europesays.com\/fr\/wp-json\/wp\/v2\/categories?post=5305"},{"taxonomy":"post_tag","embeddable":true,"href":"https:\/\/www.europesays.com\/fr\/wp-json\/wp\/v2\/tags?post=5305"}],"curies":[{"name":"wp","href":"https:\/\/api.w.org\/{rel}","templated":true}]}}