{"id":530504,"date":"2025-11-13T04:25:18","date_gmt":"2025-11-13T04:25:18","guid":{"rendered":"https:\/\/www.europesays.com\/fr\/530504\/"},"modified":"2025-11-13T04:25:18","modified_gmt":"2025-11-13T04:25:18","slug":"13-novembre-dix-ans-apres-les-attentats-de-saint-denis-et-paris-lhommage-dune-nation-actualites","status":"publish","type":"post","link":"https:\/\/www.europesays.com\/fr\/530504\/","title":{"rendered":"13-Novembre: dix ans apr\u00e8s les attentats de Saint-Denis et Paris, l&rsquo;hommage d&rsquo;une Nation : Actualit\u00e9s"},"content":{"rendered":"<p class=\"lead \">Stade de France, terrasses parisiennes, Bataclan: Emmanuel Macron se rend jeudi sur chacun des lieux des attentats du 13-Novembre, avant l&rsquo;inauguration d&rsquo;un jardin m\u00e9moriel au coeur de la capitale, point d&rsquo;orgue d&rsquo;une journ\u00e9e de comm\u00e9morations dix ans apr\u00e8s une nuit d&rsquo;horreur.<\/p>\n<p class=\"lead \">Le vendredi 13 novembre 2015, la France a \u00e9t\u00e9 frapp\u00e9e par les attaques jihadistes les plus meurtri\u00e8res de son histoire, coordonn\u00e9es par le groupe Etat islamique (EI) qui a cibl\u00e9 un match de football, un concert de hard-rock et des bars et restaurants. <\/p>\n<p class=\"lead \">L&rsquo;hommage national aux 132 morts, \u00e0 leurs familles et aux rescap\u00e9s de ces attentats qui ont profond\u00e9ment marqu\u00e9 le pays, se conclura au Jardin du 13 novembre 2015 avec une c\u00e9r\u00e9monie orchestr\u00e9e par Thierry Reboul, d\u00e9j\u00e0 \u00e0 la man\u0153uvre pour l&rsquo;ouverture des JO-2024. <\/p>\n<p class=\"lead \">La c\u00e9r\u00e9monie sera retransmise en direct \u00e0 la t\u00e9l\u00e9vision et projet\u00e9e sur grand \u00e9cran, place de la R\u00e9publique \u00e0 Paris, o\u00f9 un m\u00e9morial s&rsquo;\u00e9tait improvis\u00e9 il y a dix ans, des Parisiens traumatis\u00e9s venant y d\u00e9poser fleurs, bougies et mots. <\/p>\n<p class=\"lead \">Depuis samedi, le pied de la statue de Marianne est de nouveau entour\u00e9 de ces petites attentions. \u00ab\u00a0Course pour la libert\u00e9\u00a0\u00bb passant devant chaque site meurtri, fresque murale, Tour Eiffel illumin\u00e9e en bleu blanc rouge, les hommages ont d\u00e9j\u00e0 commenc\u00e9. <\/p>\n<p class=\"lead \">&#8211; Souvenirs pr\u00e9cis &#8211;<\/p>\n<p class=\"lead \">Impossible, pour beaucoup, d&rsquo;oublier cette terrible soir\u00e9e du vendredi 13 novembre 2015, quand des commandos de l&rsquo;EI ont assassin\u00e9 130 personnes, blessant des centaines d&rsquo;autres. Depuis, deux rescap\u00e9s du Bataclan se sont suicid\u00e9s. <\/p>\n<p class=\"lead \">D&rsquo;apr\u00e8s un sondage Ifop pour la fondation Jean Jaur\u00e8s, 60% des Parisiens se souviennent \u00ab\u00a0pr\u00e9cis\u00e9ment\u00a0\u00bb de ce qu&rsquo;ils faisaient ce soir-l\u00e0. <\/p>\n<p class=\"lead \">Rescap\u00e9s et proches de victimes appr\u00e9hendent souvent ces hommages. St\u00e9phane Sarrade a perdu son fils Hugo, 23 ans, tu\u00e9 au Bataclan. Il se dit toujours \u00ab\u00a0incapable\u00a0\u00bb de se rendre devant la salle de concert et ne participera pas aux c\u00e9r\u00e9monies. <\/p>\n<p class=\"lead \">Les comm\u00e9morations officielles, en pr\u00e9sence du pr\u00e9sident de la R\u00e9publique Emmanuel Macron, se tiennent sous vigilance renforc\u00e9e, dans un contexte de menace terroriste toujours \u00e9lev\u00e9e. <\/p>\n<p class=\"lead \">Elles commenceront \u00e0 11H30 avec un hommage \u00e0 Manuel Dias, seule personne tu\u00e9e pr\u00e8s du Stade de France. Vers 12H30, seront lues des plaques comm\u00e9moratives devant les bars Le Carillon et le Petit Cambodge, dans le 10e arrondissement de Paris, o\u00f9 13 vies furent vol\u00e9es. <\/p>\n<p class=\"lead \">Vers 13H00, en m\u00e9moire des cinq victimes de la Bonne Bi\u00e8re dans le 11e, une minute de silence sera respect\u00e9e, puis vers 13H30, devant l&rsquo;ancien Comptoir Voltaire. <\/p>\n<p class=\"lead \">Vers 13H50, des gerbes seront d\u00e9pos\u00e9es devant la Belle Equipe, o\u00f9 21 vies furent fauch\u00e9es puis vers 14H30 devant le Bataclan, o\u00f9 90 personnes furent assassin\u00e9es.<\/p>\n<p class=\"lead \">A partir de 18H00, le fil rouge de la c\u00e9r\u00e9monie au jardin m\u00e9moriel sera la musique, \u00ab\u00a0la passion\u00a0\u00bb des victimes, a rappel\u00e9 Thierry Reboul, avec un requiem du compositeur Victor Le Masne, jou\u00e9 devant 1.500 invit\u00e9s.  <\/p>\n<p class=\"lead \">&#8211; \u00ab\u00a0Acte de r\u00e9sistance\u00a0\u00bb &#8211;<\/p>\n<p class=\"lead \">Ce jardin, lieu de recueillement m\u00e9moriel situ\u00e9 pr\u00e8s de l&rsquo;H\u00f4tel de Ville, est fait de grandes st\u00e8les et de blocs de granit, \u00e9voquant la g\u00e9ographie des diff\u00e9rents lieux vis\u00e9s.   <\/p>\n<p class=\"lead \">\u00ab\u00a0Nous avons \u00e9t\u00e9 debout pendant 10 ans, nous serons debout (jeudi). Cette c\u00e9r\u00e9monie sera aussi un acte de r\u00e9sistance\u00a0\u00bb, a salu\u00e9 Philippe Duperron, pr\u00e9sident de l&rsquo;association \u00ab\u00a013onze15\u00a0\u00bb. <\/p>\n<p class=\"lead \">L&rsquo;association \u00ab\u00a0Life for Paris\u00a0\u00bb, esp\u00e8re elle \u00ab\u00a0une grande c\u00e9r\u00e9monie d&rsquo;union nationale\u00a0\u00bb: \u00ab\u00a0Ce sera la plus belle mani\u00e8re de dire aux terroristes qu&rsquo;ils n&rsquo;ont pas gagn\u00e9 et que Paris restera toujours Paris\u00a0\u00bb, a insist\u00e9 son pr\u00e9sident, Arthur D\u00e9nouveaux, lors d&rsquo;une c\u00e9r\u00e9monie mercredi soir en pr\u00e9sence de la maire de Paris Anne Hidalgo.  <\/p>\n<p class=\"lead \">\u00ab\u00a0Life for Paris\u00a0\u00bb sera dissoute apr\u00e8s l&rsquo;inauguration de ce lieu m\u00e9moriel, pour, selon M. D\u00e9nouveaux, \u00ab\u00a0ne pas s&rsquo;enfermer dans la victimit\u00e9\u00a0\u00bb. <\/p>\n<p class=\"lead \">La question de la m\u00e9moire du 13-Novembre sera \u00e9galement au c\u0153ur du Mus\u00e9e-m\u00e9morial du terrorisme (MMT), qui doit ouvrir fin 2029 ou d\u00e9but 2030 \u00e0 Paris.<\/p>\n<p class=\"lead \">\u00ab\u00a0Pourquoi ces terroristes nous ont attaqu\u00e9s?\u00a0\u00bb, a interrog\u00e9 Fran\u00e7ois Hollande, dix ans apr\u00e8s, aupr\u00e8s de l&rsquo;AFP. \u00ab\u00a0Parce que nous sommes la libert\u00e9, la vie en commun, le pluralisme\u00a0\u00bb, a estim\u00e9 l&rsquo;ancien pr\u00e9sident, entre 2012 et 2017, p\u00e9riode o\u00f9 se sont multipli\u00e9s les attentats. <\/p>\n<p class=\"lead \">Plus de trois ans apr\u00e8s le proc\u00e8s de ces attaques jihadistes, au terme duquel Salah Abdeslam a \u00e9t\u00e9 condamn\u00e9 \u00e0 la perp\u00e9tuit\u00e9 incompressible, le seul membre encore en vie des commandos a dit vouloir, selon son avocate, s&rsquo;engager dans une d\u00e9marche de justice restaurative. \u00ab\u00a0Plusieurs victimes des attentats du 13-Novembre\u00a0\u00bb sont pr\u00eates \u00e0 s&rsquo;inscrire dans cette d\u00e9marche de dialogue, a assur\u00e9 Arthur D\u00e9nouveaux.<\/p>\n","protected":false},"excerpt":{"rendered":"Stade de France, terrasses parisiennes, Bataclan: Emmanuel Macron se rend jeudi sur chacun des lieux des attentats du&hellip;\n","protected":false},"author":2,"featured_media":530505,"comment_status":"","ping_status":"","sticky":false,"template":"","format":"standard","meta":{"footnotes":""},"categories":[1888],"tags":[64969,1111,1928,11,1927,5581,17535,1777,674,1011,27,418,937,64968,12,1926,626,1925,316,25],"class_list":{"0":"post-530504","1":"post","2":"type-post","3":"status-publish","4":"format-standard","5":"has-post-thumbnail","7":"category-paris","8":"tag-13novembre","9":"tag-actu","10":"tag-actu-paris","11":"tag-actualites","12":"tag-actualites-paris","13":"tag-attentat","14":"tag-crmonie","15":"tag-eu","16":"tag-europe","17":"tag-fr","18":"tag-france","19":"tag-gouvernement","20":"tag-histoire","21":"tag-jihadistes","22":"tag-news","23":"tag-news-paris","24":"tag-paris","25":"tag-paris-news","26":"tag-politique","27":"tag-republique-francaise"},"share_on_mastodon":{"url":"https:\/\/pubeurope.com\/@fr\/115540493870896969","error":""},"_links":{"self":[{"href":"https:\/\/www.europesays.com\/fr\/wp-json\/wp\/v2\/posts\/530504","targetHints":{"allow":["GET"]}}],"collection":[{"href":"https:\/\/www.europesays.com\/fr\/wp-json\/wp\/v2\/posts"}],"about":[{"href":"https:\/\/www.europesays.com\/fr\/wp-json\/wp\/v2\/types\/post"}],"author":[{"embeddable":true,"href":"https:\/\/www.europesays.com\/fr\/wp-json\/wp\/v2\/users\/2"}],"replies":[{"embeddable":true,"href":"https:\/\/www.europesays.com\/fr\/wp-json\/wp\/v2\/comments?post=530504"}],"version-history":[{"count":0,"href":"https:\/\/www.europesays.com\/fr\/wp-json\/wp\/v2\/posts\/530504\/revisions"}],"wp:featuredmedia":[{"embeddable":true,"href":"https:\/\/www.europesays.com\/fr\/wp-json\/wp\/v2\/media\/530505"}],"wp:attachment":[{"href":"https:\/\/www.europesays.com\/fr\/wp-json\/wp\/v2\/media?parent=530504"}],"wp:term":[{"taxonomy":"category","embeddable":true,"href":"https:\/\/www.europesays.com\/fr\/wp-json\/wp\/v2\/categories?post=530504"},{"taxonomy":"post_tag","embeddable":true,"href":"https:\/\/www.europesays.com\/fr\/wp-json\/wp\/v2\/tags?post=530504"}],"curies":[{"name":"wp","href":"https:\/\/api.w.org\/{rel}","templated":true}]}}