{"id":530510,"date":"2025-11-13T04:28:12","date_gmt":"2025-11-13T04:28:12","guid":{"rendered":"https:\/\/www.europesays.com\/fr\/530510\/"},"modified":"2025-11-13T04:28:12","modified_gmt":"2025-11-13T04:28:12","slug":"un-nouveau-train-de-nuit-paris-berlin-a-partir-de-mars-qui-passera-par-bruxelles","status":"publish","type":"post","link":"https:\/\/www.europesays.com\/fr\/530510\/","title":{"rendered":"Un nouveau train de nuit Paris-Berlin \u00e0 partir de mars, qui passera par Bruxelles"},"content":{"rendered":"<p>\n    Les d\u00e9parts de Paris sur le nouveau parcours sont pr\u00e9vus les dimanches, mardis et jeudis soirs, avec une arriv\u00e9e \u00e0 Berlin les lendemains matins. Les trains retour partiront les lundis, mercredis et vendredis soirs.<\/p>\n<p class=\"fig-paragraph\">Une bonne nouvelle pour les amoureux du rail. La coop\u00e9rative ferroviaire n\u00e9erlando-belge European Sleeper va lancer \u00e0 partir de fin mars\u00a0<a href=\"http:\/\/www.lefigaro.fr\/conjoncture\/apres-son-abandon-par-la-sncf-une-compagnie-veut-remettre-le-train-de-nuit-paris-berlin-sur-les-rails-en-mars-2026-20251112\" target=\"_blank\" data-fig-type=\"NewsFlash\" rel=\"noopener\" data-gtm-custom-categorie=\"navigation\" data-gtm-custom-action=\"crossclick\" data-gtm-custom-label=\"Contextuel\" data-gtm-event=\"customEventSPE\" data-fig-domain=\"LEFIGARO\">un nouveau train de nuit<\/a>\u00a0trihebdomadaire entre Paris et Berlin. Son trajet \u00e9vitera Strasbourg et passera par Bruxelles.<\/p>\n<p class=\"fig-paragraph\">Ce nouveau service compensera partiellement l&rsquo;arr\u00eat des trains de nuit Paris-Berlin et Paris-Vienne des compagnies fran\u00e7aise (SNCF), allemande (Deutsche Bahn) et autrichienne (\u00d6BB), pr\u00e9vu \u00e0 partir de mi-d\u00e9cembre.<\/p>\n<p>                                    <a class=\"fig-a11y-skip a11y-hidden\" href=\"#fig-a11y-skip-main-inarticle\"><br \/>\n        Passer la publicit\u00e9<br \/>\n    <\/a><\/p>\n<p class=\"fig-paragraph\">L&rsquo;entreprise European Sleeper, fond\u00e9e en 2021, fait actuellement circuler un \u00abGood Night Train\u00bb entre plusieurs villes europ\u00e9ennes\u00a0: Bruxelles, Rotterdam, Amsterdam, Berlin, Dresde et Prague, trois fois par semaine.<\/p>\n<p>Trois d\u00e9parts et trois retours par semaine<\/p>\n<p class=\"fig-paragraph\">Les d\u00e9parts de Paris sur le nouveau parcours sont pr\u00e9vus les dimanches, mardis et jeudis soirs, avec une arriv\u00e9e \u00e0 Berlin les lendemains matins. Les trains retour partiront les lundis, mercredis et vendredis soirs, a pr\u00e9cis\u00e9 European Sleeper dans un communiqu\u00e9.<\/p>\n<p class=\"fig-paragraph\">Le transporteur ferroviaire, qui appartient \u00e0 une communaut\u00e9 de plus de 6000 copropri\u00e9taires, ouvre parall\u00e8lement une nouvelle campagne pour lever quelque 2,3 millions d&rsquo;euros aupr\u00e8s de particuliers, professionnels et institutions, afin de financer les co\u00fbts d&rsquo;accession au mat\u00e9riel roulant (qui est lou\u00e9) et compenser \u00abd&rsquo;\u00e9ventuelles pertes initiales lors de la phase de d\u00e9marrage\u00bb.<\/p>\n<p class=\"fig-paragraph\">Depuis 2021, European Sleeper a lev\u00e9 au total \u00abplus de 7 millions d&rsquo;euros\u00bb en quatre campagnes de lev\u00e9es de fonds distinctes, a indiqu\u00e9 \u00e0 l&rsquo;AFP Chris Engelsman, l&rsquo;un des deux fondateurs de la soci\u00e9t\u00e9 au cours d&rsquo;un entretien t\u00e9l\u00e9phonique. Son objectif est d&rsquo;exploiter la nouvelle liaison via Bruxelles, de mani\u00e8re \u00e0 ce que son service Bruxelles-Berlin d\u00e9j\u00e0 existant double de fr\u00e9quence, \u00e0 six trains par semaine.<\/p>\n<p>Manifestation \u00aben pyjama\u00bb \u00e0 Strasbourg<\/p>\n<p class=\"fig-paragraph\">\u00c0 Strasbourg, une manifestation \u00aben pyjama\u00bb est pr\u00e9vue jeudi devant la gare pour demander le r\u00e9tablissement des trains de nuit Paris-Berlin et Paris-Vienne, qui passent par la capitale alsacienne. \u00abNous sommes tr\u00e8s favorables \u00e0 ce genre de manifestations, qui nous aident \u00e0 maintenir la pression sur les gouvernements\u00bb, a salu\u00e9 Chris Engelsman. \u00abMais nous n&rsquo;allons pas passer par Strasbourg, car nous avons d\u00e9j\u00e0 des connections \u00e0 Bruxelles, et cela a plus de sens\u00bb ainsi, a-t-il ajout\u00e9.<\/p>\n<p>                                    <a class=\"fig-a11y-skip a11y-hidden\" href=\"#fig-a11y-skip-main-inarticle_mtf\"><br \/>\n        Passer la publicit\u00e9<br \/>\n    <\/a><\/p>\n<p class=\"fig-paragraph\">La soci\u00e9t\u00e9 est en train de n\u00e9gocier avec les autorit\u00e9s respectives des pays travers\u00e9s. European Sleeper souhaiterait faire partir son train de Paris \u00abentre 19h00 et 20h00\u00bb, pour s&rsquo;arr\u00eater \u00e0 Bruxelles \u00abvers 22h30\u00bb et arriver \u00e0 Berlin vers \u00ab08h00 ou 09h00\u00bb le lendemain matin, a pr\u00e9cis\u00e9 Chris Engelsman. Il table sur un tarif de \u00ab59 euros pour une couchette dans un compartiment de cinq places\u00bb.<\/p>\n<p class=\"fig-paragraph\">European Sleeper, dont les investisseurs sont \u00e0 40% n\u00e9erlandais, se dit \u00abpr\u00eat \u00e0 collaborer avec \u00d6BB et SNCF Voyageurs afin d&rsquo;assurer une transition fluide entre leurs trains actuels et le nouveau service Paris-Berlin European Sleeper\u00bb. Les ventes de billets devraient commencer le 16 d\u00e9cembre.<\/p>\n<p>Une annonce \u00abtr\u00e8s encourageante\u00bb<\/p>\n<p class=\"fig-paragraph\">Les trains de nuit actuels Berlin-Paris et Vienne-Paris exploit\u00e9s par SNCF, Deutsche Bahn et \u00d6BB ne circuleront plus \u00e0 partir du 14 d\u00e9cembre, apr\u00e8s l&rsquo;arr\u00eat par le gouvernement fran\u00e7ais d&rsquo;une subvention de 10 millions d&rsquo;euros indispensable \u00e0 leur viabilit\u00e9 \u00e9conomique.<\/p>\n<p class=\"fig-paragraph\">Le R\u00e9seau Action Climat (RAC) s&rsquo;est \u00abr\u00e9joui\u00bb de l&rsquo;annonce d&rsquo;European Sleeper, jug\u00e9e \u00abtr\u00e8s encourageante\u00bb pour ceux qui aspirent \u00e0 voyager \u00abde mani\u00e8re \u00e9cologique\u00bb. Mais \u00abl&rsquo;essor des trains de nuit ne peut pas reposer uniquement sur des acteurs priv\u00e9s aussi volontaristes soient-ils\u00bb, estime dans un communiqu\u00e9 le RAC, qui demande le maintien d&rsquo;une subvention pour relancer la ligne Paris-Vienne et s\u00e9curiser la reprise de la ligne Paris-Berlin.<\/p>\n<p class=\"fig-paragraph\">Le ministre fran\u00e7ais des Transports Philippe Tabarot a, de son c\u00f4t\u00e9, salu\u00e9 \u00abtoute initiative de ce type permettant d&rsquo;accro\u00eetre l&rsquo;offre sans argent du contribuable, quel que soit l&rsquo;op\u00e9rateur\u00bb. \u00abLes discussions se poursuivent pour d\u00e9terminer les conditions pr\u00e9cises de circulation\u00bb, a-t-il dit sans plus de d\u00e9tail.<\/p>\n<p>                                    <a class=\"fig-a11y-skip a11y-hidden\" href=\"#fig-a11y-skip-main-inarticle_btf\"><br \/>\n        Passer la publicit\u00e9<br \/>\n    <\/a><\/p>\n<p class=\"fig-paragraph\">\u00abNous lancerons le service\u00bb sans attendre le r\u00e9sultat de la prochaine lev\u00e9e de fonds et sans subvention, a dit Chris Engelsman. \u00abNous ne voulons pas d\u00e9pendre de subventions (&#8230;) mais cela pourrait \u00eatre tr\u00e8s utile que les gouvernements soutiennent des projets comme celui-ci au moment de leur lancement\u00bb, a-t-il jug\u00e9.<\/p>\n<p class=\"fig-paragraph\">European Sleeper, qui enregistrera pour 2025 \u00abune petite perte\u00bb et esp\u00e8re \u00eatre rentable \u00abfin 2026\u00bb sur sa principale ligne Bruxelles-Berlin-Prague, compte notamment sur la forte demande pour le tron\u00e7on Paris-Berlin pour passer dans le vert, selon Chris Engelsman.<\/p>\n","protected":false},"excerpt":{"rendered":"Les d\u00e9parts de Paris sur le nouveau parcours sont pr\u00e9vus les dimanches, mardis et jeudis soirs, avec une&hellip;\n","protected":false},"author":2,"featured_media":530511,"comment_status":"","ping_status":"","sticky":false,"template":"","format":"standard","meta":{"footnotes":""},"categories":[1888],"tags":[11,1777,674,1011,27,12,626,25,926],"class_list":{"0":"post-530510","1":"post","2":"type-post","3":"status-publish","4":"format-standard","5":"has-post-thumbnail","7":"category-paris","8":"tag-actualites","9":"tag-eu","10":"tag-europe","11":"tag-fr","12":"tag-france","13":"tag-news","14":"tag-paris","15":"tag-republique-francaise","16":"tag-train"},"share_on_mastodon":{"url":"https:\/\/pubeurope.com\/@fr\/115540505742572559","error":""},"_links":{"self":[{"href":"https:\/\/www.europesays.com\/fr\/wp-json\/wp\/v2\/posts\/530510","targetHints":{"allow":["GET"]}}],"collection":[{"href":"https:\/\/www.europesays.com\/fr\/wp-json\/wp\/v2\/posts"}],"about":[{"href":"https:\/\/www.europesays.com\/fr\/wp-json\/wp\/v2\/types\/post"}],"author":[{"embeddable":true,"href":"https:\/\/www.europesays.com\/fr\/wp-json\/wp\/v2\/users\/2"}],"replies":[{"embeddable":true,"href":"https:\/\/www.europesays.com\/fr\/wp-json\/wp\/v2\/comments?post=530510"}],"version-history":[{"count":0,"href":"https:\/\/www.europesays.com\/fr\/wp-json\/wp\/v2\/posts\/530510\/revisions"}],"wp:featuredmedia":[{"embeddable":true,"href":"https:\/\/www.europesays.com\/fr\/wp-json\/wp\/v2\/media\/530511"}],"wp:attachment":[{"href":"https:\/\/www.europesays.com\/fr\/wp-json\/wp\/v2\/media?parent=530510"}],"wp:term":[{"taxonomy":"category","embeddable":true,"href":"https:\/\/www.europesays.com\/fr\/wp-json\/wp\/v2\/categories?post=530510"},{"taxonomy":"post_tag","embeddable":true,"href":"https:\/\/www.europesays.com\/fr\/wp-json\/wp\/v2\/tags?post=530510"}],"curies":[{"name":"wp","href":"https:\/\/api.w.org\/{rel}","templated":true}]}}