{"id":530517,"date":"2025-11-13T04:32:23","date_gmt":"2025-11-13T04:32:23","guid":{"rendered":"https:\/\/www.europesays.com\/fr\/530517\/"},"modified":"2025-11-13T04:32:23","modified_gmt":"2025-11-13T04:32:23","slug":"royaume-uni-les-actions-progressent-de-01-5","status":"publish","type":"post","link":"https:\/\/www.europesays.com\/fr\/530517\/","title":{"rendered":"Royaume-Uni : les actions progressent de 0,1%"},"content":{"rendered":"<td class=\"is__realtime px-5\">\n<tr wp_automatic_readability=\"2\">\n<td colspan=\"3\" class=\"is__realtime-quality js-next-event-quotes\" data-next-event=\"2025-11-13T09:00:00+01:00\">\n<p>                                            March\u00e9 Ferm\u00e9 &#8211;<\/p>\n<p>                                            Switzerland<\/p>\n<p>17:50:00 12\/11\/2025<\/p>\n<\/td>\n<td class=\"txt-align-center is__realtime-quality c-none cm-table\">\n                            Varia. 5j.\n                        <\/td>\n<td class=\"txt-align-center is__realtime-quality\">\n                            Varia. 1 janv.\n                        <\/td>\n<\/tr>\n<tr>\n<td class=\"txt-s7 is__realtime-last txt-align-left\">\n<p>584,23                        PTS\n                                    <\/td>\n<td class=\"txt-s7 is__realtime-var txt-align-left\">\n                                             +0,71%\n                                    <\/td>\n<td class=\"table-child--middle c-none cs-table table-child--no-pad\">\n                                                <img loading=\"lazy\" decoding=\"async\" style=\"vertical-align: middle\" width=\"120\" height=\"45\" alt=\"Graphique intraday de STOXX Europe 600 Index (EUR)\" src=\"https:\/\/www.zonebourse.com\/zbcache\/charts\/ObjectChart.aspx?Name=7477&amp;Type=Intraday&amp;Width=120&amp;Height=45&amp;ShowAxis=0&amp;DTstart=2025-11-12&amp;Render=Line&amp;BottomMargin=3&amp;TopMargin=5&amp;Prev=580.13\" onerror=\"this.style.display='none'\"\/>                    <\/td>\n<td class=\"txt-s4 txt-align-center c-none cm-table\">\n                             +2,16%\n                        <\/td>\n<td class=\"txt-s4 txt-align-center\">\n                                                             +15,09%\n                                                    <\/td>\n<\/tr>\n<p class=\"m-0 txt-s1\">Publi\u00e9 le 12\/11\/2025<br \/>\n                    \u00e0 18:07<\/p>\n<p>\n                                            Dow Jones\n                                                        <\/p>\n<p><img decoding=\"async\" src=\"https:\/\/www.europesays.com\/fr\/wp-content\/uploads\/2025\/09\/2019-12-11T174309Z_1_LYNXMPEFBA1L8_RTROPTP_3_BRITAIN-EU-MARKETS.JPG\" alt=\"Royaume-Uni :  les actions progressent de 0,1%\" class=\"w-100 media--169 \" data-zoomable=\"true\" data-zoomable-url=\"\/images\/reuters\/2019-12-11T174309Z_1_LYNXMPEFBA1L8_RTROPTP_3_BRITAIN-EU-MARKETS.JPG\"\/>]]]]>]]><\/p>\n<p>D\u00e9bloquer l&rsquo;article : INSCRIVEZ-VOUS !<\/p>\n<p><img decoding=\"async\" src=\"https:\/\/www.europesays.com\/fr\/wp-content\/uploads\/2025\/06\/dj-logo-footer.gif\" alt=\"Dow Jones logo\" class=\"c-block ml-auto\"\/><br \/>\n                    \u00a9 Dow Jones &#8211;<br \/>\n                                        2025<\/p>\n<tr class=\" \" wp_automatic_readability=\"0.18947368421053\">\n<td class=\"table-child--centered table-child--top table-child--nowrap table-child--w60 txt-s1\">05:08<\/td>\n<td class=\"w-100\"><a href=\"https:\/\/ch.zonebourse.com\/actualite-bourse\/fin-du-shutdown-aux-etats-unis-donald-trump-signe-une-loi-de-financement-temporaire-ce7d5fdfd08cf02d\" class=\"txt- txt-overflow-2 link link--no-underline my-5 my-m-0 \" rel=\"nofollow noopener\" target=\"_blank\"><\/p>\n<p>Fin du shutdown aux \u00c9tats-Unis : Donald Trump signe une loi de financement temporaire<\/p>\n<p>                <\/a><\/td>\n<td class=\"table-child--right  table-child--top table-child--w60 c-none cm-table\">\n                                    MT\n                        <\/td>\n<\/tr>\n<tr class=\" \" wp_automatic_readability=\"0.2\">\n<td class=\"table-child--centered table-child--top table-child--nowrap table-child--w60 txt-s1\">\n    12\/11<\/td>\n<td class=\"w-100\"><a href=\"https:\/\/ch.zonebourse.com\/actualite-bourse\/les-bourses-mondiales-profitent-du-deblocage-budgetaire-imminent-aux-etats-unis-ce7d5fdfde8ff023\" class=\"txt- txt-overflow-2 link link--no-underline my-5 my-m-0 \" rel=\"nofollow noopener\" target=\"_blank\"><\/p>\n<p>Les Bourses mondiales profitent du d\u00e9blocage budg\u00e9taire imminent aux Etats-Unis<\/p>\n<p>                <\/a><\/td>\n<td class=\"table-child--right  table-child--top table-child--w60 c-none cm-table\">\n                                    AW\n                        <\/td>\n<\/tr>\n<tr class=\" \" wp_automatic_readability=\"0.21686746987952\">\n<td class=\"table-child--centered table-child--top table-child--nowrap table-child--w60 txt-s1\">\n    12\/11<\/td>\n<td class=\"w-100\"><a href=\"https:\/\/ch.zonebourse.com\/actualite-bourse\/les-bourses-saluent-la-fin-annoncee-du-blocage-budgetaire-aux-etats-unis-ce7d5fdfdc8ef121\" class=\"txt- txt-overflow-2 link link--no-underline my-5 my-m-0 \" rel=\"nofollow noopener\" target=\"_blank\"><\/p>\n<p>Les Bourses saluent la fin annonc\u00e9e du blocage budg\u00e9taire aux Etats-Unis<\/p>\n<p>                <\/a><\/td>\n<td class=\"table-child--right  table-child--top table-child--w60 c-none cm-table\">\n                                    AW\n                        <\/td>\n<\/tr>\n<tr class=\" \" wp_automatic_readability=\"0.34177215189873\">\n<td class=\"table-child--centered table-child--top table-child--nowrap table-child--w60 txt-s1\">\n    12\/11<\/td>\n<td class=\"w-100\"><a href=\"https:\/\/ch.zonebourse.com\/actualite-bourse\/l-europe-finit-dans-le-vert-une-levee-du-shutdown-attendue-aux-usa-ce7d5fdfdc8cf125\" class=\"txt- txt-overflow-2 link link--no-underline my-5 my-m-0 \" rel=\"nofollow noopener\" target=\"_blank\"><\/p>\n<p>L&rsquo;Europe finit dans le vert, une lev\u00e9e du \u00ab\u00a0shutdown\u00a0\u00bb attendue aux USA<\/p>\n<p>                <\/a><\/td>\n<td class=\"table-child--right  table-child--top table-child--w60 c-none cm-table\">\n                                    RE\n                        <\/td>\n<\/tr>\n<tr class=\" \" wp_automatic_readability=\"0.18\">\n<td class=\"table-child--centered table-child--top table-child--nowrap table-child--w60 txt-s1\">\n    12\/11<\/td>\n<td class=\"w-100\"><a href=\"https:\/\/ch.zonebourse.com\/actualite-bourse\/nexrail-du-luxembourg-choisit-stadler-pour-de-nouvelles-locomotives-hybrides-panto-batterie-ce7d5fdfdd81f122\" class=\"txt- txt-overflow-2 link link--no-underline my-5 my-m-0 \" rel=\"nofollow noopener\" target=\"_blank\"><\/p>\n<p>Nexrail du Luxembourg choisit Stadler pour de nouvelles locomotives hybrides panto-batterie<\/p>\n<p>                <\/a><\/td>\n<td class=\"table-child--right  table-child--top table-child--w60 c-none cm-table\">\n                                    MT\n                        <\/td>\n<\/tr>\n<tr class=\" \" wp_automatic_readability=\"0.28125\">\n<td class=\"table-child--centered table-child--top table-child--nowrap table-child--w60 txt-s1\">\n    12\/11<\/td>\n<td class=\"w-100\"><a href=\"https:\/\/ch.zonebourse.com\/actualite-bourse\/paris-l-indice-cac-40-atteint-un-nouveau-record-absolu-ce7d5fdfdd8bf627\" class=\"txt- txt-overflow-2 link link--no-underline my-5 my-m-0 \" rel=\"nofollow noopener\" target=\"_blank\"><\/p>\n<p>Paris: l&rsquo;indice CAC 40 atteint un nouveau record absolu<\/p>\n<p>                <\/a><\/td>\n<td class=\"table-child--right  table-child--top table-child--w60 c-none cm-table\">\n                                    AW\n                        <\/td>\n<\/tr>\n<tr class=\" \" wp_automatic_readability=\"0.19565217391304\">\n<td class=\"table-child--centered table-child--top table-child--nowrap table-child--w60 txt-s1\">\n    12\/11<\/td>\n<td class=\"w-100\"><a href=\"https:\/\/ch.zonebourse.com\/actualite-bourse\/l-indice-pmi-des-conditions-d-exportation-manufacturieres-de-l-allemagne-progresse-ce7d5fdfdb80fe27\" class=\"txt- txt-overflow-2 link link--no-underline my-5 my-m-0 \" rel=\"nofollow noopener\" target=\"_blank\"><\/p>\n<p>L&rsquo;indice PMI des conditions d&rsquo;exportation manufacturi\u00e8res de l&rsquo;Allemagne progresse<\/p>\n<p>                <\/a><\/td>\n<td class=\"table-child--right  table-child--top table-child--w60 c-none cm-table\">\n                                    MT\n                        <\/td>\n<\/tr>\n<tr class=\" \" wp_automatic_readability=\"0.27272727272727\">\n<td class=\"table-child--centered table-child--top table-child--nowrap table-child--w60 txt-s1\">\n    12\/11<\/td>\n<td class=\"w-100\"><a href=\"https:\/\/ch.zonebourse.com\/actualite-bourse\/le-surplus-du-compte-courant-allemand-bondit-en-septembre-ce7d5fdfdb80ff23\" class=\"txt- txt-overflow-2 link link--no-underline my-5 my-m-0 \" rel=\"nofollow noopener\" target=\"_blank\"><\/p>\n<p>Le surplus du compte courant allemand bondit en septembre<\/p>\n<p>                <\/a><\/td>\n<td class=\"table-child--right  table-child--top table-child--w60 c-none cm-table\">\n                                    MT\n                        <\/td>\n<\/tr>\n<tr class=\" \" wp_automatic_readability=\"0.25961538461538\">\n<td class=\"table-child--centered table-child--top table-child--nowrap table-child--w60 txt-s1\">\n    12\/11<\/td>\n<td class=\"w-100\"><a href=\"https:\/\/ch.zonebourse.com\/actualite-bourse\/wall-street-vue-en-hausse-avec-l-espoir-d-une-levee-du-shutdown-l-europe-aussi-dans-le-vert-ce7d5fdfdb8bfe2c\" class=\"txt- txt-overflow-2 link link--no-underline my-5 my-m-0 \" rel=\"nofollow noopener\" target=\"_blank\"><\/p>\n<p>Wall Street vue en hausse avec l&rsquo;espoir d&rsquo;une lev\u00e9e du \u00ab\u00a0shutdown\u00a0\u00bb, l&rsquo;Europe aussi dans le vert<\/p>\n<p>                <\/a><\/td>\n<td class=\"table-child--right  table-child--top table-child--w60 c-none cm-table\">\n                                    RE\n                        <\/td>\n<\/tr>\n<tr class=\" \" wp_automatic_readability=\"0.225\">\n<td class=\"table-child--centered table-child--top table-child--nowrap table-child--w60 txt-s1\">\n    12\/11<\/td>\n<td class=\"w-100\"><a href=\"https:\/\/ch.zonebourse.com\/actualite-bourse\/les-marches-europeens-progressent-a-la-mi-journee-portes-par-les-resultats-d-entreprises-et-l-optim-ce7d5fdfd888f021\" class=\"txt- txt-overflow-2 link link--no-underline my-5 my-m-0 \" rel=\"nofollow noopener\" target=\"_blank\"><\/p>\n<p>Les march\u00e9s europ\u00e9ens progressent \u00e0 la mi-journ\u00e9e, port\u00e9s par les r\u00e9sultats d&rsquo;entreprises et l&rsquo;optimisme sur la situation budg\u00e9taire am\u00e9ricaine<\/p>\n<p>                <\/a><\/td>\n<td class=\"table-child--right  table-child--top table-child--w60 c-none cm-table\">\n                                    MT\n                        <\/td>\n<\/tr>\n<tr class=\" \" wp_automatic_readability=\"0.23529411764706\">\n<td class=\"table-child--centered table-child--top table-child--nowrap table-child--w60 txt-s1\">\n    12\/11<\/td>\n<td class=\"w-100\"><a href=\"https:\/\/ch.zonebourse.com\/actualite-bourse\/et-si-l-europe-battait-wall-street-en-2025--ce7d5fdfd989f721\" class=\"txt- txt-overflow-2 link link--no-underline my-5 my-m-0 \" rel=\"nofollow noopener\" target=\"_blank\"><\/p>\n<p>Et si l&rsquo;Europe battait Wall Street en 2025\u00a0?<\/p>\n<p>                <\/a><\/td>\n<td class=\"table-child--right  table-child--top table-child--w60 c-none cm-table\"><img loading=\"lazy\" decoding=\"async\" src=\"https:\/\/www.europesays.com\/fr\/wp-content\/uploads\/2025\/05\/logo_at.gif\" width=\"14\" height=\"8\" alt=\"Zonebourse\"\/><\/td>\n<\/tr>\n<tr class=\" \" wp_automatic_readability=\"0.26086956521739\">\n<td class=\"table-child--centered table-child--top table-child--nowrap table-child--w60 txt-s1\">\n    12\/11<\/td>\n<td class=\"w-100\"><a href=\"https:\/\/ch.zonebourse.com\/actualite-bourse\/paris-profite-de-l-optimisme-et-de-l-appetit-pour-le-risque-ce7d5fded081f422\" class=\"txt- txt-overflow-2 link link--no-underline my-5 my-m-0 \" rel=\"nofollow noopener\" target=\"_blank\"><\/p>\n<p>Paris profite de l&rsquo;optimisme et de l&rsquo;app\u00e9tit pour le risque<\/p>\n<p>                <\/a><\/td>\n<td class=\"table-child--right  table-child--top table-child--w60 c-none cm-table\">\n                                    AW\n                        <\/td>\n<\/tr>\n<tr class=\" \" wp_automatic_readability=\"0.35526315789474\">\n<td class=\"table-child--centered table-child--top table-child--nowrap table-child--w60 txt-s1\">\n    12\/11<\/td>\n<td class=\"w-100\"><a href=\"https:\/\/ch.zonebourse.com\/actualite-bourse\/la-production-industrielle-italienne-en-hausse-de-2-8-en-septembre-ce7d5fded088f321\" class=\"txt- txt-overflow-2 link link--no-underline my-5 my-m-0 \" rel=\"nofollow noopener\" target=\"_blank\"><\/p>\n<p>La production industrielle italienne en hausse de 2,8% en septembre<\/p>\n<p>                <\/a><\/td>\n<td class=\"table-child--right  table-child--top table-child--w60 c-none cm-table\">\n                                    MT\n                        <\/td>\n<\/tr>\n<tr class=\" \" wp_automatic_readability=\"0.22784810126582\">\n<td class=\"table-child--centered table-child--top table-child--nowrap table-child--w60 txt-s1\">\n    12\/11<\/td>\n<td class=\"w-100\"><a href=\"https:\/\/ch.zonebourse.com\/actualite-bourse\/les-actions-europeennes-atteignent-des-sommets-historiques-portees-par-l-espoir-de-la-fin-du-shut-ce7d5fded18ef621\" class=\"txt- txt-overflow-2 link link--no-underline my-5 my-m-0 \" rel=\"nofollow noopener\" target=\"_blank\"><\/p>\n<p>Les Bourses europ\u00e9ennes atteignent un record, port\u00e9es par les valeurs financi\u00e8res et l&rsquo;espoir d&rsquo;une sortie de la paralysie budg\u00e9taire am\u00e9ricaine<\/p>\n<p>                <\/a><\/td>\n<td class=\"table-child--right  table-child--top table-child--w60 c-none cm-table\">\n                                    RE\n                        <\/td>\n<\/tr>\n<tr class=\" \" wp_automatic_readability=\"0.22222222222222\">\n<td class=\"table-child--centered table-child--top table-child--nowrap table-child--w60 txt-s1\">\n    12\/11<\/td>\n<td class=\"w-100\"><a href=\"https:\/\/ch.zonebourse.com\/actualite-bourse\/l-europe-ouvre-dans-le-vert-en-attendant-la-fin-du-shutdown-americain-ce7d5fded18ef72c\" class=\"txt- txt-overflow-2 link link--no-underline my-5 my-m-0 \" rel=\"nofollow noopener\" target=\"_blank\"><\/p>\n<p>L&rsquo;Europe ouvre dans le vert en attendant la fin du \u00ab\u00a0shutdown\u00a0\u00bb am\u00e9ricain<\/p>\n<p>                <\/a><\/td>\n<td class=\"table-child--right  table-child--top table-child--w60 c-none cm-table\">\n                                    RE\n                        <\/td>\n<\/tr>\n<tr class=\" \" wp_automatic_readability=\"0.31034482758621\">\n<td class=\"table-child--centered table-child--top table-child--nowrap table-child--w60 txt-s1\">\n    12\/11<\/td>\n<td class=\"w-100\"><a href=\"https:\/\/ch.zonebourse.com\/actualite-bourse\/les-bourses-europeennes-ouvrent-en-petite-hausse-ce7d5fded18cf227\" class=\"txt- txt-overflow-2 link link--no-underline my-5 my-m-0 \" rel=\"nofollow noopener\" target=\"_blank\"><\/p>\n<p>Les Bourses europ\u00e9ennes ouvrent en petite hausse<\/p>\n<p>                <\/a><\/td>\n<td class=\"table-child--right  table-child--top table-child--w60 c-none cm-table\">\n                                    AW\n                        <\/td>\n<\/tr>\n<tr class=\" \" wp_automatic_readability=\"0.35526315789474\">\n<td class=\"table-child--centered table-child--top table-child--nowrap table-child--w60 txt-s1\">\n    12\/11<\/td>\n<td class=\"w-100\"><a href=\"https:\/\/ch.zonebourse.com\/actualite-bourse\/les-prix-de-gros-annuels-en-allemagne-augmentent-de-1-1-en-octobre-ce7d5fdedc8cfe26\" class=\"txt- txt-overflow-2 link link--no-underline my-5 my-m-0 \" rel=\"nofollow noopener\" target=\"_blank\"><\/p>\n<p>Les prix de gros annuels en Allemagne augmentent de 1,1% en octobre<\/p>\n<p>                <\/a><\/td>\n<td class=\"table-child--right  table-child--top table-child--w60 c-none cm-table\">\n                                    MT\n                        <\/td>\n<\/tr>\n<tr class=\" \" wp_automatic_readability=\"0.36986301369863\">\n<td class=\"table-child--centered table-child--top table-child--nowrap table-child--w60 txt-s1\">\n    12\/11<\/td>\n<td class=\"w-100\"><a href=\"https:\/\/ch.zonebourse.com\/actualite-bourse\/l-inflation-annuelle-en-allemagne-confirmee-a-2-3-en-octobre-ce7d5fdedc8cf120\" class=\"txt- txt-overflow-2 link link--no-underline my-5 my-m-0 \" rel=\"nofollow noopener\" target=\"_blank\"><\/p>\n<p>L&rsquo;inflation annuelle en Allemagne confirm\u00e9e \u00e0 2,3 % en octobre<\/p>\n<p>                <\/a><\/td>\n<td class=\"table-child--right  table-child--top table-child--w60 c-none cm-table\">\n                                    MT\n                        <\/td>\n<\/tr>\n<tr class=\" \" wp_automatic_readability=\"0.21176470588235\">\n<td class=\"table-child--centered table-child--top table-child--nowrap table-child--w60 txt-s1\">\n    12\/11<\/td>\n<td class=\"w-100\"><a href=\"https:\/\/ch.zonebourse.com\/actualite-bourse\/roi-europe-doit-tenir-ses-promesses-technologiques-pour-vivre-d-autres-annees-comme-2025-mike-dola-ce7d5fdedc8dff27\" class=\"txt- txt-overflow-2 link link--no-underline my-5 my-m-0 \" rel=\"nofollow noopener\" target=\"_blank\"><\/p>\n<p>L&rsquo;Europe doit tenir la promesse technologique pour prolonger l&rsquo;\u00e9lan de 2025<\/p>\n<p>                <\/a><\/td>\n<td class=\"table-child--right  table-child--top table-child--w60 c-none cm-table\">\n                                    RE\n                        <\/td>\n<\/tr>\n<tr class=\" \" wp_automatic_readability=\"0.32530120481928\">\n<td class=\"table-child--centered table-child--top table-child--nowrap table-child--w60 txt-s1\">\n    12\/11<\/td>\n<td class=\"w-100\"><a href=\"https:\/\/ch.zonebourse.com\/actualite-bourse\/l-europe-vue-dans-le-vert-washington-se-rapproche-de-la-fin-du-shutdown-ce7d5fdedc8af527\" class=\"txt- txt-overflow-2 link link--no-underline my-5 my-m-0 \" rel=\"nofollow noopener\" target=\"_blank\"><\/p>\n<p>L&rsquo;Europe vue dans le vert, Washington se rapproche de la fin du \u00ab\u00a0shutdown\u00a0\u00bb<\/p>\n<p>                <\/a><\/td>\n<td class=\"table-child--right  table-child--top table-child--w60 c-none cm-table\">\n                                    RE\n                        <\/td>\n<\/tr>\n<tr class=\" \" wp_automatic_readability=\"0.2093023255814\">\n<td class=\"table-child--centered table-child--top table-child--nowrap table-child--w60 txt-s1\">\n    12\/11<\/td>\n<td class=\"w-100\"><a href=\"https:\/\/ch.zonebourse.com\/actualite-bourse\/a2a-actualise-son-plan-2035-avec-des-investissements-de-23-milliards-d-euros-ce7d5fdedc8bf624\" class=\"txt- txt-overflow-2 link link--no-underline my-5 my-m-0 \" rel=\"nofollow noopener\" target=\"_blank\"><\/p>\n<p>A2A actualise son plan 2035 avec des investissements de 23\u00a0milliards d&rsquo;euros<\/p>\n<p>                <\/a><\/td>\n<td class=\"table-child--right  table-child--top table-child--w60 c-none cm-table\">\n                                    AN\n                        <\/td>\n<\/tr>\n<tr class=\" \" wp_automatic_readability=\"0.31395348837209\">\n<td class=\"table-child--centered table-child--top table-child--nowrap table-child--w60 txt-s1\">\n    11\/11<\/td>\n<td class=\"w-100\"><a href=\"https:\/\/ch.zonebourse.com\/actualite-bourse\/l-europe-finit-dans-le-vert-les-investisseurs-attendent-la-fin-du-shutdown-ce7d5fded988f423\" class=\"txt- txt-overflow-2 link link--no-underline my-5 my-m-0 \" rel=\"nofollow noopener\" target=\"_blank\"><\/p>\n<p>L&rsquo;Europe finit dans le vert, les investisseurs attendent la fin du \u00ab\u00a0shutdown\u00a0\u00bb<\/p>\n<p>                <\/a><\/td>\n<td class=\"table-child--right  table-child--top table-child--w60 c-none cm-table\">\n                                    RE\n                        <\/td>\n<\/tr>\n<tr class=\" \" wp_automatic_readability=\"0.26732673267327\">\n<td class=\"table-child--centered table-child--top table-child--nowrap table-child--w60 txt-s1\">\n    11\/11<\/td>\n<td class=\"w-100\"><a href=\"https:\/\/ch.zonebourse.com\/actualite-bourse\/wall-street-vue-sans-direction-inquietudes-sur-la-tech-en-attendant-la-fin-du-shutdown-ce7d5fd9df8af324\" class=\"txt- txt-overflow-2 link link--no-underline my-5 my-m-0 \" rel=\"nofollow noopener\" target=\"_blank\"><\/p>\n<p>Wall Street vue sans direction, inqui\u00e9tudes sur la \u00ab\u00a0tech\u00a0\u00bb en attendant la fin du \u00ab\u00a0shutdown\u00a0\u00bb<\/p>\n<p>                <\/a><\/td>\n<td class=\"table-child--right  table-child--top table-child--w60 c-none cm-table\">\n                                    RE\n                        <\/td>\n<\/tr>\n<tr class=\" \" wp_automatic_readability=\"0.20300751879699\">\n<td class=\"table-child--centered table-child--top table-child--nowrap table-child--w60 txt-s1\">\n    11\/11<\/td>\n<td class=\"w-100\"><a href=\"https:\/\/ch.zonebourse.com\/actualite-bourse\/la-fin-du-shutdown-americain-et-la-progression-des-valeurs-bancaires-soutiennent-les-bourses-europee-ce7d5fd9df88f022\" class=\"txt- txt-overflow-2 link link--no-underline my-5 my-m-0 \" rel=\"nofollow noopener\" target=\"_blank\"><\/p>\n<p>La fin du shutdown am\u00e9ricain et la progression des valeurs bancaires soutiennent les Bourses europ\u00e9ennes \u00e0 la mi-journ\u00e9e<\/p>\n<p>                <\/a><\/td>\n<td class=\"table-child--right  table-child--top table-child--w60 c-none cm-table\">\n                                    MT\n                        <\/td>\n<\/tr>\n<tr class=\" \" wp_automatic_readability=\"0.18947368421053\">\n<td class=\"table-child--centered table-child--top table-child--nowrap table-child--w60 txt-s1\">\n    11\/11<\/td>\n<td class=\"w-100\"><a href=\"https:\/\/ch.zonebourse.com\/actualite-bourse\/l-union-europeenne-approuve-la-coentreprise-entre-eneco-et-mainport-holding-rotterdam-ce7d5fd9df88f020\" class=\"txt- txt-overflow-2 link link--no-underline my-5 my-m-0 \" rel=\"nofollow noopener\" target=\"_blank\"><\/p>\n<p>L&rsquo;Union europ\u00e9enne approuve la coentreprise entre Eneco et Mainport Holding Rotterdam<\/p>\n<p>                <\/a><\/td>\n<td class=\"table-child--right  table-child--top table-child--w60 c-none cm-table\">\n                                    MT\n                        <\/td>\n<\/tr>\n<p>Couleur : Varia.Varia. 5j.Variation 1 moisVariation 3 moisVariation 6 moisVaria. 1anVaria. 3ansVaria. 5ansVaria. 10ansVaria. 1 janv.<\/p>\n<p>Pond\u00e9ration : CapitalisationPond\u00e9rations Equipond\u00e9r\u00e9esPoids<\/p>\n<p>Regroupement : IndustrieSuper SecteursSuper Secteurs et SecteursIndustrie et ActionsSuper Secteurs et ActionsSecteurs et ActionsActions<\/p>\n<p><a class=\"c-block mt-10 link link__more\" href=\"https:\/\/ch.zonebourse.com\/cours\/indice\/STOXX-EUROPE-600-INDEX-EU-7477\/heatmap\/\" rel=\"nofollow noopener\" target=\"_blank\"><br \/>\n                    Heatmap d\u00e9taill\u00e9e<br \/>\n                <\/a><br \/>\n    <img decoding=\"async\" src=\"https:\/\/www.europesays.com\/fr\/wp-content\/uploads\/2025\/04\/img_footer_appstore.png\" alt=\"Download from Apple Store\" loading=\"lazy\"\/><\/p>\n<p class=\"m-0\">NOS EXPERTS \u00c0 VOTRE \u00c9COUTE<\/p>\n<p class=\"m-0 txt-bold\">Lundi &#8211; Vendredi 9h-12h \/ 14h-18h<\/p>\n<p><img decoding=\"async\" src=\"https:\/\/www.europesays.com\/fr\/wp-content\/uploads\/2025\/04\/footer_logo_zb.png\" width=\"181\" height=\"24\" alt=\"Zonebourse, bourse en direct\" loading=\"lazy\"\/><br \/>\n                    Mentions l\u00e9gales<br \/>\n                |<br \/>\n                Param\u00e9trer les cookies<br \/>\n            |<br \/>\n                    Blog Zonebourse<br \/>\n                |<a href=\"https:\/\/ch.zonebourse.com\/qui-sommes-nous\" class=\"link txt-footer\" rel=\"nofollow noopener\" target=\"_blank\"><br \/>\n                Qui sommes-nous ?<br \/>\n            <\/a>|<br \/>\n                Copyright \u00a9 2025 Surperformance SAS. Tous droits r\u00e9serv\u00e9s.<\/p>\n<p>\n            Les cotations sont fournies par Factset, Morningstar et S&amp;P Capital IQ\n        <\/p>\n<p class=\"pl-10 txt-bold m-0\">S\u00e9lectionnez votre \u00e9dition<\/p>\n<p class=\"txt-s1 txt-muted m-0 pl-10\">Toutes les informations financi\u00e8res adapt\u00e9es au niveau national<\/p>\n<\/td>\n","protected":false},"excerpt":{"rendered":"March\u00e9 Ferm\u00e9 &#8211; Switzerland 17:50:00 12\/11\/2025 Varia. 5j. Varia. 1 janv. 584,23 PTS +0,71% +2,16% +15,09% Publi\u00e9 le&hellip;\n","protected":false},"author":2,"featured_media":111493,"comment_status":"","ping_status":"","sticky":false,"template":"","format":"standard","meta":{"footnotes":""},"categories":[1588],"tags":[11,340,1777,674,12,473,1853,1851,1850,1852],"class_list":{"0":"post-530517","1":"post","2":"type-post","3":"status-publish","4":"format-standard","5":"has-post-thumbnail","7":"category-royaume-uni","8":"tag-actualites","9":"tag-bourse","10":"tag-eu","11":"tag-europe","12":"tag-news","13":"tag-royaume-uni","14":"tag-royaume-uni-de-grande-bretagne-et-dirlande-du-nord","15":"tag-uk","16":"tag-united-kingdom","17":"tag-united-kingdom-of-great-britain-and-northern-ireland"},"share_on_mastodon":{"url":"https:\/\/pubeurope.com\/@fr\/115540521692944677","error":""},"_links":{"self":[{"href":"https:\/\/www.europesays.com\/fr\/wp-json\/wp\/v2\/posts\/530517","targetHints":{"allow":["GET"]}}],"collection":[{"href":"https:\/\/www.europesays.com\/fr\/wp-json\/wp\/v2\/posts"}],"about":[{"href":"https:\/\/www.europesays.com\/fr\/wp-json\/wp\/v2\/types\/post"}],"author":[{"embeddable":true,"href":"https:\/\/www.europesays.com\/fr\/wp-json\/wp\/v2\/users\/2"}],"replies":[{"embeddable":true,"href":"https:\/\/www.europesays.com\/fr\/wp-json\/wp\/v2\/comments?post=530517"}],"version-history":[{"count":0,"href":"https:\/\/www.europesays.com\/fr\/wp-json\/wp\/v2\/posts\/530517\/revisions"}],"wp:featuredmedia":[{"embeddable":true,"href":"https:\/\/www.europesays.com\/fr\/wp-json\/wp\/v2\/media\/111493"}],"wp:attachment":[{"href":"https:\/\/www.europesays.com\/fr\/wp-json\/wp\/v2\/media?parent=530517"}],"wp:term":[{"taxonomy":"category","embeddable":true,"href":"https:\/\/www.europesays.com\/fr\/wp-json\/wp\/v2\/categories?post=530517"},{"taxonomy":"post_tag","embeddable":true,"href":"https:\/\/www.europesays.com\/fr\/wp-json\/wp\/v2\/tags?post=530517"}],"curies":[{"name":"wp","href":"https:\/\/api.w.org\/{rel}","templated":true}]}}