{"id":530518,"date":"2025-11-13T04:33:22","date_gmt":"2025-11-13T04:33:22","guid":{"rendered":"https:\/\/www.europesays.com\/fr\/530518\/"},"modified":"2025-11-13T04:33:22","modified_gmt":"2025-11-13T04:33:22","slug":"lecrivain-gracie-par-lalgerie-est-arrive-en-allemagne","status":"publish","type":"post","link":"https:\/\/www.europesays.com\/fr\/530518\/","title":{"rendered":"l&rsquo;\u00e9crivain, graci\u00e9 par l&rsquo;Alg\u00e9rie, est arriv\u00e9 en Allemagne"},"content":{"rendered":"<p>Apr\u00e8s environ un an de d\u00e9tention en Alg\u00e9rie, l&rsquo;\u00e9crivain Boualem Sansal, graci\u00e9 ce mercredi, est arriv\u00e9 \u00e0 Berlin, selon les autorit\u00e9s allemandes.<\/p>\n<p>La pr\u00e9sidence allemande annonce ce mercredi 12 novembre que l&rsquo;\u00e9crivain Boualem Sansal, <a href=\"https:\/\/www.bfmtv.com\/international\/afrique\/algerie\/l-algerie-accepte-de-gracier-l-ecrivain-boualem-sansal-apres-un-an-d-emprisonnement_AN-202511120547.html\" title=\"L&#039;Alg\u00e9rie &quot;accepte&quot; de gracier l&#039;\u00e9crivain Boualem Sansal apr\u00e8s un an d&#039;emprisonnement\" class=\"internal_link\" rel=\"nofollow noopener\" target=\"_blank\">graci\u00e9 par l&rsquo;Alg\u00e9rie<\/a>, est arriv\u00e9 \u00e0 Berlin. \u00ab\u00a0Ils ont atterri et sont d\u00e9j\u00e0 en route pour l&rsquo;h\u00f4pital\u00a0\u00bb, a indiqu\u00e9 la porte-parole du pr\u00e9sident allemand Frank-Walter Steinmeier Cerstin Gammelin sans pr\u00e9ciser l&rsquo;\u00e9tablissement o\u00f9 l&rsquo;\u00e9crivain \u00e2g\u00e9 de 81 ans, atteint d&rsquo;un cancer, doit recevoir des soins m\u00e9dicaux.<\/p>\n<p>Un peu plus t\u00f4t dans la journ\u00e9e, le pr\u00e9sident alg\u00e9rien Abdelmadjid Tebboune \u00ab\u00a0a r\u00e9pondu favorablement\u00a0\u00bb \u00e0 une demande de son homologue allemand <a href=\"https:\/\/www.bfmtv.com\/international\/europe\/allemagne\/un-geste-humanitaire-le-president-allemand-demande-la-grace-de-boualem-sansal-a-l-algerie_AD-202511110343.html\" title=\"&quot;Un geste humanitaire&quot;: le pr\u00e9sident allemand demande la gr\u00e2ce de Boualem Sansal \u00e0 l&#039;Alg\u00e9rie\" class=\"internal_link\" rel=\"nofollow noopener\" target=\"_blank\">Frank-Walter Steinmeier<\/a>, \u00ab\u00a0concernant l&rsquo;octroi d&rsquo;une gr\u00e2ce en faveur de Boualem Sansal\u00a0\u00bb, selon le communiqu\u00e9 officiel. \u00ab\u00a0Le pr\u00e9sident a r\u00e9agi \u00e0 cette demande, qui a retenu son attention en raison de sa nature et de ses motifs humanitaires\u00a0\u00bb, selon une d\u00e9claration des autorit\u00e9s alg\u00e9riennes.<\/p>\n<p>Emmanuel Macron salue le r\u00f4le de \u00ab\u00a0la m\u00e9diation allemande\u00a0\u00bb<\/p>\n<p>En d\u00e9placement \u00e0 Toulouse ce mercredi, <a href=\"https:\/\/www.bfmtv.com\/politique\/elysee\/liberation-de-boualem-sansal-emmanuel-macron-remercie-le-president-algerien-et-se-dit-disponible-pour-poursuivre-le-dialogue_AD-202511120729.html\" title=\"Lib\u00e9ration de Boualem Sansal: Emmanuel Macron remercie le pr\u00e9sident alg\u00e9rien et se dit &quot;disponible&quot; pour poursuivre le dialogue\" class=\"internal_link\" rel=\"nofollow noopener\" target=\"_blank\">Emmanuel Macron a salu\u00e9<\/a> \u00ab\u00a0les bons offices\u00a0\u00bb et \u00ab\u00a0la coop\u00e9ration fructueuse depuis plusieurs mois\u00a0\u00bb avec l&rsquo;Allemagne. Selon le chef de l&rsquo;\u00c9tat, cela est \u00ab\u00a0le fruit d&rsquo;efforts constants de la France et d&rsquo;une m\u00e9thode faite de respect, de calme et d&rsquo;exigence\u00a0\u00bb. \u00ab\u00a0Notre souci a toujours \u00e9t\u00e9 d\u2019\u00eatre efficace\u00a0pour permettre la lib\u00e9ration de monsieur Sansal. La m\u00e9diation allemande y a contribu\u00e9 de mani\u00e8re d\u00e9cisive\u00a0\u00bb, salue le chef de l&rsquo;\u00c9tat, qui s&rsquo;est entretenu avec son homologue allemand Frank-Walter Steinmeier et avec Boualem Sansal.<\/p>\n<p><img width=\"1\" height=\"1\" class=\"lozad\"  alt=\"Tous les soirs dans Le Titre \u00e0 la Une, d\u00e9couvrez ce qui se cache derri\u00e8re les gros titres. Zacharie Legros vous raconte une histoire, un r\u00e9cit de vie, avec aussi le t\u00e9moignage intime de celles et ceux qui font l'actualit\u00e9.\"\/>\u00ab\u00a0Un exemple terrible\u00a0\u00bb : apr\u00e8s la gr\u00e2ce de Boualem Sansal, r\u00e9cit d\u2019un an de tractations avec l&rsquo;Alg\u00e9rie pour sa lib\u00e9ration<\/p>\n<p><a href=\"https:\/\/www.bfmtv.com\/international\/afrique\/algerie\/algerie-l-ecrivain-franco-algerien-boualem-sansal-condamne-a-cinq-ans-de-prison-en-appel_AD-202507010350.html\" title=\"Alg\u00e9rie: l&#039;\u00e9crivain franco-alg\u00e9rien Boualem Sansal condamn\u00e9 \u00e0 cinq ans de prison en appel\" class=\"internal_link\" rel=\"nofollow noopener\" target=\"_blank\">Ce dernier avait \u00e9t\u00e9 condamn\u00e9<\/a> en appel \u00e0 cinq ans de prison le 1er juillet dernier notamment pour \u00ab\u00a0atteinte \u00e0 l&rsquo;unit\u00e9 nationale\u00a0\u00bb. Il \u00e9tait accus\u00e9 d'\u00a0\u00bbatteinte \u00e0 l&rsquo;unit\u00e9 nationale\u00a0\u00bb apr\u00e8s des d\u00e9clarations en octobre 2024 dans lesquelles il estimait que l&rsquo;Alg\u00e9rie avait h\u00e9rit\u00e9 sous la colonisation fran\u00e7aise de r\u00e9gions de l&rsquo;ouest du pays comme Oran et Mascara, appartenant pr\u00e9c\u00e9demment, selon lui, au Maroc. Boualem Sansal avait renonc\u00e9 \u00e0 se pourvoir en cassation, ce qui le rendait \u00e9ligible \u00e0 une gr\u00e2ce du pr\u00e9sident alg\u00e9rien.<\/p>\n<p>Ses proches ont exprim\u00e9 <a href=\"https:\/\/www.bfmtv.com\/international\/afrique\/algerie\/l-humanite-a-prevalu-les-proches-et-soutiens-de-boualem-sansal-soulages-apres-la-grace-de-l-ecrivain_AV-202511120682.html\" title=\"&quot;L&#039;humanit\u00e9 a pr\u00e9valu&quot;: les proches et soutiens de Boualem Sansal &quot;soulag\u00e9s&quot; apr\u00e8s la gr\u00e2ce de l&#039;\u00e9crivain\" class=\"internal_link\" rel=\"nofollow noopener\" target=\"_blank\">leur \u00ab\u00a0soulagement\u00a0\u00bb<\/a> apr\u00e8s sa lib\u00e9ration. \u00ab\u00a0J&rsquo;\u00e9tais un petit peu pessimiste parce qu&rsquo;il est malade, il est vieux et qu&rsquo;il pouvait mourir l\u00e0-bas. J&rsquo;\u00e9tais pessimiste mais j&rsquo;y ai toujours cru. J&rsquo;ai gard\u00e9 l&rsquo;espoir que \u00e7a arrive un jour\u00a0\u00bb, a r\u00e9agi sa fille Sabeha Sansal.<\/p>\n","protected":false},"excerpt":{"rendered":"Apr\u00e8s environ un an de d\u00e9tention en Alg\u00e9rie, l&rsquo;\u00e9crivain Boualem Sansal, graci\u00e9 ce mercredi, est arriv\u00e9 \u00e0 Berlin,&hellip;\n","protected":false},"author":2,"featured_media":530519,"comment_status":"","ping_status":"","sticky":false,"template":"","format":"standard","meta":{"footnotes":""},"categories":[1587],"tags":[11,672,1804,1805,1803,1777,674,1801,12,1802],"class_list":{"0":"post-530518","1":"post","2":"type-post","3":"status-publish","4":"format-standard","5":"has-post-thumbnail","7":"category-allemagne","8":"tag-actualites","9":"tag-allemagne","10":"tag-bundesrepublik-deutschland","11":"tag-de","12":"tag-deutschland","13":"tag-eu","14":"tag-europe","15":"tag-germany","16":"tag-news","17":"tag-republique-federale-dallemagne"},"share_on_mastodon":{"url":"https:\/\/pubeurope.com\/@fr\/115540525370698693","error":""},"_links":{"self":[{"href":"https:\/\/www.europesays.com\/fr\/wp-json\/wp\/v2\/posts\/530518","targetHints":{"allow":["GET"]}}],"collection":[{"href":"https:\/\/www.europesays.com\/fr\/wp-json\/wp\/v2\/posts"}],"about":[{"href":"https:\/\/www.europesays.com\/fr\/wp-json\/wp\/v2\/types\/post"}],"author":[{"embeddable":true,"href":"https:\/\/www.europesays.com\/fr\/wp-json\/wp\/v2\/users\/2"}],"replies":[{"embeddable":true,"href":"https:\/\/www.europesays.com\/fr\/wp-json\/wp\/v2\/comments?post=530518"}],"version-history":[{"count":0,"href":"https:\/\/www.europesays.com\/fr\/wp-json\/wp\/v2\/posts\/530518\/revisions"}],"wp:featuredmedia":[{"embeddable":true,"href":"https:\/\/www.europesays.com\/fr\/wp-json\/wp\/v2\/media\/530519"}],"wp:attachment":[{"href":"https:\/\/www.europesays.com\/fr\/wp-json\/wp\/v2\/media?parent=530518"}],"wp:term":[{"taxonomy":"category","embeddable":true,"href":"https:\/\/www.europesays.com\/fr\/wp-json\/wp\/v2\/categories?post=530518"},{"taxonomy":"post_tag","embeddable":true,"href":"https:\/\/www.europesays.com\/fr\/wp-json\/wp\/v2\/tags?post=530518"}],"curies":[{"name":"wp","href":"https:\/\/api.w.org\/{rel}","templated":true}]}}