{"id":530522,"date":"2025-11-13T04:35:12","date_gmt":"2025-11-13T04:35:12","guid":{"rendered":"https:\/\/www.europesays.com\/fr\/530522\/"},"modified":"2025-11-13T04:35:12","modified_gmt":"2025-11-13T04:35:12","slug":"le-canada-et-lue-rappellent-a-israel-de-respecter-ses-obligations-en-vertu-du-droit-international","status":"publish","type":"post","link":"https:\/\/www.europesays.com\/fr\/530522\/","title":{"rendered":"&#8211; Le Canada et l&rsquo;UE rappellent \u00e0 Isra\u00ebl de respecter ses obligations en vertu du droit international"},"content":{"rendered":"<p>AKARTA &#8211; Le Canada et l&rsquo;Union europ\u00e9enne se f\u00e9licitent de l&rsquo;accord conclu lors de la premi\u00e8re phase du Plan global de fin au conflit de Gaza pr\u00e9sent\u00e9 par le pr\u00e9sident am\u00e9ricain Donald Trump, ainsi que des r\u00e9sultats du sommet de paix de Sharm el-Cheikh en octobre dernier.<\/p>\n<p>ronyme : C&rsquo;est ce qu&rsquo;a \u00e9t\u00e9 d\u00e9clar\u00e9 dans une d\u00e9claration commune apr\u00e8s la r\u00e9union du quatri\u00e8me Comit\u00e9 mixte de ministres canadiens et de l&rsquo;Union europ\u00e9enne.<\/p>\n<p>ar a \u00e9t\u00e9 r\u00e9uni au Niagara lors de la quatri\u00e8me r\u00e9union du Comit\u00e9 mixte canadien-UE (JMC) visant \u00e0 renforcer les relations canadien-UE et \u00e0 revoir les progr\u00e8s r\u00e9alis\u00e9s depuis le 20e sommet canadien-UE du 23 juin 2025.<\/p>\n<p>ronyme : \u201cLe Canada et l\u2019UE restent unis pour soutenir une paix \u00e9quitable et durable pour Isra\u00ebl et les Palestiniens, sur la base du respect mutuel et du respect du droit international, ainsi que de la r\u00e9alisation d\u2019une solution \u00e0 deux \u00c9tats \u00bb, peut-on lire dans un communiqu\u00e9 commun, citant la WaFA le 13 novembre.<\/p>\n<p>ronyme : \u201cNous nous engageons fermement \u00e0 une paix globale, \u00e9quitable et durable bas\u00e9e sur une solution \u00e0 deux \u00c9tats conform\u00e9ment \u00e0 une r\u00e9solution du Conseil de s\u00e9curit\u00e9 de l\u2019ONU pertinente dans laquelle deux \u00c9tats d\u00e9mocratiques, Isra\u00ebl et Palestiniens, coexistent pacifiquement dans des fronti\u00e8res s\u00fbres et reconnaiss\u00e9es, \u00e9tant donn\u00e9 \u00e9galement la Haute Conf\u00e9rence pour une solution pacifique sur la question palestinienne et la mise en \u0153uvre de solutions \u00e0 New York dirig\u00e9es par la France et le Royaume de l\u2019Arabie saoudite \u00bb, indique le communiqu\u00e9.<\/p>\n<p>r\u00e8tement, la d\u00e9claration souligne l&rsquo;importance de d\u00e9sescalade dans les Cisjordanie, y compris \u00e0 J\u00e9rusalem-Est, et appelle \u00e0 une fin des violences coloniales, y compris contre les communaut\u00e9s chr\u00e9tiennes, l&rsquo;expansion des colonies ill\u00e9gales en vertu du droit international et des op\u00e9rations militaires isra\u00e9liennes.<\/p>\n<p>\u00bb Le gouvernement isra\u00e9lien doit tenir ses obligations en vertu du droit international \u00bb, indique le communiqu\u00e9.<\/p>\n<p>an : Le Canada et l&rsquo;UE saluent l&rsquo;accord conclu dans la premi\u00e8re phase du Plan global visant \u00e0 mettre fin au conflit de Gaza propos\u00e9 par le pr\u00e9sident Trump, ainsi que les r\u00e9sultats du sommet de paix de Sharm el-Cheikh le 13 octobre 2025.<\/p>\n<p>\u00ab Nous saluons les efforts diplomatiques incessants men\u00e9s par les \u00c9tats-Unis et le r\u00f4le jou\u00e9 par les m\u00e9diateurs r\u00e9gionaux et r\u00e9affirmons notre soutien fort et durable aux n\u00e9gociations en cours \u00bb, ont-ils d\u00e9clar\u00e9.<\/p>\n<p>r\u00e9nal \u00ab Nous exhortons toutes les parties \u00e0 s\u2019engager pleinement \u00e0 toutes les \u00e9tapes de la mise en \u0153uvre et \u00e0 s\u2019abstenir d\u2019une action qui mettra en danger l\u2019accord. L\u2019accord visant \u00e0 poursuivre l\u2019acc\u00e8s humanitaire est \u00e9galement tr\u00e8s important et doit \u00eatre mis en \u0153uvre dans son int\u00e9gralit\u00e9, y compris l\u2019exp\u00e9dition, l\u2019acc\u00e8s et la distribution d\u2019aide humanitaire \u00e0 grande \u00e9chelle \u00e0 l\u2019int\u00e9rieur et \u00e0 travers Gaza, par voie terrestre, ainsi que par voie maritime, et afin que l\u2019ONU et ses agences, ainsi que les organisations humanitaires, puissent fonctionner de mani\u00e8re ind\u00e9pendante et impartiale \u00bb, poursuit le communiqu\u00e9.<\/p>\n<p>ronyme. \u00ab\u00a0Nous reaffirmerons \u00e9galement notre engagement \u00e0 contribuer \u00e0 la restauration pr\u00e9coce et \u00e0 la reconstruction de Gaza. Nous continuerons \u00e0 soutenir l\u2019Autorit\u00e9 Palestinienne, y compris les r\u00e9formes en cours et n\u00e9cessaires et dans le but de retourner \u00e0 Gaza, et aussi par le biais du Groupe de donneurs palestiniens\u00a0\u00bb, indique le communiqu\u00e9.<\/p>\n<p>The English, Chinese, Japanese, Arabic, and French versions are automatically generated by the AI. So there may still be inaccuracies in translating, please always see Indonesian as our main language.<br \/>\n                                    (system supported by DigitalSiber.id)<\/p>\n","protected":false},"excerpt":{"rendered":"AKARTA &#8211; Le Canada et l&rsquo;Union europ\u00e9enne se f\u00e9licitent de l&rsquo;accord conclu lors de la premi\u00e8re phase du&hellip;\n","protected":false},"author":2,"featured_media":530523,"comment_status":"","ping_status":"","sticky":false,"template":"","format":"standard","meta":{"footnotes":""},"categories":[1586],"tags":[11,64971,574,221,1777,674,1779,1011,27,3519,664,12,13539,25,1778,364,40640],"class_list":{"0":"post-530522","1":"post","2":"type-post","3":"status-publish","4":"format-standard","5":"has-post-thumbnail","7":"category-europe","8":"tag-actualites","9":"tag-ar-international","10":"tag-canada","11":"tag-cessez-le-feu","12":"tag-eu","13":"tag-europe","14":"tag-european-union","15":"tag-fr","16":"tag-france","17":"tag-hamas","18":"tag-israel","19":"tag-news","20":"tag-palestinien","21":"tag-republique-francaise","22":"tag-ue","23":"tag-union-europeenne","24":"tag-unions-deurope"},"share_on_mastodon":{"url":"https:\/\/pubeurope.com\/@fr\/115540533183608197","error":""},"_links":{"self":[{"href":"https:\/\/www.europesays.com\/fr\/wp-json\/wp\/v2\/posts\/530522","targetHints":{"allow":["GET"]}}],"collection":[{"href":"https:\/\/www.europesays.com\/fr\/wp-json\/wp\/v2\/posts"}],"about":[{"href":"https:\/\/www.europesays.com\/fr\/wp-json\/wp\/v2\/types\/post"}],"author":[{"embeddable":true,"href":"https:\/\/www.europesays.com\/fr\/wp-json\/wp\/v2\/users\/2"}],"replies":[{"embeddable":true,"href":"https:\/\/www.europesays.com\/fr\/wp-json\/wp\/v2\/comments?post=530522"}],"version-history":[{"count":0,"href":"https:\/\/www.europesays.com\/fr\/wp-json\/wp\/v2\/posts\/530522\/revisions"}],"wp:featuredmedia":[{"embeddable":true,"href":"https:\/\/www.europesays.com\/fr\/wp-json\/wp\/v2\/media\/530523"}],"wp:attachment":[{"href":"https:\/\/www.europesays.com\/fr\/wp-json\/wp\/v2\/media?parent=530522"}],"wp:term":[{"taxonomy":"category","embeddable":true,"href":"https:\/\/www.europesays.com\/fr\/wp-json\/wp\/v2\/categories?post=530522"},{"taxonomy":"post_tag","embeddable":true,"href":"https:\/\/www.europesays.com\/fr\/wp-json\/wp\/v2\/tags?post=530522"}],"curies":[{"name":"wp","href":"https:\/\/api.w.org\/{rel}","templated":true}]}}