{"id":530524,"date":"2025-11-13T04:36:19","date_gmt":"2025-11-13T04:36:19","guid":{"rendered":"https:\/\/www.europesays.com\/fr\/530524\/"},"modified":"2025-11-13T04:36:19","modified_gmt":"2025-11-13T04:36:19","slug":"la-famille-saade-nouvel-actionnaire-de-reference-du-groupe-carrefour","status":"publish","type":"post","link":"https:\/\/www.europesays.com\/fr\/530524\/","title":{"rendered":"La famille Saad\u00e9, nouvel actionnaire de r\u00e9f\u00e9rence du groupe Carrefour"},"content":{"rendered":"<p>\n    Le holding des propri\u00e9taires de CMA CGM et de BFM ach\u00e8te environ 4% du capital du distributeur, dont Rodolphe Saad\u00e9 devient administrateur.<\/p>\n<p class=\"fig-paragraph\">Carrefour ouvre une nouvelle page de son histoire mouvement\u00e9e et se trouve un nouvel actionnaire de r\u00e9f\u00e9rence fran\u00e7ais pour accompagner son d\u00e9veloppement.\u00a0<a href=\"https:\/\/www.lefigaro.fr\/societes\/2017\/07\/12\/20005-20170712ARTFIG00257-alexandre-bompard-en-tete-de-gondole.php\" data-fig-type=\"Article\" data-gtm-custom-categorie=\"navigation\" data-gtm-custom-action=\"crossclick\" data-gtm-custom-label=\"Contextuel\" data-gtm-event=\"customEventSPE\" data-fig-domain=\"LEFIGARO\" rel=\"nofollow noopener\" target=\"_blank\">Alexandre Bompard, PDG du g\u00e9ant de la distribution depuis juin 2017<\/a>, a trouv\u00e9 une solution pour assurer la stabilit\u00e9 de l\u2019actionnariat du groupe. Depuis\u00a0<a href=\"https:\/\/www.lefigaro.fr\/societes\/bernard-arnault-sort-du-capital-de-carrefour-20210831\" data-fig-type=\"Article\" data-gtm-custom-categorie=\"navigation\" data-gtm-custom-action=\"crossclick\" data-gtm-custom-label=\"Contextuel\" data-gtm-event=\"customEventSPE\" data-fig-domain=\"LEFIGARO\" rel=\"nofollow noopener\" target=\"_blank\">la sortie de la famille Arnault en ao\u00fbt 2021<\/a>, quatorze ans apr\u00e8s son arriv\u00e9e tonitruante au capital du distributeur,\u00a0<a href=\"http:\/\/www.lefigaro.fr\/flash-eco\/le-milliardaire-bresilien-abilio-diniz-deuxieme-actionnaire-de-carrefour-est-decede-20240219\" data-fig-type=\"NewsFlash\" data-gtm-custom-categorie=\"navigation\" data-gtm-custom-action=\"crossclick\" data-gtm-custom-label=\"Contextuel\" data-gtm-event=\"customEventSPE\" data-fig-domain=\"LEFIGARO\" rel=\"nofollow noopener\" target=\"_blank\">le d\u00e9c\u00e8s du magnat br\u00e9silien Abilio Diniz<\/a>\u00a0(dont la famille d\u00e9tenait 8% du groupe) en f\u00e9vrier 2024 et celui, un an plus tard, de\u00a0<a href=\"http:\/\/www.lefigaro.fr\/societes\/ginette-moulin-proprietaire-du-groupe-galeries-lafayette-est-morte-a-98-ans-20250211\" data-fig-type=\"NewsFlash\" data-gtm-custom-categorie=\"navigation\" data-gtm-custom-action=\"crossclick\" data-gtm-custom-label=\"Contextuel\" data-gtm-event=\"customEventSPE\" data-fig-domain=\"LEFIGARO\" rel=\"nofollow noopener\" target=\"_blank\">Ginette Moulin, l\u2019h\u00e9riti\u00e8re du groupe Galeries Lafayette\u00a0<\/a>(dont la maison m\u00e8re poss\u00e8de encore 9,46% des actions Carrefour), le march\u00e9 s\u2019inqui\u00e9tait de voir ce fleuron fran\u00e7ais perdre ses actionnaires de r\u00e9f\u00e9rence. Et ce d\u2019autant plus que la famille Moulin, dont le holding est tr\u00e8s endett\u00e9, a d\u00e9j\u00e0 \u00e9t\u00e9 contrainte de se d\u00e9faire d\u2019une partie de ses titres Carrefour (soit 3,5% du capital) en mars 2024.<\/p>\n<p class=\"fig-paragraph\">La nouvelle publi\u00e9e ce mercredi \u00e0 la cl\u00f4ture de la\u2026<\/p>\n<p class=\"fig-premium-paywall__infos\">\n        Cet article est r\u00e9serv\u00e9 aux abonn\u00e9s.        Il vous reste 81% \u00e0 d\u00e9couvrir.\n    <\/p>\n<p>                <img  data- alt=\"Le Figaro\" class=\"fig-img--complete fig-img\"\/><\/p>\n<p class=\"fig-premium-paywall__title\">Black Friday<\/p>\n<p class=\"fig-premium-paywall__subtitle\">-70% sur l&rsquo;abonnement num\u00e9rique<\/p>\n<p class=\"fig-premium-paywall__connect\">\n                D\u00e9j\u00e0 abonn\u00e9\u00a0?                <a class=\"fig-premium-paywall__connect-link\" href=\"https:\/\/connect.lefigaro.fr\/login?client=horizon_web&amp;type=main&amp;redirect_uri=https%3A%2F%2Fwww.lefigaro.fr%2Fsocietes%2Fla-famille-saade-nouvel-actionnaire-de-reference-du-groupe-de-carrefour-20251112\" data-js-gtm=\"{&quot;customCategorie&quot;: &quot;conversion&quot;, &quot;customAction&quot;: &quot;before_Landing_Connexion_paywall_auto&quot;, &quot;customLabel&quot;: &quot;bGVmaWdhcm8uZnJfXzFmMGJmZTNhLTFjMTgtNmMxNi1iYzliLTAzMjBmMzYyZTExM19fTmV3c0ZsYXNo_La famille Saad\u00e9, nouvel actionnaire de r\u00e9f\u00e9rence du groupe Carrefour_49&quot;, &quot;customIDSPE&quot;: &quot;bGVmaWdhcm8uZnJfXzFmMGJmZTNhLTFjMTgtNmMxNi1iYzliLTAzMjBmMzYyZTExM19fTmV3c0ZsYXNo&quot;, &quot;event&quot;: &quot;customEventSPE&quot;}\" rel=\"nofollow noopener\" target=\"_blank\"><br \/>\n                    Connectez-vous<br \/>\n                <\/a>\n            <\/p>\n","protected":false},"excerpt":{"rendered":"Le holding des propri\u00e9taires de CMA CGM et de BFM ach\u00e8te environ 4% du capital du distributeur, dont&hellip;\n","protected":false},"author":2,"featured_media":530525,"comment_status":"","ping_status":"","sticky":false,"template":"","format":"standard","meta":{"footnotes":""},"categories":[2],"tags":[11,64972,4304,15289,1011,27,12,25,24250],"class_list":{"0":"post-530524","1":"post","2":"type-post","3":"status-publish","4":"format-standard","5":"has-post-thumbnail","7":"category-actualites","8":"tag-actualites","9":"tag-alexandre-bompard","10":"tag-carrefour","11":"tag-cma-cgm","12":"tag-fr","13":"tag-france","14":"tag-news","15":"tag-republique-francaise","16":"tag-rodolphe-saade"},"share_on_mastodon":{"url":"https:\/\/pubeurope.com\/@fr\/115540537441153808","error":""},"_links":{"self":[{"href":"https:\/\/www.europesays.com\/fr\/wp-json\/wp\/v2\/posts\/530524","targetHints":{"allow":["GET"]}}],"collection":[{"href":"https:\/\/www.europesays.com\/fr\/wp-json\/wp\/v2\/posts"}],"about":[{"href":"https:\/\/www.europesays.com\/fr\/wp-json\/wp\/v2\/types\/post"}],"author":[{"embeddable":true,"href":"https:\/\/www.europesays.com\/fr\/wp-json\/wp\/v2\/users\/2"}],"replies":[{"embeddable":true,"href":"https:\/\/www.europesays.com\/fr\/wp-json\/wp\/v2\/comments?post=530524"}],"version-history":[{"count":0,"href":"https:\/\/www.europesays.com\/fr\/wp-json\/wp\/v2\/posts\/530524\/revisions"}],"wp:featuredmedia":[{"embeddable":true,"href":"https:\/\/www.europesays.com\/fr\/wp-json\/wp\/v2\/media\/530525"}],"wp:attachment":[{"href":"https:\/\/www.europesays.com\/fr\/wp-json\/wp\/v2\/media?parent=530524"}],"wp:term":[{"taxonomy":"category","embeddable":true,"href":"https:\/\/www.europesays.com\/fr\/wp-json\/wp\/v2\/categories?post=530524"},{"taxonomy":"post_tag","embeddable":true,"href":"https:\/\/www.europesays.com\/fr\/wp-json\/wp\/v2\/tags?post=530524"}],"curies":[{"name":"wp","href":"https:\/\/api.w.org\/{rel}","templated":true}]}}