{"id":530530,"date":"2025-11-13T04:41:17","date_gmt":"2025-11-13T04:41:17","guid":{"rendered":"https:\/\/www.europesays.com\/fr\/530530\/"},"modified":"2025-11-13T04:41:17","modified_gmt":"2025-11-13T04:41:17","slug":"louis-picamoles-recadre-fabien-galthie-et-florian-grill","status":"publish","type":"post","link":"https:\/\/www.europesays.com\/fr\/530530\/","title":{"rendered":"Louis Picamoles recadre Fabien Galthi\u00e9 et Florian Grill"},"content":{"rendered":"<p data-start=\"1785\" data-end=\"2001\">Samedi, le XV de France s\u2019est inclin\u00e9 contre l\u2019Afrique du Sud, au Stade de France.<\/p>\n<p data-start=\"1785\" data-end=\"2001\">Suite \u00e0 cette d\u00e9faite, le s\u00e9lectionneur Fran\u00e7ais Fabien Galthi\u00e9 a rappel\u00e9 que les Bleus s\u2019entrainaient ensemble depuis seulement deux semaines alors que les Boks enchainent les matches depuis le mois de juillet.<\/p>\n<p data-start=\"1785\" data-end=\"2001\">M\u00eame discours pour le pr\u00e9sident de la F\u00e9d\u00e9ration Fran\u00e7aise de Rugby Florian Grill qui estime que les Bleus ne passent pas suffisamment de temps ensemble pour pouvoir \u00eatre au niveau requis.<\/p>\n<p data-start=\"1785\" data-end=\"2001\">L\u2019ancien num\u00e9ro 8 du XV de France <strong data-start=\"1819\" data-end=\"1838\">Louis Picamoles<\/strong> a pris la d\u00e9fense du mod\u00e8le fran\u00e7ais, face aux critiques implicites de la F\u00e9d\u00e9ration envers le Top 14.<\/p>\n<p data-start=\"1785\" data-end=\"2001\">Pour lui, la sp\u00e9cificit\u00e9 du Championnat est aussi sa force.<\/p>\n<p data-start=\"1785\" data-end=\"2001\"><strong>Il s\u2019est confi\u00e9 via <a href=\"https:\/\/www.lequipe.fr\/Rugby\/Article\/Le-top-14-plombe-t-il-les-bleus\/1609247\" rel=\"nofollow noopener\" target=\"_blank\">L\u2019\u00e9quipe<\/a> :<\/strong><\/p>\n<p data-start=\"2003\" data-end=\"2419\">\u00ab C\u2019est l\u2019\u00e9ternel d\u00e9bat sur le Top 14, mais quand j\u2019entends Fabien Galthi\u00e9 dire : \u201cOn n\u2019a pu se rassembler que quinze jours avant, les Sud-Africains sont ensemble depuis six mois\u2026\u201d Oui, mais c\u2019est notre mod\u00e8le. Il y a eu \u00e9norm\u00e9ment de moyens mis en place pour que l\u2019\u00e9quipe de France soit performante. Fabien a les moyens qu\u2019aucun s\u00e9lectionneur n\u2019a eus avant lui. Et on en tire des r\u00e9sultats plut\u00f4t int\u00e9ressants ! \u00bb<\/p>\n<p data-start=\"2421\" data-end=\"2872\">Picamoles rappelle que sous Galthi\u00e9, les Bleus ont remport\u00e9 deux Tournois des Six Nations (2022 et 2025), une performance in\u00e9dite depuis 2010. \u00c0 ses yeux, ce succ\u00e8s prouve que les efforts des clubs pour faciliter la vie du staff tricolore ont port\u00e9 leurs fruits.<\/p>\n<p data-start=\"2421\" data-end=\"2872\">L\u2019ancien capitaine souligne ainsi que <strong data-start=\"2724\" data-end=\"2761\">la critique du Top 14 est injuste<\/strong>, et que le syst\u00e8me fran\u00e7ais, bien qu\u2019imparfait, reste un \u00e9quilibre entre performance et identit\u00e9 domestique.<\/p>\n","protected":false},"excerpt":{"rendered":"Samedi, le XV de France s\u2019est inclin\u00e9 contre l\u2019Afrique du Sud, au Stade de France. Suite \u00e0 cette&hellip;\n","protected":false},"author":2,"featured_media":530531,"comment_status":"","ping_status":"","sticky":false,"template":"","format":"standard","meta":{"footnotes":""},"categories":[1416],"tags":[1011,27,479,1468,60],"class_list":{"0":"post-530530","1":"post","2":"type-post","3":"status-publish","4":"format-standard","5":"has-post-thumbnail","7":"category-rugby","8":"tag-fr","9":"tag-france","10":"tag-rugby","11":"tag-rugby-football","12":"tag-sports"},"share_on_mastodon":{"url":"https:\/\/pubeurope.com\/@fr\/115540557107641975","error":""},"_links":{"self":[{"href":"https:\/\/www.europesays.com\/fr\/wp-json\/wp\/v2\/posts\/530530","targetHints":{"allow":["GET"]}}],"collection":[{"href":"https:\/\/www.europesays.com\/fr\/wp-json\/wp\/v2\/posts"}],"about":[{"href":"https:\/\/www.europesays.com\/fr\/wp-json\/wp\/v2\/types\/post"}],"author":[{"embeddable":true,"href":"https:\/\/www.europesays.com\/fr\/wp-json\/wp\/v2\/users\/2"}],"replies":[{"embeddable":true,"href":"https:\/\/www.europesays.com\/fr\/wp-json\/wp\/v2\/comments?post=530530"}],"version-history":[{"count":0,"href":"https:\/\/www.europesays.com\/fr\/wp-json\/wp\/v2\/posts\/530530\/revisions"}],"wp:featuredmedia":[{"embeddable":true,"href":"https:\/\/www.europesays.com\/fr\/wp-json\/wp\/v2\/media\/530531"}],"wp:attachment":[{"href":"https:\/\/www.europesays.com\/fr\/wp-json\/wp\/v2\/media?parent=530530"}],"wp:term":[{"taxonomy":"category","embeddable":true,"href":"https:\/\/www.europesays.com\/fr\/wp-json\/wp\/v2\/categories?post=530530"},{"taxonomy":"post_tag","embeddable":true,"href":"https:\/\/www.europesays.com\/fr\/wp-json\/wp\/v2\/tags?post=530530"}],"curies":[{"name":"wp","href":"https:\/\/api.w.org\/{rel}","templated":true}]}}