{"id":530532,"date":"2025-11-13T04:42:34","date_gmt":"2025-11-13T04:42:34","guid":{"rendered":"https:\/\/www.europesays.com\/fr\/530532\/"},"modified":"2025-11-13T04:42:34","modified_gmt":"2025-11-13T04:42:34","slug":"on-est-tous-les-deux-mal-a-laise-novak-djokovic-devoile-les-dessous-de-sa-rencontre-avec-sa-femme-qui-sortait-avec-son-ami","status":"publish","type":"post","link":"https:\/\/www.europesays.com\/fr\/530532\/","title":{"rendered":"\u00ab\u00a0On est tous les deux mal \u00e0 l\u2019aise\u00a0\u00bb\u00a0: Novak Djokovic d\u00e9voile les dessous de sa rencontre avec sa femme qui sortait avec son ami"},"content":{"rendered":"<p class=\"paragraph text_align_left lp-f-body-02\"><a href=\"https:\/\/www.leparisien.fr\/sports\/tennis\/novak-djokovic\/\" target=\"_self\" rel=\"nofollow noopener\">Novak Djokovic<\/a> n\u2019a pas habitu\u00e9 ses fans \u00e0 se livrer autant. Invit\u00e9 par <a href=\"https:\/\/www.leparisien.fr\/sports\/football\/il-peut-aider-a-changer-le-monde-quand-cristiano-ronaldo-rend-hommage-a-donald-trump-04-11-2025-J42VINQBBVEMBNXH4AFZFAHXLM.php\" target=\"_self\" rel=\"nofollow noopener\">le journaliste britannique Piers Morgan<\/a> pour une interview long format disponible sur la cha\u00eene YouTube de l\u2019animateur depuis mardi, la l\u00e9gende du tennis mondial s\u2019est exprim\u00e9e en longueur sur des sujets li\u00e9s \u00e0 sa carri\u00e8re, \u00e0 ses rivaux, <a href=\"https:\/\/www.leparisien.fr\/sports\/tennis\/tres-etrange-djokovic-juge-que-sinner-a-beneficie-dun-traitement-de-faveur-durant-sa-suspension-pour-dopage-11-11-2025-HRZJC4ZD2FDBPN62ES2MSNNJSQ.php\" target=\"_self\" rel=\"nofollow noopener\">dont Jannik Sinner<\/a>, mais il s\u2019est aussi \u00e9panch\u00e9 sur des th\u00e9matiques personnelles.<\/p>\n<p class=\"paragraph text_align_left lp-f-body-02\">Le Serbe de 38 ans a notamment \u00e9voqu\u00e9 son histoire d\u2019amour avec Jelena Ristic &#8211; <a href=\"https:\/\/www.leparisien.fr\/laparisienne\/people\/le-champion-de-tennis-novak-djokovic-s-est-marie-au-montenegro-11-07-2014-3993863.php\" target=\"_self\" rel=\"nofollow noopener\">devenue Jelena Djokovic apr\u00e8s leur mariage en 2014<\/a> -, la m\u00e8re de ses deux enfants Stefan (11 ans) et Tara (8 ans). S\u2019il est de notori\u00e9t\u00e9 publique que la relation entre l\u2019homme aux 24 titres du Grand Chelem et sa femme est tr\u00e8s forte, le champion n\u2019avait encore jamais mentionn\u00e9 les circonstances de sa rencontre avec sa future \u00e9pouse.<\/p>\n<p>\u00ab Qui est cette Jelena ? \u00bb<\/p>\n<p class=\"paragraph text_align_left lp-f-body-02\">\u00ab Elle a \u00e9t\u00e9 joueuse de <a href=\"https:\/\/www.leparisien.fr\/sports\/tennis\/\" target=\"_blank\" rel=\"noreferrer nofollow noopener\">tennis <\/a>mais on ne s\u2019est jamais rencontr\u00e9 quand elle jouait. Elle \u00e9tait en couple avec un joueur de tennis qui est un ami \u00e0 moi depuis longtemps \u00bb, a r\u00e9v\u00e9l\u00e9 <a href=\"https:\/\/www.leparisien.fr\/sports\/tennis\/nous-sommes-la-pour-de-nombreuses-annees-de-heros-a-paria-en-serbie-pourquoi-djokovic-sest-installe-en-grece-03-11-2025-2MNSCPNFOVA3LMMM4G2QCUUBVQ.php\" target=\"_self\" rel=\"nofollow noopener\">le natif de Belgrade<\/a>. \u00ab C\u2019\u00e9tait dr\u00f4le parce que la premi\u00e8re fois que j\u2019ai entendu parler d\u2019elle, c\u2019est quand cet ami, qui \u00e9tait dans le m\u00eame club que moi, a jou\u00e9 un match pour la ligue r\u00e9gionale. Nous avions gagn\u00e9 un match important et il a enlev\u00e9 son maillot en dessous duquel il avait un tee-shirt blanc sur lequel il y avait \u00e9crit Jelena je t\u2019aime, c\u2019est pour toi. On \u00e9tait en mode : Oh mon Dieu, c\u2019est si niais, pourquoi as-tu fait \u00e7a ? Et qui est cette Jelena ? Et c\u2019\u00e9tait elle ! \u00bb, a-t-il racont\u00e9.<\/p>\n<p class=\"paragraph text_align_left lp-f-body-02\">Les deux \u00e2mes s\u0153urs ont fini par se rencontrer via d\u2019autres amis communs &#8211; \u00ab on avait plus ou moins le m\u00eame cercle \u00bb &#8211; avant que leur relation ne prenne un autre tournant au moment du d\u00e9m\u00e9nagement de Djokovic pour Monte-Carlo, aux alentours de 2007. \u00ab On s\u2019est mis ensemble et oui, elle s\u2019\u00e9tait s\u00e9par\u00e9e (de mon ami), soyons clairs, ne me mettez pas dans l\u2019embarras ! \u00bb, a rigol\u00e9 le quatri\u00e8me joueur mondial aupr\u00e8s de Piers Morgan. \u00ab Elle est partie \u00e9tudier en Italie et nous nous sommes mis ensemble. \u00bb<\/p>\n<p>\u00ab On n\u2019en a jamais parl\u00e9 \u00bb<\/p>\n<p class=\"paragraph text_align_left lp-f-body-02\">En revanche, <a href=\"https:\/\/www.leparisien.fr\/sports\/tennis\/tennis-pour-feter-le-101e-titre-de-sa-carriere-novak-djokovic-prend-la-pose-au-milieu-de-dalmatiens-11-11-2025-TT45O3IC4VBL3E7X6FNQJ2FRCE.php\" target=\"_self\" rel=\"nofollow noopener\">Djokovic<\/a> a adopt\u00e9 un ton beaucoup plus s\u00e9rieux au moment d\u2019\u00e9voquer l\u2019ex-petit ami de sa femme, avec qui il est toujours en contact. \u00ab Je lui ai parl\u00e9 hier. Il va bien. Il est pass\u00e9 \u00e0 autre chose. Mais on n\u2019en a jamais parl\u00e9. Je pense qu\u2019on est tous les deux mal \u00e0 l\u2019aise. On est rest\u00e9s amis donc tout va bien. \u00bb<\/p>\n<p class=\"paragraph text_align_left lp-f-body-02\">Dans la m\u00eame interview, celui qui est consid\u00e9r\u00e9 comme le meilleur joueur de l\u2019histoire par de nombreux observateurs a r\u00e9affirm\u00e9 que Jelena \u00e9tait \u00ab l\u2019amour de (sa) vie \u00bb.<\/p>\n<p class=\"paragraph text_align_left lp-f-body-02\">\u00ab J\u2019ai eu quelques amourettes de quelques mois, mais c\u2019est la seule relation longue que j\u2019ai eue \u00bb. En plus de r\u00e9guli\u00e8rement afficher son soutien \u00e0 son mari sur les courts de tennis du monde entier, cette derni\u00e8re est \u00e9galement la directrice de la Fondation Novak Djokovic, dont la mission est de d\u00e9velopper des projets \u00e9ducatifs pour de jeunes enfants dans le besoin en Serbie.<\/p>\n","protected":false},"excerpt":{"rendered":"Novak Djokovic n\u2019a pas habitu\u00e9 ses fans \u00e0 se livrer autant. Invit\u00e9 par le journaliste britannique Piers Morgan&hellip;\n","protected":false},"author":2,"featured_media":530533,"comment_status":"","ping_status":"","sticky":false,"template":"","format":"standard","meta":{"footnotes":""},"categories":[1415],"tags":[1011,27,60,1467],"class_list":{"0":"post-530532","1":"post","2":"type-post","3":"status-publish","4":"format-standard","5":"has-post-thumbnail","7":"category-tennis","8":"tag-fr","9":"tag-france","10":"tag-sports","11":"tag-tennis"},"share_on_mastodon":{"url":"https:\/\/pubeurope.com\/@fr\/115540560637095360","error":""},"_links":{"self":[{"href":"https:\/\/www.europesays.com\/fr\/wp-json\/wp\/v2\/posts\/530532","targetHints":{"allow":["GET"]}}],"collection":[{"href":"https:\/\/www.europesays.com\/fr\/wp-json\/wp\/v2\/posts"}],"about":[{"href":"https:\/\/www.europesays.com\/fr\/wp-json\/wp\/v2\/types\/post"}],"author":[{"embeddable":true,"href":"https:\/\/www.europesays.com\/fr\/wp-json\/wp\/v2\/users\/2"}],"replies":[{"embeddable":true,"href":"https:\/\/www.europesays.com\/fr\/wp-json\/wp\/v2\/comments?post=530532"}],"version-history":[{"count":0,"href":"https:\/\/www.europesays.com\/fr\/wp-json\/wp\/v2\/posts\/530532\/revisions"}],"wp:featuredmedia":[{"embeddable":true,"href":"https:\/\/www.europesays.com\/fr\/wp-json\/wp\/v2\/media\/530533"}],"wp:attachment":[{"href":"https:\/\/www.europesays.com\/fr\/wp-json\/wp\/v2\/media?parent=530532"}],"wp:term":[{"taxonomy":"category","embeddable":true,"href":"https:\/\/www.europesays.com\/fr\/wp-json\/wp\/v2\/categories?post=530532"},{"taxonomy":"post_tag","embeddable":true,"href":"https:\/\/www.europesays.com\/fr\/wp-json\/wp\/v2\/tags?post=530532"}],"curies":[{"name":"wp","href":"https:\/\/api.w.org\/{rel}","templated":true}]}}