{"id":530538,"date":"2025-11-13T04:48:21","date_gmt":"2025-11-13T04:48:21","guid":{"rendered":"https:\/\/www.europesays.com\/fr\/530538\/"},"modified":"2025-11-13T04:48:21","modified_gmt":"2025-11-13T04:48:21","slug":"en-minvitant-arthur-dans-quotidien-previent-yann-barthes-face-a-la-vague-de-haine-qui-lattend","status":"publish","type":"post","link":"https:\/\/www.europesays.com\/fr\/530538\/","title":{"rendered":"\u00ab\u00a0En m&rsquo;invitant\u2026\u00a0\u00bb\u00a0: Arthur dans \u00ab\u00a0Quotidien\u00a0\u00bb pr\u00e9vient Yann Barth\u00e8s face \u00e0 la vague de haine qui l&rsquo;attend"},"content":{"rendered":"<p>      R\u00e9sum\u00e9<\/p>\n<p>Invit\u00e9 de \u00ab\u00a0Quotidien\u00a0\u00bb sur TMC pour parler de son livre suite \u00e0 l&rsquo;attaque du Hamas en Isra\u00ebl le 7 octobre 2023. L&rsquo;occasion de pr\u00e9venir Yann Barth\u00e8s des risque pris en invitant son confr\u00e8re \u00e0 parler.<\/p>\n<p>        Sommaire<\/p>\n<p>Depuis le <strong>7\u00a0octobre 2023<\/strong>, l&rsquo;animateur <strong>Arthur est redevenu Arthur Essebag<\/strong>. Suite \u00e0 l&rsquo;attaque meurtri\u00e8re du Hamas contre Isra\u00ebl ce jour-l\u00e0 puis l&rsquo;enl\u00e8vement de dizaines de personnes emmen\u00e9es \u00e0 Gaza, <a href=\"https:\/\/www.public.fr\/arthur-apres-deux-ans-de-combat-sa-decision-lourde-de-sens\" target=\"_blank\" rel=\"noopener\">l&rsquo;homme de 59 ans<\/a> a tenu \u00e0 <strong>mettre sa notori\u00e9t\u00e9 au service d&rsquo;un combat<\/strong> qui lui semblait trop important pour ne pas en parler. En parler quitte \u00e0 perdre des amis, quitte \u00e0 \u00eatre menac\u00e9 de mort ou encore \u00eatre plac\u00e9 sous protection polici\u00e8re.<\/p>\n<p>Ce 12\u00a0novembre, <a href=\"https:\/\/www.public.fr\/arthur-et-mareva-galanter-sous-protection-rapprochee-ils-nen-peuvent-plus\" target=\"_blank\" rel=\"noopener\">le mari de l&rsquo;ancienne Miss France Mareva Galanter<\/a> \u00e9tait l&rsquo;invit\u00e9 de \u00ab\u00a0Quotidien\u00a0\u00bb sur TMC. L&rsquo;occasion de parler de son livre qui ne parle absolument pas de TV. En effet, dans \u00ab\u00a0J&rsquo;ai perdu un B\u00e9douin dans Paris\u00a0\u00bb (Grasset), Arthur d\u00e9voile ce qu&rsquo;est devenue <a href=\"https:\/\/www.public.fr\/hors-de-question-que-je-quitte-mon-pays-arthur-malgre-linsecurite-sa-decision-radicale\" target=\"_blank\" rel=\"noopener\">sa vie depuis les attaques <\/a>du 7\u00a0octobre. Une date qu&rsquo;il n&rsquo;oubliera jamais. \u00ab\u00a0<strong>J&rsquo;ai une esp\u00e8ce de douleur qui ne cicatrise pas\u00a0<\/strong>; qui parfois se transforme en col\u00e8re, en rage, parfois en incompr\u00e9hension [&#8230;] Je suis <strong>parfois d\u00e9sabus\u00e9, parfois j&rsquo;ai plein d&rsquo;espoir<\/strong>\u00ab\u00a0, a-t-il l\u00e2ch\u00e9 en pr\u00e9ambule.<\/p>\n<p>Puis, dans la foul\u00e9e, <a href=\"https:\/\/www.public.fr\/si-je-viens-chez-toi-je-recois-des-menaces-de-mort-arthur-denonce-de-nouveau-ses-amis-du-showbiz-qui-lont-abandonne\" target=\"_blank\" rel=\"noopener\">le p\u00e8re de famille<\/a> a regrett\u00e9 <strong>le silence de <a href=\"https:\/\/www.public.fr\/arthur-apres-avoir-denonce-les-celebrites-qui-lui-tournent-le-dos-lanimateur-publie-des-photos-de-celles-qui-restent-fideles\" target=\"_blank\" rel=\"noopener\">certaines personnalit\u00e9s<\/a><\/strong> et de certains m\u00e9dias et ce alors que <strong>deux otages fran\u00e7ais <\/strong>sont toujours retenus sur place. En parall\u00e8le, <a href=\"https:\/\/www.public.fr\/un-humoriste-accuse-arthur-de-lavoir-vire-de-vtep-suite-aux-attaques-du-7-octobre\" target=\"_blank\" rel=\"noopener\">l&rsquo;animateur de \u00ab\u00a0Vendredi tout est permis\u00a0\u00bb<\/a> a salu\u00e9 <strong>l&rsquo;audace de Yann Barth\u00e8s <\/strong>d&rsquo;accepter de l&rsquo;inviter en plateau. Selon lui, <strong>ce choix ne sera pas sans risque<\/strong>.<\/p>\n<p>Arthur face \u00e0 Yann Barth\u00e8s\u00a0: l&rsquo;animateur de \u00ab\u00a0Quotidien\u00a0\u00bb d\u00e9j\u00e0 menac\u00e9\u00a0?<\/p>\n<p>Suite \u00e0 sa prise de position, Arthur a \u00e9t\u00e9 la cible de harc\u00e8lement, de cyberharc\u00e8lement et menaces de mort. \u00ab\u00a0<strong>J&rsquo;ai re\u00e7u 1000 menaces de mort<\/strong>\u00a0\u00bb a confi\u00e9 <a href=\"https:\/\/www.google.com\/url?sa=t&amp;source=web&amp;rct=j&amp;opi=89978449&amp;url=https:\/\/vsd.fr\/86867-arthur-son-premier-livre-paraitra-le-7-octobre-une-date-douloureuse-et-hautement-symbolique\/&amp;ved=2ahUKEwjjqITrve2QAxV6T6QEHaMSC9UQFnoECBUQAQ&amp;usg=AOvVaw1L10wzYLWCobtbYp6Dmd-v\" target=\"_blank\" rel=\"noopener\">le pr\u00e9sentateur phare de TF1<\/a> qui a d\u00e9cid\u00e9 de porter plainte. D&rsquo;ailleurs, chacune de ses apparitions publiques ne sont pas sans risque d\u00e9sormais. Par exemple, suite \u00e0 la promo de son livre <strong>sur France Inter<\/strong>, sa sortie du studio a \u00e9t\u00e9 particuli\u00e8rement violente. <\/p>\n<p>\u00ab\u00a0C&rsquo;\u00e9tait un matin et j&rsquo;ai sorti ce que j&rsquo;avais dans les tripes [&#8230;] <strong>C&rsquo;est une orgie antis\u00e9mite en ce moment<\/strong>\u00a0\u00bb confiait-il il y a d\u00e9j\u00e0 un an. Et cela ne s&rsquo;est visiblement pas arr\u00eat\u00e9. Au cours de la diffusion de l&rsquo;entretien d&rsquo;Arthur sur TMC ce 12 novembre, impossible de compter <strong>le nombre de messages abjects le ciblant<\/strong>. \u00ab\u00a0Il n&rsquo;y a plus de nuance. Les r\u00e9seaux sociaux, ce n&rsquo;est pas la France, c&rsquo;est une minorit\u00e9 de cr\u00e9tins\u00a0\u00bb a ajout\u00e9 l&rsquo;auteur avant d&rsquo;avertir. \u00ab\u00a0<strong>Allez voir ce que re\u00e7oit Yann Barth\u00e8s en m&rsquo;invitant\u2026 [..] Je peux d\u00e9j\u00e0 vous dire le genre d&rsquo;insultes que va recevoir Yann<\/strong>\u00ab\u00a0. Effectivement, \u00e7a n&rsquo;a pas manqu\u00e9\u2026<\/p>\n<p>\n          Hits &amp; People en continu\n        <\/p>\n<p>\n          Public Radio\n        <\/p>\n<p>      Mentionn\u00e9s dans cet article<\/p>\n<p>      Sur le m\u00eame sujet<\/p>\n","protected":false},"excerpt":{"rendered":"R\u00e9sum\u00e9 Invit\u00e9 de \u00ab\u00a0Quotidien\u00a0\u00bb sur TMC pour parler de son livre suite \u00e0 l&rsquo;attaque du Hamas en Isra\u00ebl&hellip;\n","protected":false},"author":2,"featured_media":530539,"comment_status":"","ping_status":"","sticky":false,"template":"","format":"standard","meta":{"footnotes":""},"categories":[1359],"tags":[6155,14684,58,59,1011,27,664,2003,973,1404,8648,1405],"class_list":{"0":"post-530538","1":"post","2":"type-post","3":"status-publish","4":"format-standard","5":"has-post-thumbnail","7":"category-people","8":"tag-antisemitisme","9":"tag-arthur","10":"tag-divertissement","11":"tag-entertainment","12":"tag-fr","13":"tag-france","14":"tag-israel","15":"tag-livre","16":"tag-people","17":"tag-quotidien","18":"tag-tmc","19":"tag-yann-barthes"},"share_on_mastodon":{"url":"https:\/\/pubeurope.com\/@fr\/115540584417758763","error":""},"_links":{"self":[{"href":"https:\/\/www.europesays.com\/fr\/wp-json\/wp\/v2\/posts\/530538","targetHints":{"allow":["GET"]}}],"collection":[{"href":"https:\/\/www.europesays.com\/fr\/wp-json\/wp\/v2\/posts"}],"about":[{"href":"https:\/\/www.europesays.com\/fr\/wp-json\/wp\/v2\/types\/post"}],"author":[{"embeddable":true,"href":"https:\/\/www.europesays.com\/fr\/wp-json\/wp\/v2\/users\/2"}],"replies":[{"embeddable":true,"href":"https:\/\/www.europesays.com\/fr\/wp-json\/wp\/v2\/comments?post=530538"}],"version-history":[{"count":0,"href":"https:\/\/www.europesays.com\/fr\/wp-json\/wp\/v2\/posts\/530538\/revisions"}],"wp:featuredmedia":[{"embeddable":true,"href":"https:\/\/www.europesays.com\/fr\/wp-json\/wp\/v2\/media\/530539"}],"wp:attachment":[{"href":"https:\/\/www.europesays.com\/fr\/wp-json\/wp\/v2\/media?parent=530538"}],"wp:term":[{"taxonomy":"category","embeddable":true,"href":"https:\/\/www.europesays.com\/fr\/wp-json\/wp\/v2\/categories?post=530538"},{"taxonomy":"post_tag","embeddable":true,"href":"https:\/\/www.europesays.com\/fr\/wp-json\/wp\/v2\/tags?post=530538"}],"curies":[{"name":"wp","href":"https:\/\/api.w.org\/{rel}","templated":true}]}}