{"id":53054,"date":"2025-04-26T00:24:26","date_gmt":"2025-04-26T00:24:26","guid":{"rendered":"https:\/\/www.europesays.com\/fr\/53054\/"},"modified":"2025-04-26T00:24:26","modified_gmt":"2025-04-26T00:24:26","slug":"a-rennes-le-modem-designe-ses-deux-chefs-de-file-pour-porter-ses-idees-aux-municipales-2026","status":"publish","type":"post","link":"https:\/\/www.europesays.com\/fr\/53054\/","title":{"rendered":"\u00c0 Rennes, le MoDem d\u00e9signe ses deux chefs de file pour porter ses id\u00e9es aux Municipales 2026"},"content":{"rendered":"<p>Le Mouvement D\u00e9mocrate d\u2019Ille-et-Vilaine, le MoDem 35, a choisi ses deux chefs de file pour porter ses id\u00e9es aux \u00e9lections municipales de Rennes, au printemps 2026. Il s\u2019agit de <a href=\"https:\/\/rennes.maville.com\/actu\/actudet_-europeennes.-la-bretonne-marie-pierre-vedrenne-reelue-mais-amere-c-est-une-defaite-pour-nous-_7-6328301_actu.Htm\" target=\"_blank\" rel=\"noopener\">Marie-Pierre Vedrenne<\/a>, d\u00e9put\u00e9e europ\u00e9enne depuis 2019, juriste de formation en droit de l\u2019Union europ\u00e9enne et de l\u2019organisation mondiale du commerce, ainsi que conseill\u00e8re r\u00e9gionale.<\/p>\n<p>\u00ab\u00a0Discussions avec les partenaires politiques\u00a0\u00bb<\/p>\n<p>Elle partage cette mission avec le conseiller municipal d\u2019opposition (liste de Charles Compagnon) <a href=\"https:\/\/rennes.maville.com\/actu\/actudet_-legislatives-2024.-nicolas-boucher-un-authentique-centriste-candidat-a-rennes-_7-6351156_actu.Htm\" target=\"_blank\" rel=\"noopener\">Nicolas Boucher<\/a>, \u00e9galement au conseil de Rennes M\u00e9tropole. Il a \u00e9t\u00e9 le candidat lors des \u00e9lections l\u00e9gislatives de juin\u00a02024 dans la premi\u00e8re circonscription d\u2019Ille-et-Vilaine (Rennes sud), face \u00e0 l\u2019actuelle d\u00e9put\u00e9e Marie Mesmeur. Il leur incombe de mener les <strong>\u00ab\u00a0discussions avec les partenaires politiques, l\u2019\u00e9laboration du programme municipal et l\u2019animation des adh\u00e9rents et sympathisants\u00a0\u00bb.<\/strong><\/p>\n<p><strong>Lire aussi.<\/strong>\u00a0<a href=\"https:\/\/rennes.maville.com\/actu\/actudet_-decryptage.-en-coulisse-la-course-pour-conquerir-la-mairie-de-rennes-dans-un-an-a-deja-commence-_7-6729961_actu.Htm\" target=\"_blank\" rel=\"noopener\">En coulisse, la course pour conqu\u00e9rir la mairie de Rennes dans un an a d\u00e9j\u00e0 commenc\u00e9<\/a><\/p>\n<p>Cela signifie-t-il pour autant qu\u2019ils porteront une liste MoDem aux Municipales\u00a0? C\u2019est peu probable. M\u00eame si le parti a d\u00e9j\u00e0 propos\u00e9 une liste autonome en 2008, il a ensuite fait le choix de participer \u00e0 celle port\u00e9e par Charles Compagnon (Horizons), qui compte cinq \u00e9lus d\u2019opposition dans l\u2019actuel conseil municipal. Une strat\u00e9gie qui devrait \u00eatre renouvel\u00e9e\u00a0:<strong> \u00ab\u00a0Il a \u00e9t\u00e9 d\u00e9cid\u00e9 qu\u2019il fallait mieux \u00eatre num\u00e9ro\u00a02 d\u2019une liste qui gagne, que num\u00e9ro\u00a01 d\u2019une liste qui perde\u00a0\u00bb,<\/strong> annonce le parti.<\/p>\n<p>Dont<strong> \u00ab\u00a0l\u2019\u00e9nergie sera mise dans la construction de cette liste permettant d\u2019offrir aux Rennaises et aux Rennais le nouveau souffle dont Rennes a tant besoin\u00a0\u00bb<\/strong>. C\u2019est dans cette optique que des<strong> \u00ab\u00a0rencontres\u00a0\u00bb<\/strong> r\u00e9guli\u00e8res s\u2019op\u00e8rent d\u00e9j\u00e0 depuis l\u2019automne, <strong>\u00ab\u00a0entre les trois r\u00e9f\u00e9rents rennais partenaires du MoDem, de Renaissance et d\u2019Horizons\u00a0\u00bb,<\/strong> annonce le parti.<\/p>\n<p>\u00a0<\/p>\n","protected":false},"excerpt":{"rendered":"Le Mouvement D\u00e9mocrate d\u2019Ille-et-Vilaine, le MoDem 35, a choisi ses deux chefs de file pour porter ses id\u00e9es&hellip;\n","protected":false},"author":2,"featured_media":53055,"comment_status":"","ping_status":"","sticky":false,"template":"","format":"standard","meta":{"footnotes":""},"categories":[2821],"tags":[5734,1111,11,829,6457,9808,1777,674,14676,1011,27,3246,2759,3554,12,13481,584,25],"class_list":{"0":"post-53054","1":"post","2":"type-post","3":"status-publish","4":"format-standard","5":"has-post-thumbnail","7":"category-rennes","8":"tag-5734","9":"tag-actu","10":"tag-actualites","11":"tag-bretagne","12":"tag-chefs","13":"tag-designe","14":"tag-eu","15":"tag-europe","16":"tag-file","17":"tag-fr","18":"tag-france","19":"tag-idees","20":"tag-modem","21":"tag-municipales","22":"tag-news","23":"tag-porter","24":"tag-rennes","25":"tag-republique-francaise"},"share_on_mastodon":{"url":"https:\/\/pubeurope.com\/@fr\/114401421750135163","error":""},"_links":{"self":[{"href":"https:\/\/www.europesays.com\/fr\/wp-json\/wp\/v2\/posts\/53054","targetHints":{"allow":["GET"]}}],"collection":[{"href":"https:\/\/www.europesays.com\/fr\/wp-json\/wp\/v2\/posts"}],"about":[{"href":"https:\/\/www.europesays.com\/fr\/wp-json\/wp\/v2\/types\/post"}],"author":[{"embeddable":true,"href":"https:\/\/www.europesays.com\/fr\/wp-json\/wp\/v2\/users\/2"}],"replies":[{"embeddable":true,"href":"https:\/\/www.europesays.com\/fr\/wp-json\/wp\/v2\/comments?post=53054"}],"version-history":[{"count":0,"href":"https:\/\/www.europesays.com\/fr\/wp-json\/wp\/v2\/posts\/53054\/revisions"}],"wp:featuredmedia":[{"embeddable":true,"href":"https:\/\/www.europesays.com\/fr\/wp-json\/wp\/v2\/media\/53055"}],"wp:attachment":[{"href":"https:\/\/www.europesays.com\/fr\/wp-json\/wp\/v2\/media?parent=53054"}],"wp:term":[{"taxonomy":"category","embeddable":true,"href":"https:\/\/www.europesays.com\/fr\/wp-json\/wp\/v2\/categories?post=53054"},{"taxonomy":"post_tag","embeddable":true,"href":"https:\/\/www.europesays.com\/fr\/wp-json\/wp\/v2\/tags?post=53054"}],"curies":[{"name":"wp","href":"https:\/\/api.w.org\/{rel}","templated":true}]}}