{"id":530551,"date":"2025-11-13T04:56:14","date_gmt":"2025-11-13T04:56:14","guid":{"rendered":"https:\/\/www.europesays.com\/fr\/530551\/"},"modified":"2025-11-13T04:56:14","modified_gmt":"2025-11-13T04:56:14","slug":"20-ans-apres-la-bande-annonce-reunit-meryl-streep-et-anne-hathaway","status":"publish","type":"post","link":"https:\/\/www.europesays.com\/fr\/530551\/","title":{"rendered":"20\u00a0ans apr\u00e8s, la bande-annonce r\u00e9unit Meryl Streep et Anne Hathaway"},"content":{"rendered":"<p>        <img decoding=\"async\" loading=\"lazy\" src=\"https:\/\/www.europesays.com\/fr\/wp-content\/uploads\/2025\/11\/2e19417_upload-1-vx1zncshmvoq-screenshot-2025-11-12-21-11-01.png\"  width=\"728\" height=\"410\" alt=\"\u00ab\u00a0Le Diable s\u2019habille en Prada 2\u00a0\u00bb\u00a0: la premi\u00e8re bande-annonce r\u00e9unit Meryl Streep et Anne Hathaway.\"\/>  <\/p>\n<p>Capture d\u2019\u00e9cran X (@20thcentury)<\/p>\n<p>\u00ab\u00a0Le Diable s\u2019habille en Prada 2\u00a0\u00bb\u00a0: la premi\u00e8re bande-annonce r\u00e9unit Meryl Streep et Anne Hathaway.<\/p>\n<p class=\"asset asset-text\">CIN\u00c9MA &#8211; 52\u00a0secondes ont suffi \u00e0 piquer la curiosit\u00e9 des fans. 20th Century Studios a d\u00e9voil\u00e9 ce mercredi 12\u00a0novembre une premi\u00e8re bande-annonce, tr\u00e8s courte, pour la suite du film culte <a href=\"https:\/\/www.huffingtonpost.fr\/culture\/article\/anna-wintour-revele-enfin-ce-qu-elle-pense-du-diable-s-habille-en-prada-20-ans-apres_254649.html\" rel=\"nofollow noopener\" target=\"_blank\">Le Diable s\u2019habille en Prada<\/a>. Si le clip vid\u00e9o ne d\u00e9voile rien sur l\u2019intrigue, il nous confirme le plus important\u00a0: <a href=\"https:\/\/www.huffingtonpost.fr\/people\/article\/meryl-streep-et-anna-wintour-reunies-la-fashion-week-a-vu-double-a-milan_255348.html\" rel=\"nofollow noopener\" target=\"_blank\">Miranda Priestly<\/a> fait son grand retour.<\/p>\n<p class=\"asset asset-text\">La bande-annonce, <strong>que vous pouvez visionner ci-dessous<\/strong>, s\u2019ouvre sur les images d\u2019une femme en escarpins rouges, d\u00e9ambulant dans les couloirs du magazine Runway. Le spectateur ne d\u00e9couvre son visage qu\u2019au moment o\u00f9 elle rentre dans un ascenseur. Avec son brushing iconique et ses lunettes noires, pas de doute\u00a0: il s\u2019agit bien de Miranda Priestly, incarn\u00e9e \u00e0 nouveau par Meryl Streep.<\/p>\n<p class=\"asset asset-text\">Alors que les portes de l\u2019ascenseur se referment, une femme glisse sa main in extremis et s\u2019y engouffre. Il s\u2019agit de son ancienne assistante, Andy Sachs, jou\u00e9e par Anne Hathaway. Les deux femmes, dont les chemins s\u2019\u00e9taient s\u00e9par\u00e9s \u00e0 la fin du <a href=\"https:\/\/www.huffingtonpost.fr\/culture\/article\/le-diable-s-habille-en-prada-disney-prepare-une-suite-du-film-culte-avec-meryl-streep-et-anne-hathaway_236659.html\" rel=\"nofollow noopener\" target=\"_blank\">premier film sorti en 2006<\/a>, semblent visiblement s\u2019\u00eatre retrouv\u00e9es pr\u00e8s de vingt ans plus tard.<\/p>\n<p> La lecture de ce contenu est susceptible d\u2019entra\u00eener un d\u00e9p\u00f4t de cookies de la part de l\u2019op\u00e9rateur tiers qui l\u2019h\u00e9berge. Compte-tenu des choix que vous avez exprim\u00e9s en mati\u00e8re de d\u00e9p\u00f4t de cookies, nous avons bloqu\u00e9 l\u2019affichage de ce contenu. Si vous souhaitez y acc\u00e9der, vous devez accepter la cat\u00e9gorie de cookies \u201cContenus tiers\u201d en cliquant sur le bouton ci-dessous. <\/p>\n<p> Lire la Vid\u00e9o        \u00ab\u00a0L\u2019histoire s\u2019\u00e9crit sous nos yeux\u00a0\u00bb    <\/p>\n<p class=\"asset asset-text\">Tout sourire, Andy Sachs salue celle qui \u00e9tait sa patronne dans le premier film avant de se faire r\u00e9pondre\u00a0: \u00ab\u00a0Tu en as mis du temps.\u00a0\u00bb La s\u00e9quence, s\u2019ach\u00e8ve sur un plan d\u2019Anne Hathaway chaussant des lunettes noires, avant que les portes de l\u2019ascenseur ne se referment. Cette premi\u00e8re bande-annonce semble avoir conquis les fans du Diable s\u2019habille en Prada, qui ont fait part de leur enthousiasme sur les r\u00e9seaux sociaux.<\/p>\n<p class=\"asset asset-text\">\u00ab\u00a0L\u2019histoire s\u2019\u00e9crit sous nos yeux\u00a0\u00bb, peut-on lire dans une publication X qui fait le parall\u00e8le entre le clip diffus\u00e9 ce mercredi et un passage du premier film, les deux vid\u00e9os utilisant la chanson Vogue de Madonna. \u00ab\u00a0Du vrai cin\u00e9ma\u00a0\u00bb, a \u00e9crit un internaute, quand d\u2019autres saluent un teaser \u00ab\u00a0parfait\u00a0\u00bb ou complimentent les chaussures port\u00e9es par Miranda Priestly dans l\u2019extrait.<\/p>\n<p> La lecture de ce contenu est susceptible d\u2019entra\u00eener un d\u00e9p\u00f4t de cookies de la part de l\u2019op\u00e9rateur tiers qui l\u2019h\u00e9berge. Compte-tenu des choix que vous avez exprim\u00e9s en mati\u00e8re de d\u00e9p\u00f4t de cookies, nous avons bloqu\u00e9 l\u2019affichage de ce contenu. Si vous souhaitez y acc\u00e9der, vous devez accepter la cat\u00e9gorie de cookies \u201cContenus tiers\u201d en cliquant sur le bouton ci-dessous. <\/p>\n<p> Lire la Vid\u00e9o           <\/p>\n<p> La lecture de ce contenu est susceptible d\u2019entra\u00eener un d\u00e9p\u00f4t de cookies de la part de l\u2019op\u00e9rateur tiers qui l\u2019h\u00e9berge. Compte-tenu des choix que vous avez exprim\u00e9s en mati\u00e8re de d\u00e9p\u00f4t de cookies, nous avons bloqu\u00e9 l\u2019affichage de ce contenu. Si vous souhaitez y acc\u00e9der, vous devez accepter la cat\u00e9gorie de cookies \u201cContenus tiers\u201d en cliquant sur le bouton ci-dessous. <\/p>\n<p> Lire la Vid\u00e9o           <\/p>\n<p> La lecture de ce contenu est susceptible d\u2019entra\u00eener un d\u00e9p\u00f4t de cookies de la part de l\u2019op\u00e9rateur tiers qui l\u2019h\u00e9berge. Compte-tenu des choix que vous avez exprim\u00e9s en mati\u00e8re de d\u00e9p\u00f4t de cookies, nous avons bloqu\u00e9 l\u2019affichage de ce contenu. Si vous souhaitez y acc\u00e9der, vous devez accepter la cat\u00e9gorie de cookies \u201cContenus tiers\u201d en cliquant sur le bouton ci-dessous. <\/p>\n<p> Lire la Vid\u00e9o           <\/p>\n<p> La lecture de ce contenu est susceptible d\u2019entra\u00eener un d\u00e9p\u00f4t de cookies de la part de l\u2019op\u00e9rateur tiers qui l\u2019h\u00e9berge. Compte-tenu des choix que vous avez exprim\u00e9s en mati\u00e8re de d\u00e9p\u00f4t de cookies, nous avons bloqu\u00e9 l\u2019affichage de ce contenu. Si vous souhaitez y acc\u00e9der, vous devez accepter la cat\u00e9gorie de cookies \u201cContenus tiers\u201d en cliquant sur le bouton ci-dessous. <\/p>\n<p> Lire la Vid\u00e9o        <\/p>\n<p class=\"asset asset-text\">Mais si les fans tr\u00e9pignent d\u00e9j\u00e0, ils vont devoir encore s\u2019armer de patience. Le Diable s\u2019habille en Prada 2\u00a0ne sortira pas avant le printemps prochain.<\/p>\n","protected":false},"excerpt":{"rendered":"Capture d\u2019\u00e9cran X (@20thcentury) \u00ab\u00a0Le Diable s\u2019habille en Prada 2\u00a0\u00bb\u00a0: la premi\u00e8re bande-annonce r\u00e9unit Meryl Streep et Anne&hellip;\n","protected":false},"author":2,"featured_media":530552,"comment_status":"","ping_status":"","sticky":false,"template":"","format":"standard","meta":{"footnotes":""},"categories":[8],"tags":[650,251,58,59,1011,27,40528],"class_list":{"0":"post-530551","1":"post","2":"type-post","3":"status-publish","4":"format-standard","5":"has-post-thumbnail","7":"category-divertissement","8":"tag-cinema","9":"tag-culture","10":"tag-divertissement","11":"tag-entertainment","12":"tag-fr","13":"tag-france","14":"tag-meryl-streep"},"share_on_mastodon":{"url":"https:\/\/pubeurope.com\/@fr\/115540616372416171","error":""},"_links":{"self":[{"href":"https:\/\/www.europesays.com\/fr\/wp-json\/wp\/v2\/posts\/530551","targetHints":{"allow":["GET"]}}],"collection":[{"href":"https:\/\/www.europesays.com\/fr\/wp-json\/wp\/v2\/posts"}],"about":[{"href":"https:\/\/www.europesays.com\/fr\/wp-json\/wp\/v2\/types\/post"}],"author":[{"embeddable":true,"href":"https:\/\/www.europesays.com\/fr\/wp-json\/wp\/v2\/users\/2"}],"replies":[{"embeddable":true,"href":"https:\/\/www.europesays.com\/fr\/wp-json\/wp\/v2\/comments?post=530551"}],"version-history":[{"count":0,"href":"https:\/\/www.europesays.com\/fr\/wp-json\/wp\/v2\/posts\/530551\/revisions"}],"wp:featuredmedia":[{"embeddable":true,"href":"https:\/\/www.europesays.com\/fr\/wp-json\/wp\/v2\/media\/530552"}],"wp:attachment":[{"href":"https:\/\/www.europesays.com\/fr\/wp-json\/wp\/v2\/media?parent=530551"}],"wp:term":[{"taxonomy":"category","embeddable":true,"href":"https:\/\/www.europesays.com\/fr\/wp-json\/wp\/v2\/categories?post=530551"},{"taxonomy":"post_tag","embeddable":true,"href":"https:\/\/www.europesays.com\/fr\/wp-json\/wp\/v2\/tags?post=530551"}],"curies":[{"name":"wp","href":"https:\/\/api.w.org\/{rel}","templated":true}]}}