{"id":530553,"date":"2025-11-13T04:57:12","date_gmt":"2025-11-13T04:57:12","guid":{"rendered":"https:\/\/www.europesays.com\/fr\/530553\/"},"modified":"2025-11-13T04:57:12","modified_gmt":"2025-11-13T04:57:12","slug":"on-vous-montre-a-quoi-ca-ressemble","status":"publish","type":"post","link":"https:\/\/www.europesays.com\/fr\/530553\/","title":{"rendered":"on vous montre \u00e0 quoi \u00e7a ressemble"},"content":{"rendered":"<p>                    Par<br \/>\n        <strong><br \/>\n            <a href=\"https:\/\/actu.fr\/auteur\/martin-leduc\" title=\"Consulter tous les articles de Martin Leduc\" rel=\"nofollow noopener\" target=\"_blank\">Martin Leduc<\/a><br \/>\n                    <\/strong><\/p>\n<p>        Publi\u00e9 le<\/p>\n<p>            12 nov. 2025 \u00e0 20h08        <\/p>\n<p>Il a fallu agir tr\u00e8s vite, car le cr\u00e9neau \u00e9tait restreint\u2009: cela n\u2019aurait pas \u00e9t\u00e9 observable un jour plus tard, note l\u2019Observatoire europ\u00e9en austral (ESO) dans un document qu\u2019actu.fr a pu consulter. Les scientifiques ont pu observer l\u2019explosion de <strong>SN 2024ggi<\/strong>, une \u00e9toile de plus de dix fois la masse de notre Soleil, mourante \u00ab\u2009\u00e0 son stade le plus pr\u00e9coce\u2009\u00bb.<br \/>En d\u2019autres termes, des <a href=\"https:\/\/actu.fr\/tag\/astronomie\" rel=\"nofollow noopener\" target=\"_blank\">astronomes<\/a> ont eu la chance, pour la premi\u00e8re fois de l\u2019histoire de l\u2019humanit\u00e9, d\u2019observer <strong>la mort d\u2019une \u00e9toile<\/strong> au moment m\u00eame o\u00f9 l\u2019explosion traversait sa surface. La naissance d\u2019une supernova, en gros.<\/p>\n<p>Toute l\u2019\u00e9nergie \u00e9mise par notre Soleil pendant sa vie rejet\u00e9e en dix secondes<\/p>\n<p class=\" wall-content\">Sans rentrer dans les d\u00e9tails trop complexes, l\u2019id\u00e9e g\u00e9n\u00e9rale, c\u2019est qu\u2019une \u00e9toile reste sph\u00e9rique gr\u00e2ce \u00e0 un \u00e9quilibre entre la gravit\u00e9 et la pression due aux r\u00e9actions nucl\u00e9aires, un genre de \u00ab\u2009carburant\u2009\u00bb. Lorsqu\u2019il est \u00e9puis\u00e9, le \u00ab\u2009moteur\u2009\u00bb de l\u2019\u00e9toile ne peut plus fonctionner, jusqu\u2019\u00e0 ce que le c\u0153ur de cette derni\u00e8re s\u2019effondre litt\u00e9ralement. C\u2019est l\u2019implosion.<\/p>\n<p class=\" wall-content\">\u00c0 partir de l\u00e0, les couches de mati\u00e8res \u00ab\u2009s\u2019y pr\u00e9cipitent puis rebondissent, et se propagent vers l\u2019ext\u00e9rieur, <strong>entra\u00eenant la d\u00e9sint\u00e9gration de l\u2019\u00e9toile<\/strong>\u2009\u00bb. C\u2019est l\u2019explosion qui conduit l\u2019\u00e9toile mourante \u00e0 devenir une <strong>supernova<\/strong>. (Plus de d\u00e9tails \u00e0 d\u00e9couvrir directement <a href=\"https:\/\/actu.fr\/sciences-technologie\/espace-c-est-quoi-une-etoile-dix-questions-pour-tout-comprendre_59897473.html\" rel=\"nofollow noopener\" target=\"_blank\">dans cet article<\/a>.)<\/p>\n<p class=\" wall-content\">\n<p class=\" wall-content\">Mais attention, c\u2019est <strong>une explosion comme on n\u2019en a jamais vu sur Terre<\/strong>\u2009: on manque carr\u00e9ment de mots pour d\u00e9crire la puissance du ph\u00e9nom\u00e8ne. Grossi\u00e8rement, c\u2019est comme si toute l\u2019\u00e9nergie \u00e9mise par notre Soleil pendant toute sa vie, soit 10 milliards d\u2019ann\u00e9es, \u00e9tait lib\u00e9r\u00e9e en dix secondes. Assourdissant.<\/p>\n<p class=\" wall-content\"><a href=\"https:\/\/infogram.com\/cycle-de-vie-etoile-1hdw2jpwn8djj2l\" title=\"Ouvre la pr\u00e9sentation sur Infogram.com\" rel=\"nofollow noopener\" target=\"_blank\">Afficher le contenu Infogram<\/a><\/p>\n<p class=\" wall-content\">Et c\u2019est justement cette intense d\u00e9flagration, avant m\u00eame qu\u2019elle n\u2019interagisse avec la mati\u00e8re entourant la sc\u00e8ne, que les scientifiques ont r\u00e9ussi \u00e0 observer, gr\u00e2ce \u00e0 la r\u00e9activit\u00e9 de Yi Yang, professeur adjoint \u00e0 l\u2019universit\u00e9 Tsinghua de P\u00e9kin, en Chine.<\/p>\n<p>R\u00e9activit\u00e9<\/p>\n<p class=\" wall-content\">Auteur principal d\u2019une \u00e9tude sur le sujet, il venait d\u2019atterrir \u00e0 San Francisco quand ses instruments ont d\u00e9tect\u00e9 \u00ab\u2009l\u2019\u00e9v\u00e9nement\u2009\u00bb. Ni une ni deux, il a envoy\u00e9 une proposition d\u2019observation \u00e0 l\u2019ESO, laquelle a \u00e9t\u00e9 accept\u00e9e en urgence par le directeur de l\u2019observatoire\u2009: <strong>une proc\u00e9dure rare<\/strong>, mais l\u2019enjeu \u00e9tait trop important.<\/p>\n<p>Votre r\u00e9gion, votre actu !<\/p>\n<p>Recevez chaque jour les infos qui comptent pour vous.<\/p>\n<p>\t<a href=\"https:\/\/actu.fr\/newsletter\" class=\"ac-btn ac-btn--corner ac-btn--medium ac-btn--blue800\" rel=\"nofollow noopener\" target=\"_blank\">S&rsquo;incrire<\/a><\/p>\n<p class=\" wall-content\">\u00c0 peine 26\u00a0heures apr\u00e8s avoir capt\u00e9 que cela arrivait, le Very Large Telescope du Chili \u00e9tait point\u00e9 vers la bonne direction, \u00e0 savoir <strong>la galaxie NGC 3621<\/strong>, dans la constellation de l\u2019Hydre, \u00e0 22\u00a0millions d\u2019ann\u00e9es-lumi\u00e8re de notre bonne vieille Terre.<\/p>\n<p class=\" wall-content\">Les scientifiques n\u2019en ont pas seulement pris plein les yeux. Ils ont d\u00e9couvert que l\u2019explosion initiale de mati\u00e8re prend une forme d\u2019olive, donc non sph\u00e9rique, avant de s\u2019aplatir, mais en gardant le m\u00eame axe de sym\u00e9trie. Selon Yi Yang, \u00ab\u2009ces r\u00e9sultats sugg\u00e8rent l\u2019existence d\u2019un m\u00e9canisme physique commun \u00e0 l\u2019origine de l\u2019explosion de nombreuses \u00e9toiles massives, caract\u00e9ris\u00e9 par une sym\u00e9trie axiale bien d\u00e9finie et agissant \u00e0 grande \u00e9chelle\u2009\u00bb.<\/p>\n<p class=\" wall-content\">\u00ab\u2009C\u2019est un rappel puissant du fait que la curiosit\u00e9, la collaboration et la r\u00e9activit\u00e9 peuvent <strong>ouvrir la voie \u00e0 des d\u00e9couvertes profondes<\/strong> sur les m\u00e9canismes physiques qui fa\u00e7onnent notre Univers\u2009\u00bb, conclut Ferdinando Patat, coauteur de l\u2019\u00e9tude et astronome \u00e0 l\u2019ESO.<\/p>\n<p class=\" wall-content\">Personnalisez votre actualit\u00e9 en ajoutant vos villes et m\u00e9dias en favori avec <a href=\"https:\/\/moncompte.actu.fr\" title=\"D\u00e9couvez Mon Actu\" rel=\"nofollow noopener\" data-trk=\"{&quot;cta&quot;:{&quot;action&quot;:&quot;https:\\\/\\\/moncompte.actu.fr&quot;,&quot;category&quot;:&quot;mon compte&quot;,&quot;from&quot;:&quot;article footer&quot;,&quot;name&quot;:&quot;Mon actu&quot;,&quot;type&quot;:&quot;cta&quot;}}\" target=\"_blank\">Mon Actu<\/a>.<\/p>\n","protected":false},"excerpt":{"rendered":"Par Martin Leduc Publi\u00e9 le 12 nov. 2025 \u00e0 20h08 Il a fallu agir tr\u00e8s vite, car le&hellip;\n","protected":false},"author":2,"featured_media":530554,"comment_status":"","ping_status":"","sticky":false,"template":"","format":"standard","meta":{"footnotes":""},"categories":[7],"tags":[48,386,1011,27,43,40,41,39,2631,42,44],"class_list":{"0":"post-530553","1":"post","2":"type-post","3":"status-publish","4":"format-standard","5":"has-post-thumbnail","7":"category-sciences-et-technologies","8":"tag-astronomie","9":"tag-espace","10":"tag-fr","11":"tag-france","12":"tag-science","13":"tag-science-and-technology","14":"tag-sciences","15":"tag-sciences-et-technologies","16":"tag-sciences-technologie","17":"tag-technologies","18":"tag-technology"},"share_on_mastodon":{"url":"https:\/\/pubeurope.com\/@fr\/115540619662181129","error":""},"_links":{"self":[{"href":"https:\/\/www.europesays.com\/fr\/wp-json\/wp\/v2\/posts\/530553","targetHints":{"allow":["GET"]}}],"collection":[{"href":"https:\/\/www.europesays.com\/fr\/wp-json\/wp\/v2\/posts"}],"about":[{"href":"https:\/\/www.europesays.com\/fr\/wp-json\/wp\/v2\/types\/post"}],"author":[{"embeddable":true,"href":"https:\/\/www.europesays.com\/fr\/wp-json\/wp\/v2\/users\/2"}],"replies":[{"embeddable":true,"href":"https:\/\/www.europesays.com\/fr\/wp-json\/wp\/v2\/comments?post=530553"}],"version-history":[{"count":0,"href":"https:\/\/www.europesays.com\/fr\/wp-json\/wp\/v2\/posts\/530553\/revisions"}],"wp:featuredmedia":[{"embeddable":true,"href":"https:\/\/www.europesays.com\/fr\/wp-json\/wp\/v2\/media\/530554"}],"wp:attachment":[{"href":"https:\/\/www.europesays.com\/fr\/wp-json\/wp\/v2\/media?parent=530553"}],"wp:term":[{"taxonomy":"category","embeddable":true,"href":"https:\/\/www.europesays.com\/fr\/wp-json\/wp\/v2\/categories?post=530553"},{"taxonomy":"post_tag","embeddable":true,"href":"https:\/\/www.europesays.com\/fr\/wp-json\/wp\/v2\/tags?post=530553"}],"curies":[{"name":"wp","href":"https:\/\/api.w.org\/{rel}","templated":true}]}}