{"id":530563,"date":"2025-11-13T05:02:22","date_gmt":"2025-11-13T05:02:22","guid":{"rendered":"https:\/\/www.europesays.com\/fr\/530563\/"},"modified":"2025-11-13T05:02:22","modified_gmt":"2025-11-13T05:02:22","slug":"le-groupe-dhb-devient-groupe-diagram-a-la-veille-de-ses-40-ans","status":"publish","type":"post","link":"https:\/\/www.europesays.com\/fr\/530563\/","title":{"rendered":"Le Groupe DHB devient Groupe Diagram \u00e0 la veille de ses 40 ans"},"content":{"rendered":"<p><img alt=\"icon-premium\" loading=\"lazy\" decoding=\"async\" data-nimg=\"fill\" style=\"position:absolute;height:100%;width:100%;left:0;top:0;right:0;bottom:0;color:transparent\" src=\"https:\/\/ourscom.fr\/_next\/static\/media\/goldenBear.f0fe9f42.svg\"\/><\/p>\n<p class=\"article_excerpt__uS6CH\">Le Groupe DHB d\u00e9voile sa nouvelle identit\u00e9\u00a0: Groupe Diagram. Arriv\u00e9 \u00e0 la direction du groupe st\u00e9phanois au printemps 2024, Jean-Marie Vial en est devenu l&rsquo;actionnaire majoritaire un an plus tard. Il formule de grandes ambitions pour l&rsquo;agence.<\/p>\n<p>Partager ce contenu :<\/p>\n<p><a href=\"mailto:?subject=Le Groupe DHB devient Groupe Diagram \u00e0 la veille de ses 40 ans - OURS&amp;body=Je souhaite vous partager cet article https%3A%2F%2Fourscom.fr%2Factualites%2Fagences%2Fle-groupe-dhb-devient-groupe-diagram-a-la-veille-de-ses-40-ans publi\u00e9 sur OUR(S) - Le m\u00e9dia de la communication. %0D%0A %0D%0A Pour ne rien rater de l'actualit\u00e9 du secteur de la communication en Auvergne-Rh\u00f4ne-Alpes, inscrivez vous gratuitement \u00e0 notre newsletter quotidienne depuis ce lien : http:\/\/bit.ly\/Le4Heures %0D%0A %0D%0A Bonne lecture !\" class=\"article_emailShare__OWLjc\"><img alt=\"icon-mail\" loading=\"lazy\" width=\"16\" height=\"13\" decoding=\"async\" data-nimg=\"1\" style=\"color:transparent\" src=\"https:\/\/ourscom.fr\/_next\/static\/media\/paper-email.6c3cad4c.svg\"\/><\/a><img alt=\"icon-print\" loading=\"lazy\" decoding=\"async\" data-nimg=\"fill\" style=\"position:absolute;height:100%;width:100%;left:0;top:0;right:0;bottom:0;color:transparent\" src=\"https:\/\/ourscom.fr\/_next\/static\/media\/print.1f74a0f4.svg\"\/><img alt=\"Le Groupe DHB devient Groupe Diagram \u00e0 la veille de ses 40 ans\" loading=\"lazy\" decoding=\"async\" data-nimg=\"fill\" style=\"position:absolute;height:100%;width:100%;left:0;top:0;right:0;bottom:0;color:transparent\"   src=\"https:\/\/www.europesays.com\/fr\/wp-content\/uploads\/2025\/11\/1763010141_619_image\"\/><\/p>\n<p class=\"article_imageLegend___gmMR\">Jean-Marie Vial (3e \u00e0 partir de la droite) ave une partie de son \u00e9quipe \u00a9 Axelle Zeller photographe<\/p>\n<p>12 novembre 2025<\/p>\n<p>-Par Mathieu OzanamPour prolonger ma lecture&#8230;<\/p>\n<p>J&rsquo;acc\u00e8de \u00e0 l&rsquo;ensemble des contenus d&rsquo;OUR(S) : les derni\u00e8res actualit\u00e9s, analyses, d\u00e9cryptages, archives de plus de 5000 articles, revues et services exclusifs.<\/p>\n<p><img alt=\"bear-glass-crop\" loading=\"lazy\" width=\"219\" height=\"147\" decoding=\"async\" data-nimg=\"1\" style=\"color:transparent\" src=\"https:\/\/ourscom.fr\/_next\/static\/media\/bear-phone-reverse.9f1174b1.svg\"\/><\/p>\n","protected":false},"excerpt":{"rendered":"Le Groupe DHB d\u00e9voile sa nouvelle identit\u00e9\u00a0: Groupe Diagram. Arriv\u00e9 \u00e0 la direction du groupe st\u00e9phanois au printemps&hellip;\n","protected":false},"author":2,"featured_media":530564,"comment_status":"","ping_status":"","sticky":false,"template":"","format":"standard","meta":{"footnotes":""},"categories":[9653],"tags":[1111,11,2430,1777,674,1011,27,12,25,4001],"class_list":{"0":"post-530563","1":"post","2":"type-post","3":"status-publish","4":"format-standard","5":"has-post-thumbnail","7":"category-saint-etienne","8":"tag-actu","9":"tag-actualites","10":"tag-auvergne-rhone-alpes","11":"tag-eu","12":"tag-europe","13":"tag-fr","14":"tag-france","15":"tag-news","16":"tag-republique-francaise","17":"tag-saint-etienne"},"share_on_mastodon":{"url":"https:\/\/pubeurope.com\/@fr\/115540640091333210","error":""},"_links":{"self":[{"href":"https:\/\/www.europesays.com\/fr\/wp-json\/wp\/v2\/posts\/530563","targetHints":{"allow":["GET"]}}],"collection":[{"href":"https:\/\/www.europesays.com\/fr\/wp-json\/wp\/v2\/posts"}],"about":[{"href":"https:\/\/www.europesays.com\/fr\/wp-json\/wp\/v2\/types\/post"}],"author":[{"embeddable":true,"href":"https:\/\/www.europesays.com\/fr\/wp-json\/wp\/v2\/users\/2"}],"replies":[{"embeddable":true,"href":"https:\/\/www.europesays.com\/fr\/wp-json\/wp\/v2\/comments?post=530563"}],"version-history":[{"count":0,"href":"https:\/\/www.europesays.com\/fr\/wp-json\/wp\/v2\/posts\/530563\/revisions"}],"wp:featuredmedia":[{"embeddable":true,"href":"https:\/\/www.europesays.com\/fr\/wp-json\/wp\/v2\/media\/530564"}],"wp:attachment":[{"href":"https:\/\/www.europesays.com\/fr\/wp-json\/wp\/v2\/media?parent=530563"}],"wp:term":[{"taxonomy":"category","embeddable":true,"href":"https:\/\/www.europesays.com\/fr\/wp-json\/wp\/v2\/categories?post=530563"},{"taxonomy":"post_tag","embeddable":true,"href":"https:\/\/www.europesays.com\/fr\/wp-json\/wp\/v2\/tags?post=530563"}],"curies":[{"name":"wp","href":"https:\/\/api.w.org\/{rel}","templated":true}]}}