{"id":530565,"date":"2025-11-13T05:03:12","date_gmt":"2025-11-13T05:03:12","guid":{"rendered":"https:\/\/www.europesays.com\/fr\/530565\/"},"modified":"2025-11-13T05:03:12","modified_gmt":"2025-11-13T05:03:12","slug":"saint-etienne-sature-des-7-h-15-le-parking-relais-de-chateaucreux-devrait-etre-agrandi-de-400-places","status":"publish","type":"post","link":"https:\/\/www.europesays.com\/fr\/530565\/","title":{"rendered":"Saint-Etienne. \u00ab\u00a0Satur\u00e9 d\u00e8s 7\u00a0h\u00a015\u00a0\u00bb, le parking relais de Ch\u00e2teaucreux\u00a0devrait \u00eatre agrandi de 400 places"},"content":{"rendered":"<p>Pour les usagers des transports ferroviaires, le parking relais situ\u00e9 au bout de la rue Constant-Milleret est un atout vital. Il leur permet, \u00e0 moindre co\u00fbt, de laisser leurs v\u00e9hicules \u00e0 5 minutes \u00e0 pied de la gare de Ch\u00e2teaucreux avant de sauter dans un TER ou autre TGV qui les emm\u00e8ne sur leur lieu de travail, \u00e0 Lyon, vers Firminy ou en direction de Roanne. Les d\u00e9tenteurs d\u2019un abonnement SNCF ou de la Stas peuvent s\u2019y garer gratuitement. Les autres doivent s\u2019acquitter d\u2019un <a href=\"https:\/\/www.leprogres.fr\/actualite\/2017\/06\/02\/les-parcs-relais-gratuits-avec-un-pass-stas\" target=\"_blank\" rel=\"noopener\">titre de transport pour y acc\u00e9der<\/a>.<\/p>\n<p>Mis en service en 2006, pendant la mutation du quartier de Ch\u00e2teaucreux, et fort de presque 300 places (298 exactement), cet espace de stationnement est satur\u00e9 depuis plusieurs ann\u00e9es. Il est pris d\u2019assaut t\u00f4t le matin. Il est 6\u00a0h\u00a050 ce lundi 10\u00a0novembre et les deux tiers des places sont d\u00e9j\u00e0&#8230;<\/p>\n","protected":false},"excerpt":{"rendered":"Pour les usagers des transports ferroviaires, le parking relais situ\u00e9 au bout de la rue Constant-Milleret est un&hellip;\n","protected":false},"author":2,"featured_media":530566,"comment_status":"","ping_status":"","sticky":false,"template":"","format":"standard","meta":{"footnotes":""},"categories":[9653],"tags":[1111,11,2430,3542,4406,33,7539,1777,674,1011,27,3367,12,25,4001,7538,2803],"class_list":{"0":"post-530565","1":"post","2":"type-post","3":"status-publish","4":"format-standard","5":"has-post-thumbnail","7":"category-saint-etienne","8":"tag-actu","9":"tag-actualites","10":"tag-auvergne-rhone-alpes","11":"tag-circulation","12":"tag-commerce-et-services","13":"tag-economie","14":"tag-edition-loire-sud","15":"tag-eu","16":"tag-europe","17":"tag-fr","18":"tag-france","19":"tag-loire","20":"tag-news","21":"tag-republique-francaise","22":"tag-saint-etienne","23":"tag-saint-etienne-ville","24":"tag-transport"},"share_on_mastodon":{"url":"https:\/\/pubeurope.com\/@fr\/115540643323887129","error":""},"_links":{"self":[{"href":"https:\/\/www.europesays.com\/fr\/wp-json\/wp\/v2\/posts\/530565","targetHints":{"allow":["GET"]}}],"collection":[{"href":"https:\/\/www.europesays.com\/fr\/wp-json\/wp\/v2\/posts"}],"about":[{"href":"https:\/\/www.europesays.com\/fr\/wp-json\/wp\/v2\/types\/post"}],"author":[{"embeddable":true,"href":"https:\/\/www.europesays.com\/fr\/wp-json\/wp\/v2\/users\/2"}],"replies":[{"embeddable":true,"href":"https:\/\/www.europesays.com\/fr\/wp-json\/wp\/v2\/comments?post=530565"}],"version-history":[{"count":0,"href":"https:\/\/www.europesays.com\/fr\/wp-json\/wp\/v2\/posts\/530565\/revisions"}],"wp:featuredmedia":[{"embeddable":true,"href":"https:\/\/www.europesays.com\/fr\/wp-json\/wp\/v2\/media\/530566"}],"wp:attachment":[{"href":"https:\/\/www.europesays.com\/fr\/wp-json\/wp\/v2\/media?parent=530565"}],"wp:term":[{"taxonomy":"category","embeddable":true,"href":"https:\/\/www.europesays.com\/fr\/wp-json\/wp\/v2\/categories?post=530565"},{"taxonomy":"post_tag","embeddable":true,"href":"https:\/\/www.europesays.com\/fr\/wp-json\/wp\/v2\/tags?post=530565"}],"curies":[{"name":"wp","href":"https:\/\/api.w.org\/{rel}","templated":true}]}}