{"id":530577,"date":"2025-11-13T05:09:28","date_gmt":"2025-11-13T05:09:28","guid":{"rendered":"https:\/\/www.europesays.com\/fr\/530577\/"},"modified":"2025-11-13T05:09:28","modified_gmt":"2025-11-13T05:09:28","slug":"gros-coup-de-montpellier-qui-prolonge-billy-vunipola-jusquen-2027","status":"publish","type":"post","link":"https:\/\/www.europesays.com\/fr\/530577\/","title":{"rendered":"gros coup de Montpellier, qui prolonge Billy Vunipola jusqu\u2019en 2027"},"content":{"rendered":"<p>\n    Le troisi\u00e8me-ligne international anglais, pass\u00e9 par les Saracens, \u00e9tait arriv\u00e9 au MHR en 2024.<\/p>\n<p class=\"fig-paragraph\">Le club de\u00a0<a href=\"http:\/\/www.lefigaro.fr\/sports\/rugby\/top-14\/tops-14-l-ubb-de-buros-en-patronne-bayonne-regale-eclaircie-a-perpignan-montpellier-desolant-les-tops-et-flops-du-multiplex-20251101\" data-fig-type=\"NewsFlash\" data-gtm-custom-categorie=\"navigation\" data-gtm-custom-action=\"crossclick\" data-gtm-custom-label=\"Contextuel\" data-gtm-event=\"customEventSPE\" data-fig-domain=\"LEFIGARO\" target=\"_blank\" rel=\"noopener\">Montpellier<\/a>\u00a0a annonc\u00e9 ce mercredi la prolongation du contrat du troisi\u00e8me-ligne anglais\u00a0<a href=\"http:\/\/www.lefigaro.fr\/sports\/rugby\/top-14\/top-14-billy-vunipola-capitaine-de-montpellier-ca-va-tres-certainement-arriver-assure-son-entraineur-20241013\" data-fig-type=\"NewsFlash\" data-gtm-custom-categorie=\"navigation\" data-gtm-custom-action=\"crossclick\" data-gtm-custom-label=\"Contextuel\" data-gtm-event=\"customEventSPE\" data-fig-domain=\"LEFIGARO\" target=\"_blank\" rel=\"noopener\">Billy Vunipola<\/a>\u00a0(33 ans) d\u2019une saison suppl\u00e9mentaire, soit jusqu\u2019en 2027, alors que des rumeurs faisaient \u00e9tat d\u2019un possible retour en Angleterre \u00e0 Newcastle ou d\u2019un d\u00e9part vers le Japon. Ancien num\u00e9ro 8 du XV de la Rose finaliste de la Coupe du monde 2019, le fr\u00e8re cadet de\u00a0<a href=\"http:\/\/www.lefigaro.fr\/sports\/rugby\/top-14\/top-14-a-vannes-le-bon-air-de-la-bretagne-pour-mako-vunipola-20250105\" data-fig-type=\"NewsFlash\" data-gtm-custom-categorie=\"navigation\" data-gtm-custom-action=\"crossclick\" data-gtm-custom-label=\"Contextuel\" data-gtm-event=\"customEventSPE\" data-fig-domain=\"LEFIGARO\" target=\"_blank\" rel=\"noopener\">Mako Vunipola<\/a>, qui joue \u00e0\u00a0<a href=\"http:\/\/www.lefigaro.fr\/sports\/rugby\/top-14-fierte-bretonne-ambiance-celtique-silence-de-cathedrale-la-ferveur-a-vannes-marque-les-esprits-20240909\" data-fig-type=\"NewsFlash\" data-gtm-custom-categorie=\"navigation\" data-gtm-custom-action=\"crossclick\" data-gtm-custom-label=\"Contextuel\" data-gtm-event=\"customEventSPE\" data-fig-domain=\"LEFIGARO\" target=\"_blank\" rel=\"noopener\">Vannes\u00a0<\/a>(Pro D2), \u00e9tait arriv\u00e9 dans l\u2019H\u00e9rault en 2024.<\/p>\n<p class=\"fig-paragraph\">Le puissant troisi\u00e8me ligne centre avait d\u00e9but\u00e9 sa carri\u00e8re chez les Wasps avant de devenir une star du rugby mondial avec les Saracens (194 matches) et l\u2019\u00e9quipe d\u2019Angleterre (75 s\u00e9lections), avec qui il a gagn\u00e9 trois titres dans le Tournoi des six nations, dont un Grand Chelem en 2016.<\/p>\n","protected":false},"excerpt":{"rendered":"Le troisi\u00e8me-ligne international anglais, pass\u00e9 par les Saracens, \u00e9tait arriv\u00e9 au MHR en 2024. Le club de\u00a0Montpellier\u00a0a annonc\u00e9&hellip;\n","protected":false},"author":2,"featured_media":530578,"comment_status":"","ping_status":"","sticky":false,"template":"","format":"standard","meta":{"footnotes":""},"categories":[9599],"tags":[1111,11,1777,674,1011,27,14987,2208,20044,12,2680,25,25441],"class_list":{"0":"post-530577","1":"post","2":"type-post","3":"status-publish","4":"format-standard","5":"has-post-thumbnail","7":"category-montpellier","8":"tag-actu","9":"tag-actualites","10":"tag-eu","11":"tag-europe","12":"tag-fr","13":"tag-france","14":"tag-mhr","15":"tag-montpellier","16":"tag-montpellier-herault-rugby","17":"tag-news","18":"tag-occitanie","19":"tag-republique-francaise","20":"tag-xv-de-la-rose"},"share_on_mastodon":{"url":"https:\/\/pubeurope.com\/@fr\/115540666802170088","error":""},"_links":{"self":[{"href":"https:\/\/www.europesays.com\/fr\/wp-json\/wp\/v2\/posts\/530577","targetHints":{"allow":["GET"]}}],"collection":[{"href":"https:\/\/www.europesays.com\/fr\/wp-json\/wp\/v2\/posts"}],"about":[{"href":"https:\/\/www.europesays.com\/fr\/wp-json\/wp\/v2\/types\/post"}],"author":[{"embeddable":true,"href":"https:\/\/www.europesays.com\/fr\/wp-json\/wp\/v2\/users\/2"}],"replies":[{"embeddable":true,"href":"https:\/\/www.europesays.com\/fr\/wp-json\/wp\/v2\/comments?post=530577"}],"version-history":[{"count":0,"href":"https:\/\/www.europesays.com\/fr\/wp-json\/wp\/v2\/posts\/530577\/revisions"}],"wp:featuredmedia":[{"embeddable":true,"href":"https:\/\/www.europesays.com\/fr\/wp-json\/wp\/v2\/media\/530578"}],"wp:attachment":[{"href":"https:\/\/www.europesays.com\/fr\/wp-json\/wp\/v2\/media?parent=530577"}],"wp:term":[{"taxonomy":"category","embeddable":true,"href":"https:\/\/www.europesays.com\/fr\/wp-json\/wp\/v2\/categories?post=530577"},{"taxonomy":"post_tag","embeddable":true,"href":"https:\/\/www.europesays.com\/fr\/wp-json\/wp\/v2\/tags?post=530577"}],"curies":[{"name":"wp","href":"https:\/\/api.w.org\/{rel}","templated":true}]}}