{"id":530579,"date":"2025-11-13T05:11:25","date_gmt":"2025-11-13T05:11:25","guid":{"rendered":"https:\/\/www.europesays.com\/fr\/530579\/"},"modified":"2025-11-13T05:11:25","modified_gmt":"2025-11-13T05:11:25","slug":"en-centre-ville-de-rouen-un-immeuble-evacue-apres-un-incendie-de-poubelle","status":"publish","type":"post","link":"https:\/\/www.europesays.com\/fr\/530579\/","title":{"rendered":"En centre-ville de Rouen, un immeuble \u00e9vacu\u00e9 apr\u00e8s un incendie de poubelle"},"content":{"rendered":"\n<p>Les sapeurs-pompiers de Seine-Maritime sont intervenus ce mercredi 12 novembre en centre-ville de Rouen, rive droite. Dans la rue de l\u2019Ancienne-Prison, \u00e0 deux pas de la place du Vieux-March\u00e9, un feu s\u2019est d\u00e9clar\u00e9<strong> dans le restaurant \u00ab\u00a0Le Boom Boom\u00a0\u00bb<\/strong>, peu avant 2h du matin. Les secouristes sont rapidement entr\u00e9s dans l&rsquo;\u00e9tablissement et sont venus \u00e0 bout du sinistre \u00e0 l&rsquo;aide d&rsquo;une lance.<\/p>\n<p>Six personnes \u00e9vacu\u00e9es<\/p>\n<p>Les habitants des appartements situ\u00e9s au-dessus du restaurant ont \u00e9t\u00e9 invit\u00e9s \u00e0 \u00e9vacuer les lieux, par mesure de pr\u00e9caution. L&rsquo;incendie, dont l&rsquo;origine reste \u00e0 d\u00e9terminer, s&rsquo;est d\u00e9clar\u00e9 \u00e0 un moment o\u00f9 l&rsquo;endroit \u00e9tait vide de tout occupant. Le bilan ne fait \u00e9tat que de d\u00e9g\u00e2ts mat\u00e9riels, <strong>essentiellement dus au d\u00e9gagement de fum\u00e9es<\/strong>. Personne n&rsquo;a \u00e9t\u00e9 bless\u00e9, ni incommod\u00e9.<\/p>\n","protected":false},"excerpt":{"rendered":"Les sapeurs-pompiers de Seine-Maritime sont intervenus ce mercredi 12 novembre en centre-ville de Rouen, rive droite. Dans la&hellip;\n","protected":false},"author":2,"featured_media":530580,"comment_status":"","ping_status":"","sticky":false,"template":"","format":"standard","meta":{"footnotes":""},"categories":[9587],"tags":[1111,11,11898,1777,674,5220,1011,27,1310,14168,12,5161,1311,4846,25,9590,43616,656,5163],"class_list":{"0":"post-530579","1":"post","2":"type-post","3":"status-publish","4":"format-standard","5":"has-post-thumbnail","7":"category-rouen","8":"tag-actu","9":"tag-actualites","10":"tag-centre-ville","11":"tag-eu","12":"tag-europe","13":"tag-evacuation","14":"tag-fr","15":"tag-france","16":"tag-incendie","17":"tag-jeanne-darc","18":"tag-news","19":"tag-normandie","20":"tag-pompiers","21":"tag-protection","22":"tag-republique-francaise","23":"tag-rouen","24":"tag-sdis-76","25":"tag-securite","26":"tag-seine-maritime"},"share_on_mastodon":{"url":"https:\/\/pubeurope.com\/@fr\/115540674760245256","error":""},"_links":{"self":[{"href":"https:\/\/www.europesays.com\/fr\/wp-json\/wp\/v2\/posts\/530579","targetHints":{"allow":["GET"]}}],"collection":[{"href":"https:\/\/www.europesays.com\/fr\/wp-json\/wp\/v2\/posts"}],"about":[{"href":"https:\/\/www.europesays.com\/fr\/wp-json\/wp\/v2\/types\/post"}],"author":[{"embeddable":true,"href":"https:\/\/www.europesays.com\/fr\/wp-json\/wp\/v2\/users\/2"}],"replies":[{"embeddable":true,"href":"https:\/\/www.europesays.com\/fr\/wp-json\/wp\/v2\/comments?post=530579"}],"version-history":[{"count":0,"href":"https:\/\/www.europesays.com\/fr\/wp-json\/wp\/v2\/posts\/530579\/revisions"}],"wp:featuredmedia":[{"embeddable":true,"href":"https:\/\/www.europesays.com\/fr\/wp-json\/wp\/v2\/media\/530580"}],"wp:attachment":[{"href":"https:\/\/www.europesays.com\/fr\/wp-json\/wp\/v2\/media?parent=530579"}],"wp:term":[{"taxonomy":"category","embeddable":true,"href":"https:\/\/www.europesays.com\/fr\/wp-json\/wp\/v2\/categories?post=530579"},{"taxonomy":"post_tag","embeddable":true,"href":"https:\/\/www.europesays.com\/fr\/wp-json\/wp\/v2\/tags?post=530579"}],"curies":[{"name":"wp","href":"https:\/\/api.w.org\/{rel}","templated":true}]}}