{"id":530581,"date":"2025-11-13T05:12:29","date_gmt":"2025-11-13T05:12:29","guid":{"rendered":"https:\/\/www.europesays.com\/fr\/530581\/"},"modified":"2025-11-13T05:12:29","modified_gmt":"2025-11-13T05:12:29","slug":"une-serie-de-cambriolages-inedite-dans-la-commune-le-maire-alerte-les-habitants","status":"publish","type":"post","link":"https:\/\/www.europesays.com\/fr\/530581\/","title":{"rendered":"une s\u00e9rie de cambriolages in\u00e9dite dans la commune, le maire alerte les habitants"},"content":{"rendered":"<p>                    Par<br \/>\n        <strong><br \/>\n            <a href=\"https:\/\/actu.fr\/auteur\/emilien-jacques\" title=\"Consulter tous les articles de Emilien Jacques\" rel=\"nofollow noopener\" target=\"_blank\">Emilien Jacques<\/a><br \/>\n                    <\/strong><\/p>\n<p>        Publi\u00e9 le<\/p>\n<p>            12 nov. 2025 \u00e0 16h28        <\/p>\n<p>\u00ab Attention, de nombreux <b>cambriolages<\/b> sur Orival, soyez tr\u00e8s vigilants. \u00bb C\u2019est en ces mots que s\u2019est adress\u00e9 <b>Daniel Duchesne<\/b> aux habitants de la commune dont il est le maire, sur les r\u00e9seaux sociaux. Ce qui a motiv\u00e9 cette sortie : une s\u00e9rie de cambriolages survenue en l\u2019espace de deux semaines, entre fin octobre et d\u00e9but novembre 2025.<\/p>\n<p>    <a href=\"https:\/\/www.facebook.com\/plugins\/post.php?href=https%3A%2F%2Fwww.facebook.com%2Fpermalink.php%3Fstory_fbid%3Dpfbid031v5oPtxULfSmrzMJooH6remHsgDVd9T5mrG7i3ooCn5B2upvdoXacwTqgPzJJLqEl%26id%3D100071495721571&amp;show_text=true&amp;width=350\" title=\"Ouvrie le lien\" rel=\"nofollow noopener\" target=\"_blank\">Cliquez ici pour visualiser le contenu<\/a><\/p>\n<p>Des maisons visit\u00e9es la nuit<\/p>\n<p class=\" wall-content\">Le vendredi 8 novembre 2025, une nouvelle maison d\u2019<a href=\"https:\/\/actu.fr\/normandie\/orival_76486\" rel=\"nofollow noopener\" target=\"_blank\">Orival (Seine-Maritime)<\/a> a \u00e9t\u00e9 visit\u00e9e par des malfaiteurs qui s\u2019y sont <b>introduits par effraction<\/b>, en l\u2019absence de ses occupants. Un cambriolage qui fait suite \u00e0 quatre autres commis sur la commune en suivant le m\u00eame proc\u00e9d\u00e9, durant les 15 jours pr\u00e9c\u00e9dents.<\/p>\n<p class=\" wall-content\">\u00ab On en a d\u00e9j\u00e0 eu, mais autant et aussi rapproch\u00e9s que \u00e7a, c\u2019est la premi\u00e8re fois \u00bb, s\u2019\u00e9tonne le maire, Daniel Duchesne. Les faits se sont tous d\u00e9roul\u00e9s de nuit, dans la rue Richard-C\u0153ur-de-Lion et sur la route des Roches.<\/p>\n<blockquote class=\"ac-article-quote wall-content\">\n<p>Ils passent principalement par les fen\u00eatres. \u00c0 chaque fois, les maisons \u00e9taient retourn\u00e9es, toutes les pi\u00e8ces fouill\u00e9es.<\/p>\n<p>Daniel Duchesne, maire d\u2019Orival<\/p><\/blockquote>\n<p class=\" wall-content\">D\u00e8s le premier vol, les gendarmes ont \u00e9t\u00e9 appel\u00e9s et des <b>plaintes<\/b> ont \u00e9t\u00e9 d\u00e9pos\u00e9es, mais rien n\u2019y fait. Un <b>vol de voiture<\/b> s\u2019est m\u00eame ajout\u00e9 \u00e0 cette s\u00e9rie noire.<\/p>\n<p>Des habitants inquiets<\/p>\n<p class=\" wall-content\">Daniel Duchesne a donc d\u00e9cid\u00e9, sur les r\u00e9seaux sociaux, d\u2019appeler \u00e0 la vigilance des habitants chez qui l\u2019inqui\u00e9tude commence \u00e0 monter. \u00ab M\u00eame ceux qui n\u2019ont pas \u00e9t\u00e9 cambriol\u00e9s sont inquiets \u00bb, assure-t-il.<\/p>\n<p class=\" wall-content\">Tout en reconnaissant se sentir impuissant face \u00e0 ces agissements, il \u00e9met toutefois une recommandation : \u00ab Si je pouvais donner un conseil, ce serait de <b>s\u2019\u00e9quiper d\u2019une alarme<\/b>, \u00e7a n\u2019emp\u00eache pas tout mais c\u2019est dissuasif. \u00bb\u00a0Daniel Duchesne \u00e9voque \u00e9galement l\u2019installation de cam\u00e9ras, mais aucun particulier n\u2019est autoris\u00e9 par la loi \u00e0 filmer dans la rue. \u00ab On devrait revoir la r\u00e9glementation \u00bb, songe-t-il.<\/p>\n<p>Votre r\u00e9gion, votre actu !<\/p>\n<p>Recevez chaque jour les infos qui comptent pour vous.<\/p>\n<p>\t<a href=\"https:\/\/actu.fr\/newsletter\" class=\"ac-btn ac-btn--corner ac-btn--medium ac-btn--blue800\" rel=\"nofollow noopener\" target=\"_blank\">S&rsquo;incrire<\/a><\/p>\n<p class=\" wall-content\">La municipalit\u00e9 a quant \u00e0 elle d\u00e9j\u00e0 install\u00e9 des <b>cam\u00e9ras de vid\u00e9osurveillance<\/b> au niveau de la salle des f\u00eates, de l\u2019\u00e9cole et de la mairie de cette commune peupl\u00e9e d\u2019\u00e0 peine 900 \u00e2mes.<\/p>\n<p class=\" wall-content\">Personnalisez votre actualit\u00e9 en ajoutant vos villes et m\u00e9dias en favori avec <a href=\"https:\/\/moncompte.actu.fr\" title=\"D\u00e9couvez Mon Actu\" rel=\"nofollow noopener\" data-trk=\"{&quot;cta&quot;:{&quot;action&quot;:&quot;https:\\\/\\\/moncompte.actu.fr&quot;,&quot;category&quot;:&quot;mon compte&quot;,&quot;from&quot;:&quot;article footer&quot;,&quot;name&quot;:&quot;Mon actu&quot;,&quot;type&quot;:&quot;cta&quot;}}\" target=\"_blank\">Mon Actu<\/a>.<\/p>\n","protected":false},"excerpt":{"rendered":"Par Emilien Jacques Publi\u00e9 le 12 nov. 2025 \u00e0 16h28 \u00ab Attention, de nombreux cambriolages sur Orival, soyez&hellip;\n","protected":false},"author":2,"featured_media":530582,"comment_status":"","ping_status":"","sticky":false,"template":"","format":"standard","meta":{"footnotes":""},"categories":[9587],"tags":[1111,11,1174,1777,674,1011,27,12,5161,1072,25,9590,104],"class_list":{"0":"post-530581","1":"post","2":"type-post","3":"status-publish","4":"format-standard","5":"has-post-thumbnail","7":"category-rouen","8":"tag-actu","9":"tag-actualites","10":"tag-cambriolage","11":"tag-eu","12":"tag-europe","13":"tag-fr","14":"tag-france","15":"tag-news","16":"tag-normandie","17":"tag-police","18":"tag-republique-francaise","19":"tag-rouen","20":"tag-societe"},"share_on_mastodon":{"url":"https:\/\/pubeurope.com\/@fr\/115540678758152158","error":""},"_links":{"self":[{"href":"https:\/\/www.europesays.com\/fr\/wp-json\/wp\/v2\/posts\/530581","targetHints":{"allow":["GET"]}}],"collection":[{"href":"https:\/\/www.europesays.com\/fr\/wp-json\/wp\/v2\/posts"}],"about":[{"href":"https:\/\/www.europesays.com\/fr\/wp-json\/wp\/v2\/types\/post"}],"author":[{"embeddable":true,"href":"https:\/\/www.europesays.com\/fr\/wp-json\/wp\/v2\/users\/2"}],"replies":[{"embeddable":true,"href":"https:\/\/www.europesays.com\/fr\/wp-json\/wp\/v2\/comments?post=530581"}],"version-history":[{"count":0,"href":"https:\/\/www.europesays.com\/fr\/wp-json\/wp\/v2\/posts\/530581\/revisions"}],"wp:featuredmedia":[{"embeddable":true,"href":"https:\/\/www.europesays.com\/fr\/wp-json\/wp\/v2\/media\/530582"}],"wp:attachment":[{"href":"https:\/\/www.europesays.com\/fr\/wp-json\/wp\/v2\/media?parent=530581"}],"wp:term":[{"taxonomy":"category","embeddable":true,"href":"https:\/\/www.europesays.com\/fr\/wp-json\/wp\/v2\/categories?post=530581"},{"taxonomy":"post_tag","embeddable":true,"href":"https:\/\/www.europesays.com\/fr\/wp-json\/wp\/v2\/tags?post=530581"}],"curies":[{"name":"wp","href":"https:\/\/api.w.org\/{rel}","templated":true}]}}