{"id":530589,"date":"2025-11-13T05:16:39","date_gmt":"2025-11-13T05:16:39","guid":{"rendered":"https:\/\/www.europesays.com\/fr\/530589\/"},"modified":"2025-11-13T05:16:39","modified_gmt":"2025-11-13T05:16:39","slug":"rennes-la-ville-en-petard-apres-la-fermeture-du-commissariat-de-villejean-faute-deffectifs","status":"publish","type":"post","link":"https:\/\/www.europesays.com\/fr\/530589\/","title":{"rendered":"Rennes : La Ville en p\u00e9tard apr\u00e8s la fermeture du commissariat de Villejean faute d\u2019effectifs"},"content":{"rendered":"<p class=\"mb-4 text-lg md:leading-8 break-words\"><strong>rideau baiss\u00e9 &#8211; La municipalit\u00e9 d\u00e9plore \u00ab\u00a0un mauvais signal difficilement compr\u00e9hensible\u00a0\u00bb pour les habitants de ce quartier gangren\u00e9 par le trafic de stup\u00e9fiants<\/strong><\/p>\n<p class=\"mb-4 text-lg md:leading-8 break-words\">Il est ferm\u00e9 et le restera \u00ab\u00a0pour une p\u00e9riode ind\u00e9termin\u00e9e\u00a0\u00bb. A Rennes, le commissariat de police de Villejean doit rester ferm\u00e9 <a href=\"https:\/\/www.rennes-infos-autrement.fr\/il-ny-a-plus-de-commissariat-a-villejean-info-ria\/?at_medium=RSS%20feed&amp;at_campaign=ynews&amp;utm_source=yahoo&amp;utm_medium=rss&amp;utm_campaign=news_feed&amp;utm_content=in_article_link\" rel=\"nofollow noopener\" target=\"_blank\" data-ylk=\"slk:en raison d\u2019un manque d\u2019effectifs;elm:context_link;itc:0;sec:content-canvas\" class=\"link \">en raison d\u2019un manque d\u2019effectifs<\/a>. Un vrai coup dur pour les habitants de ce quartier gangren\u00e9 par le trafic de stup\u00e9fiants et qui subit les r\u00e8glements de compte arm\u00e9s. C\u2019est ici qu\u2019une fusillade avait eu lieu <a href=\"https:\/\/www.20minutes.fr\/faits_divers\/faits-divers-rennes\/4149321-20250418-rennes-jeunes-criaient-temoin-fusillade-subway-elu-raconte-violence-scene?at_medium=RSS%20feed&amp;at_campaign=ynews&amp;utm_source=yahoo&amp;utm_medium=rss&amp;utm_campaign=news_feed&amp;utm_content=in_article_link\" rel=\"nofollow noopener\" target=\"_blank\" data-ylk=\"slk:en plein jour, dans un restaurant Subway;elm:context_link;itc:0;sec:content-canvas\" class=\"link \">en plein jour, dans un restaurant Subway<\/a> en avril dernier.<\/p>\n<p class=\"mb-4 text-lg md:leading-8 break-words\">Cette d\u00e9cision de la police nationale est largement comment\u00e9e. Dans un communiqu\u00e9, la municipalit\u00e9 socialiste a d\u00e9plor\u00e9 un choix qui est \u00ab\u00a0un mauvais signal difficilement compr\u00e9hensible\u00a0\u00bb et une fermeture qui \u00ab\u00a0a des cons\u00e9quences sur l\u2019acc\u00e8s des habitants \u00e0 certaines d\u00e9marches\u00a0\u00bb. Des commer\u00e7ants avaient <a href=\"https:\/\/www.20minutes.fr\/faits_divers\/4180721-20251021-rennes-deux-mineurs-interpelles-avoir-tente-racketter-commercants?at_medium=RSS%20feed&amp;at_campaign=ynews&amp;utm_source=yahoo&amp;utm_medium=rss&amp;utm_campaign=news_feed&amp;utm_content=in_article_link\" rel=\"nofollow noopener\" target=\"_blank\" data-ylk=\"slk:r\u00e9cemment re\u00e7u des courriers de menaces;elm:context_link;itc:0;sec:content-canvas\" class=\"link \">r\u00e9cemment re\u00e7u des courriers de menaces<\/a> de la part de trafiquants.<\/p>\n<p class=\"mb-4 text-lg md:leading-8 break-words\">Install\u00e9 sur la dalle Kennedy, le commissariat ne sert pas v\u00e9ritablement dans la lutte contre le trafic de stup\u00e9fiants. Ouvert le matin, il est davantage un lieu de d\u00e9marches administratives, servant notamment dans l\u2019accueil de la population pour des d\u00e9p\u00f4ts de plainte. Il permettait aussi aux habitants de rester en contact avec la police, assurant une pr\u00e9sence dans ce quartier populaire <a href=\"https:\/\/www.20minutes.fr\/faits_divers\/faits-divers-rennes\/4179437-20251015-rennes-membres-clan-yoda-interpelles-marseille-apres-serie-fusillades?at_medium=RSS%20feed&amp;at_campaign=ynews&amp;utm_source=yahoo&amp;utm_medium=rss&amp;utm_campaign=news_feed&amp;utm_content=in_article_link\" rel=\"nofollow noopener\" target=\"_blank\" data-ylk=\"slk:qui souffre du trafic de drogue;elm:context_link;itc:0;sec:content-canvas\" class=\"link \">qui souffre du trafic de drogue<\/a>. \u00ab\u00a0La circonscription de police de Rennes, historiquement sous-dot\u00e9e en moyens policiers, a besoin de renforts\u00a0\u00bb, mart\u00e8lent L\u00e9na\u00efc Bri\u00e8ro, adjointe \u00e0 la s\u00e9curit\u00e9 et Christophe Fouill\u00e8re, \u00e9lu de quartier.<\/p>\n<p>Une pr\u00e9sence jug\u00e9e rassurante<\/p>\n<p class=\"mb-4 text-lg md:leading-8 break-words\">Dans un communiqu\u00e9, la majorit\u00e9 de Nathalie App\u00e9r\u00e9 demande des effectif(&#8230;)<\/p>\n<p class=\"mb-4 text-lg md:leading-8 break-words\"><a href=\"https:\/\/www.20minutes.fr\/faits_divers\/faits-divers-rennes\/4185262-20251112-rennes-ville-petard-apres-fermeture-commissariat-villejean-faute-effectifs?at_medium=RSS%20feed&amp;at_campaign=ynews&amp;utm_source=yahoo&amp;utm_medium=rss&amp;utm_campaign=news_feed&amp;utm_content=read_more_link&quot;\" rel=\"nofollow noopener\" target=\"_blank\" data-ylk=\"slk:Lire la suite sur 20minutes;elm:context_link;itc:0;sec:content-canvas\" class=\"link \">Lire la suite sur 20minutes<\/a><\/p>\n<p>\u00c0 lire aussi :<br \/><a href=\"https:\/\/www.20minutes.fr\/societe\/4148574-20250416-rennes-ca-rien-change-quoi-servent-arretes-anti-regroupement-pris-ville-freiner-nuisances?at_medium=RSS%20feed&amp;at_campaign=ynews&amp;utm_source=yahoo&amp;utm_medium=rss&amp;utm_campaign=news_feed&amp;utm_content=related_content_link\" rel=\"nofollow noopener\" target=\"_blank\" data-ylk=\"slk:Rennes\u00a0: \u00ab\u00a0\u00c7a n\u2019a rien chang\u00e9\u00a0\u00bb\u2026 A quoi servent les arr\u00eat\u00e9s anti-regroupement pris par la ville pour freiner les nuisances\u00a0?;elm:context_link;itc:0;sec:content-canvas\" class=\"link \">Rennes\u00a0: \u00ab\u00a0\u00c7a n\u2019a rien chang\u00e9\u00a0\u00bb\u2026 A quoi servent les arr\u00eat\u00e9s anti-regroupement pris par la ville pour freiner les nuisances\u00a0?<\/a><br \/><a href=\"https:\/\/www.20minutes.fr\/faits_divers\/faits-divers-rennes\/4179437-20251015-rennes-membres-clan-yoda-interpelles-marseille-apres-serie-fusillades?at_medium=RSS%20feed&amp;at_campaign=ynews&amp;utm_source=yahoo&amp;utm_medium=rss&amp;utm_campaign=news_feed&amp;utm_content=related_content_link\" rel=\"nofollow noopener\" target=\"_blank\" data-ylk=\"slk:Rennes\u00a0: Des membres du clan Yoda interpell\u00e9s \u00e0 Marseille apr\u00e8s une s\u00e9rie de fusillades;elm:context_link;itc:0;sec:content-canvas\" class=\"link \">Rennes\u00a0: Des membres du clan Yoda interpell\u00e9s \u00e0 Marseille apr\u00e8s une s\u00e9rie de fusillades<\/a><\/p>\n","protected":false},"excerpt":{"rendered":"rideau baiss\u00e9 &#8211; La municipalit\u00e9 d\u00e9plore \u00ab\u00a0un mauvais signal difficilement compr\u00e9hensible\u00a0\u00bb pour les habitants de ce quartier gangren\u00e9&hellip;\n","protected":false},"author":2,"featured_media":480290,"comment_status":"","ping_status":"","sticky":false,"template":"","format":"standard","meta":{"footnotes":""},"categories":[2821],"tags":[1111,11,829,30645,1777,674,1011,27,12,18249,584,25,887,7164],"class_list":{"0":"post-530589","1":"post","2":"type-post","3":"status-publish","4":"format-standard","5":"has-post-thumbnail","7":"category-rennes","8":"tag-actu","9":"tag-actualites","10":"tag-bretagne","11":"tag-commissariat-de-police","12":"tag-eu","13":"tag-europe","14":"tag-fr","15":"tag-france","16":"tag-news","17":"tag-quartier-populaire","18":"tag-rennes","19":"tag-republique-francaise","20":"tag-trafic-de-drogue","21":"tag-trafic-de-stupefiants"},"share_on_mastodon":{"url":"https:\/\/pubeurope.com\/@fr\/115540694605573128","error":""},"_links":{"self":[{"href":"https:\/\/www.europesays.com\/fr\/wp-json\/wp\/v2\/posts\/530589","targetHints":{"allow":["GET"]}}],"collection":[{"href":"https:\/\/www.europesays.com\/fr\/wp-json\/wp\/v2\/posts"}],"about":[{"href":"https:\/\/www.europesays.com\/fr\/wp-json\/wp\/v2\/types\/post"}],"author":[{"embeddable":true,"href":"https:\/\/www.europesays.com\/fr\/wp-json\/wp\/v2\/users\/2"}],"replies":[{"embeddable":true,"href":"https:\/\/www.europesays.com\/fr\/wp-json\/wp\/v2\/comments?post=530589"}],"version-history":[{"count":0,"href":"https:\/\/www.europesays.com\/fr\/wp-json\/wp\/v2\/posts\/530589\/revisions"}],"wp:featuredmedia":[{"embeddable":true,"href":"https:\/\/www.europesays.com\/fr\/wp-json\/wp\/v2\/media\/480290"}],"wp:attachment":[{"href":"https:\/\/www.europesays.com\/fr\/wp-json\/wp\/v2\/media?parent=530589"}],"wp:term":[{"taxonomy":"category","embeddable":true,"href":"https:\/\/www.europesays.com\/fr\/wp-json\/wp\/v2\/categories?post=530589"},{"taxonomy":"post_tag","embeddable":true,"href":"https:\/\/www.europesays.com\/fr\/wp-json\/wp\/v2\/tags?post=530589"}],"curies":[{"name":"wp","href":"https:\/\/api.w.org\/{rel}","templated":true}]}}