{"id":530592,"date":"2025-11-13T05:18:14","date_gmt":"2025-11-13T05:18:14","guid":{"rendered":"https:\/\/www.europesays.com\/fr\/530592\/"},"modified":"2025-11-13T05:18:14","modified_gmt":"2025-11-13T05:18:14","slug":"toute-lactu-top-music-strasbourg-le-tram-ouest-en-circulation-a-partir-du-15-novembre","status":"publish","type":"post","link":"https:\/\/www.europesays.com\/fr\/530592\/","title":{"rendered":"Toute l&rsquo;actu Top Music &#8211; Strasbourg : le tram Ouest en circulation \u00e0 partir du 15 novembre"},"content":{"rendered":"<p><img decoding=\"async\" class=\"\" style=\"width:100%\" src=\"https:\/\/www.europesays.com\/fr\/wp-content\/uploads\/2025\/11\/Tram1681902264330.jpg\" alt=\"Tram\"\/><\/p>\n<p>L&rsquo;extension de la ligne F sera op\u00e9rationnelle \u00e0 partir du 15 novembre.<\/p>\n<p>Cr\u00e9dit : @Top Music &#8211; SR (Archives)<\/p>\n<p>Le <strong>tram vers l\u2019Ouest de Strasbourg est sur les rails !<\/strong> Sur 4 kilom\u00e8tres, l\u2019extension de la ligne F relie d\u00e9sormais <strong>Koenigshoffen, Hohberg, Poteries, Eckbolsheim et Wolfisheim<\/strong>. Ce projet comprend \u00e9galement <strong>un parking-relais de 100 places au terminus Henri-Rendu \u00e0 Wolfisheim, connect\u00e9 \u00e0 la ligne 240 du R\u00e9seau Express M\u00e9tropolitain Europ\u00e9en (REME)<\/strong>. Il est accompagn\u00e9 de plus de 6 kilom\u00e8tres de pistes cyclables et des trottoirs \u00e9largis pour que la s\u00e9curit\u00e9 des pi\u00e9tons y soit aussi assur\u00e9e. <a href=\"https:\/\/www.topmusic.fr\/strasbourg-la-badgeo-cts-desormais-disponible-sur-telephone\" rel=\"noopener\" target=\"_blank\">Dans le sillage du tram<\/a>, le r\u00e9seau de bus s\u2019engage dans une r\u00e9organisation plus globale, afin de mieux connecter les quartiers entre eux.<\/p>\n<p><strong>Des trajets plus rapides<\/strong><\/p>\n<p>La nouvelle desserte devrait augmenter <strong>la fr\u00e9quentation <a href=\"https:\/\/www.topmusic.fr\/les-nouvelles-rames-citadis-3-arrivent-sur-le-reseau-cts\" rel=\"noopener\" target=\"_blank\">de la ligne F<\/a> de plus de 35%, pour atteindre pr\u00e8s de 39 500 voyageurs par jour<\/strong>\u00a0(contre 29 000 en 2021). Les <strong>temps de parcours seront r\u00e9duits de 5 \u00e0 12 minutes<\/strong> selon les trajets et les correspondances, ce qui permettra notamment aux voyageurs de rejoindre le centre-ville de Strasbourg plus facilement.<\/p>\n<p><strong>Un investissement de 122 millions d\u2019euros<\/strong><\/p>\n<p>Ce prolongement s\u2019inscrit dans la continuit\u00e9 de la ligne F, mise en service il y a quinze ans, et compl\u00e8te le maillage du r\u00e9seau de l\u2019Eurom\u00e9tropole. Le budget global atteint <strong>122 millions d\u2019euros, dont 79 millions pour les travaux<\/strong>.<\/p>\n<p style=\"text-align: center;\"><strong>\u00c0 l\u2019occasion de la mise en service, l\u2019int\u00e9gralit\u00e9 du r\u00e9seau bus et tram CTS sera gratuit samedi 15 et dimanche 16 novembre.<\/strong><\/p>\n","protected":false},"excerpt":{"rendered":"L&rsquo;extension de la ligne F sera op\u00e9rationnelle \u00e0 partir du 15 novembre. Cr\u00e9dit : @Top Music &#8211; SR&hellip;\n","protected":false},"author":2,"featured_media":530593,"comment_status":"","ping_status":"","sticky":false,"template":"","format":"standard","meta":{"footnotes":""},"categories":[2820],"tags":[1111,11,2389,2649,29220,1777,28269,674,64973,1011,27,775,326,8419,16206,54518,12,64974,25,640,4890,2221,4109,2086,24070],"class_list":{"0":"post-530592","1":"post","2":"type-post","3":"status-publish","4":"format-standard","5":"has-post-thumbnail","7":"category-strasbourg","8":"tag-actu","9":"tag-actualites","10":"tag-alsace","11":"tag-bas-rhin","12":"tag-cts","13":"tag-eu","14":"tag-eurometropole","15":"tag-europe","16":"tag-extension-tram","17":"tag-fr","18":"tag-france","19":"tag-grand-est","20":"tag-gratuit","21":"tag-koenigshoffen","22":"tag-ligne-f","23":"tag-mise-en-service","24":"tag-news","25":"tag-poteries","26":"tag-republique-francaise","27":"tag-strasbourg","28":"tag-topmusicfrance","29":"tag-tram","30":"tag-tramway","31":"tag-travaux","32":"tag-wolfisheim"},"share_on_mastodon":{"url":"https:\/\/pubeurope.com\/@fr\/115540702474912799","error":""},"_links":{"self":[{"href":"https:\/\/www.europesays.com\/fr\/wp-json\/wp\/v2\/posts\/530592","targetHints":{"allow":["GET"]}}],"collection":[{"href":"https:\/\/www.europesays.com\/fr\/wp-json\/wp\/v2\/posts"}],"about":[{"href":"https:\/\/www.europesays.com\/fr\/wp-json\/wp\/v2\/types\/post"}],"author":[{"embeddable":true,"href":"https:\/\/www.europesays.com\/fr\/wp-json\/wp\/v2\/users\/2"}],"replies":[{"embeddable":true,"href":"https:\/\/www.europesays.com\/fr\/wp-json\/wp\/v2\/comments?post=530592"}],"version-history":[{"count":0,"href":"https:\/\/www.europesays.com\/fr\/wp-json\/wp\/v2\/posts\/530592\/revisions"}],"wp:featuredmedia":[{"embeddable":true,"href":"https:\/\/www.europesays.com\/fr\/wp-json\/wp\/v2\/media\/530593"}],"wp:attachment":[{"href":"https:\/\/www.europesays.com\/fr\/wp-json\/wp\/v2\/media?parent=530592"}],"wp:term":[{"taxonomy":"category","embeddable":true,"href":"https:\/\/www.europesays.com\/fr\/wp-json\/wp\/v2\/categories?post=530592"},{"taxonomy":"post_tag","embeddable":true,"href":"https:\/\/www.europesays.com\/fr\/wp-json\/wp\/v2\/tags?post=530592"}],"curies":[{"name":"wp","href":"https:\/\/api.w.org\/{rel}","templated":true}]}}