{"id":530610,"date":"2025-11-13T05:27:12","date_gmt":"2025-11-13T05:27:12","guid":{"rendered":"https:\/\/www.europesays.com\/fr\/530610\/"},"modified":"2025-11-13T05:27:12","modified_gmt":"2025-11-13T05:27:12","slug":"restauration-et-animations-musicales-au-programme","status":"publish","type":"post","link":"https:\/\/www.europesays.com\/fr\/530610\/","title":{"rendered":"restauration et animations musicales au programme"},"content":{"rendered":"<p>                    Par<br \/>\n        <strong><br \/>\n            <a href=\"https:\/\/actu.fr\/auteur\/margot-nicodeme\" title=\"Consulter tous les articles de Margot Nicod\u00e8me\" target=\"_blank\" rel=\"noopener\">Margot Nicod\u00e8me<\/a><br \/>\n                    <\/strong><\/p>\n<p>        Publi\u00e9 le<\/p>\n<p>            13 nov. 2025 \u00e0 6h20        <\/p>\n<p>Sa pr\u00e9sence n\u2019a \u00e9chapp\u00e9 \u00e0 personne, cette semaine du 10 novembre 2025 : <b>la Grand\u2019Place de <a href=\"https:\/\/actu.fr\/hauts-de-france\/lille_59350\/\" target=\"_blank\" rel=\"noopener\">Lille<\/a><\/b> (Nord) accueille<b> un chalet de No\u00ebl XXL<\/b>, qui sera bient\u00f4t rejoint par la traditionnelle grande roue. Propri\u00e9t\u00e9 de la soci\u00e9t\u00e9 Restaurants de Lille, qui poss\u00e8de notamment les friteries Meunier, il ouvrira le mercredi 19 novembre, <a href=\"https:\/\/actu.fr\/hauts-de-france\/lille_59350\/le-marche-de-noel-de-lille-quand-ouvre-t-il-et-quelles-animations-en-2025_63393270.html\" target=\"_blank\" rel=\"noopener\">le m\u00eame jour que le march\u00e9 de No\u00ebl<\/a> \u00e0 Rihour. L\u2019entreprise fait savoir que la structure participera pleinement \u00e0 \u00ab\u00a0l\u2019animation du centre-ville\u00a0\u00bb.<\/p>\n<p>Chalet de No\u00ebl XXL sur la Grand\u2019Place de Lille : petite restauration et animations musicales\u00a0<\/p>\n<p class=\" wall-content\">La fonction premi\u00e8re du chalet sera, bien entendu, de proposer<b> une pause gourmande<\/b>. Les promeneurs pourront combler leur soif et leur faim, avec de la petite restauration : \u00e0 la carte, <b>du chocolat et du vin chauds<\/b>, des boissons fra\u00eeches, <b>des bretzels<\/b>, <b>des portions de tartiflette<\/b>\u2026 Autant d\u2019encas typiques de la p\u00e9riode festive de fin d\u2019ann\u00e9e, \u00e0 emporter ou \u00e0 consommer sur place. Des mange-debout seront install\u00e9s.\u00a0<\/p>\n<p class=\" wall-content\">Pour compl\u00e9ter l\u2019esprit f\u00e9\u00e9rique, des \u00ab\u00a0animations musicales\u00a0\u00bb s\u2019y tiendront les samedis et vendredis soirs, fait savoir la soci\u00e9t\u00e9 des Restaurants de Lille, contact\u00e9e par Lille actu. Le public pourra ainsi s\u2019enthousiasmer devant des chants de No\u00ebl et <b>des repr\u00e9sentations de gospel<\/b>, alors que la Grand\u2019Place est pi\u00e9tonnis\u00e9e le week-end.<\/p>\n<p>    <img   decoding=\"async\" loading=\"lazy\" class=\"size-large\" src=\"https:\/\/www.europesays.com\/fr\/wp-content\/uploads\/2025\/11\/5887d78b741966c87d78b74193097dv-960x640.jpg\" alt=\"Bretzels, vin chaud, tartiflette y seront servis, et des animations musicales auront lieu le week-end.\" width=\"960\" height=\"640\"\/><br \/>\n    Bretzels, vin chaud, tartiflette y seront servis, et des animations musicales auront lieu le week-end. \u00a9Margot Nicod\u00e8me<\/p>\n<p class=\" wall-content\">Ce chalet montagnard est bien s\u00fbr une infrastructure \u00e9ph\u00e9m\u00e8re. Il restera sur le site <b>du 9 novembre au 19 janvier 2026<\/b>. Bient\u00f4t, la grande roue s\u2019installera \u00e0 quelques m\u00e8tres, de l\u2019autre c\u00f4t\u00e9 <a href=\"https:\/\/actu.fr\/hauts-de-france\/lille_59350\/la-deesse-n-aurait-jamais-due-se-trouver-sur-la-grand-place-lille-voila-pourquoi_48161867.html\" target=\"_blank\" rel=\"noopener\">de la colonne de la D\u00e9esse<\/a>.<\/p>\n<p class=\" wall-content\">Cette toute nouvelle offre des Restaurants de Lille intervient alors que la friterie Meunier de la Grand\u2019Place est ferm\u00e9e depuis 8 mois maintenant. Pour rappel, l\u2019\u00e9tablissement avait d\u00fb <a href=\"https:\/\/actu.fr\/hauts-de-france\/lille_59350\/lille-le-passage-sous-la-voute-de-la-grandplace-interdit-ces-deux-commerces-vont-devoir-fermer_62344823.htmlhttps:\/\/actu.fr\/hauts-de-france\/lille_59350\/lille-le-passage-sous-la-voute-de-la-grandplace-interdit-ces-deux-commerces-vont-devoir-fermer_62344823.html\" target=\"_blank\" rel=\"noopener\">fermer en mars dernier en raison de \u00ab\u00a0d\u00e9sordres\u00a0\u00bb<\/a> constat\u00e9s dans sa structure, au niveau de la \u00ab\u00a0vo\u00fbte Alcide\u00a0\u00bb. Pour l\u2019heure, aucune date de r\u00e9ouverture n\u2019est connue.<\/p>\n<p class=\" wall-content\">Personnalisez votre actualit\u00e9 en ajoutant vos villes et m\u00e9dias en favori avec <a href=\"https:\/\/moncompte.actu.fr\" title=\"D\u00e9couvez Mon Actu\" rel=\"nofollow noopener\" data-trk=\"{&quot;cta&quot;:{&quot;action&quot;:&quot;https:\\\/\\\/moncompte.actu.fr&quot;,&quot;category&quot;:&quot;mon compte&quot;,&quot;from&quot;:&quot;article footer&quot;,&quot;name&quot;:&quot;Mon actu&quot;,&quot;type&quot;:&quot;cta&quot;}}\" target=\"_blank\">Mon Actu<\/a>.<\/p>\n","protected":false},"excerpt":{"rendered":"Par Margot Nicod\u00e8me Publi\u00e9 le 13 nov. 2025 \u00e0 6h20 Sa pr\u00e9sence n\u2019a \u00e9chapp\u00e9 \u00e0 personne, cette semaine&hellip;\n","protected":false},"author":2,"featured_media":530611,"comment_status":"","ping_status":"","sticky":false,"template":"","format":"standard","meta":{"footnotes":""},"categories":[2815],"tags":[1111,11,33,1777,674,1011,27,811,1307,12,15830,25,1340],"class_list":{"0":"post-530610","1":"post","2":"type-post","3":"status-publish","4":"format-standard","5":"has-post-thumbnail","7":"category-lille","8":"tag-actu","9":"tag-actualites","10":"tag-economie","11":"tag-eu","12":"tag-europe","13":"tag-fr","14":"tag-france","15":"tag-hauts-de-france","16":"tag-lille","17":"tag-news","18":"tag-noel","19":"tag-republique-francaise","20":"tag-restaurant"},"share_on_mastodon":{"url":"https:\/\/pubeurope.com\/@fr\/115540738331323882","error":""},"_links":{"self":[{"href":"https:\/\/www.europesays.com\/fr\/wp-json\/wp\/v2\/posts\/530610","targetHints":{"allow":["GET"]}}],"collection":[{"href":"https:\/\/www.europesays.com\/fr\/wp-json\/wp\/v2\/posts"}],"about":[{"href":"https:\/\/www.europesays.com\/fr\/wp-json\/wp\/v2\/types\/post"}],"author":[{"embeddable":true,"href":"https:\/\/www.europesays.com\/fr\/wp-json\/wp\/v2\/users\/2"}],"replies":[{"embeddable":true,"href":"https:\/\/www.europesays.com\/fr\/wp-json\/wp\/v2\/comments?post=530610"}],"version-history":[{"count":0,"href":"https:\/\/www.europesays.com\/fr\/wp-json\/wp\/v2\/posts\/530610\/revisions"}],"wp:featuredmedia":[{"embeddable":true,"href":"https:\/\/www.europesays.com\/fr\/wp-json\/wp\/v2\/media\/530611"}],"wp:attachment":[{"href":"https:\/\/www.europesays.com\/fr\/wp-json\/wp\/v2\/media?parent=530610"}],"wp:term":[{"taxonomy":"category","embeddable":true,"href":"https:\/\/www.europesays.com\/fr\/wp-json\/wp\/v2\/categories?post=530610"},{"taxonomy":"post_tag","embeddable":true,"href":"https:\/\/www.europesays.com\/fr\/wp-json\/wp\/v2\/tags?post=530610"}],"curies":[{"name":"wp","href":"https:\/\/api.w.org\/{rel}","templated":true}]}}