{"id":530614,"date":"2025-11-13T05:29:12","date_gmt":"2025-11-13T05:29:12","guid":{"rendered":"https:\/\/www.europesays.com\/fr\/530614\/"},"modified":"2025-11-13T05:29:12","modified_gmt":"2025-11-13T05:29:12","slug":"marseille-cet-impressionnant-navire-de-guerre-arrive-pres-du-vieux-port-voici-pourquoi","status":"publish","type":"post","link":"https:\/\/www.europesays.com\/fr\/530614\/","title":{"rendered":"Marseille. Cet impressionnant navire de guerre arrive pr\u00e8s du Vieux-Port, voici pourquoi"},"content":{"rendered":"<p>                    Par<br \/>\n        <strong><br \/>\n            <a href=\"https:\/\/actu.fr\/auteur\/fabien-binacchi\" title=\"Consulter tous les articles de Fabien Binacchi\" target=\"_blank\" rel=\"noopener\">Fabien Binacchi<\/a><br \/>\n                    <\/strong><\/p>\n<p>        Publi\u00e9 le<\/p>\n<p>            13 nov. 2025 \u00e0 6h08        <\/p>\n<p>Pas de panique, l\u2019arm\u00e9e n\u2019a pas pr\u00e9vu de prendre possession du <a href=\"https:\/\/actu.fr\/tag\/mucem\" target=\"_blank\" rel=\"noopener\">Mucem.<\/a> Si <strong>le Dixmude,<\/strong> un impressionnant porte-h\u00e9licopt\u00e8res amphibie de la Marine nationale, s\u2019installe au pied du mus\u00e9e <a href=\"https:\/\/actu.fr\/marseille\/\" target=\"_blank\" rel=\"noopener\">marseillais<\/a> d\u00e8s ce jeudi 14\u00a0novembre, c\u2019est pour une <strong>visite de courtoisie.<\/strong><\/p>\n<p class=\" wall-content\">M\u00eame avant son arriv\u00e9e, ce navire de guerre de pr\u00e8s de 200m de long, qui sera amarr\u00e9 au quai J4 jusqu\u2019au samedi 16\u00a0novembre, suscite d\u00e9j\u00e0 un vif int\u00e9r\u00eat du public\u2009: les 1500 cr\u00e9neaux de visite qui ont \u00e9t\u00e9 ouverts pour l\u2019occasion affichent d\u00e9j\u00e0 complets.<\/p>\n<p>Des mensurations XXL<\/p>\n<p class=\" wall-content\">C\u2019est une premi\u00e8re depuis 2018. Apr\u00e8s une c\u00e9r\u00e9monie officielle organis\u00e9e cette ann\u00e9e-l\u00e0 et lors de laquelle il avait \u00e9t\u00e9 <strong>parrain\u00e9 par la Ville de Marseille,<\/strong> le Dixmude est de retour dans la cit\u00e9 phoc\u00e9enne du 14 au 16\u00a0novembre. Et il ne passera pas inaper\u00e7u.<\/p>\n<p class=\" wall-content\">Ce porte-h\u00e9licopt\u00e8res amphibie (PHA) affiche des mensurations XXL\u2009: \u00ab\u2009Long de 199\u00a0m\u00e8tres et large de 32\u00a0m\u00e8tres, le b\u00e2timent peut accueillir <strong>jusqu\u2019\u00e0 16 h\u00e9licopt\u00e8res<\/strong> et transporter diff\u00e9rents engins de d\u00e9barquement amphibies\u2009\u00bb, d\u00e9crit la Marine nationale.<\/p>\n<blockquote class=\"ac-article-quote wall-content\">\n<p>V\u00e9ritable outil de projection de forces a\u00e9roport\u00e9es et amphibies, il est capable de mener des op\u00e9rations de gestion de crise, de transport ou d\u2019\u00e9vacuation de ressortissants, d\u2019assurer un soutien m\u00e9dical de grande ampleur et de former les futurs officiers de Marine.<\/p>\n<p>    <strong>Marine nationale<\/strong>\n            <\/p><\/blockquote>\n<p>Au large de la bande de Gaza fin 2023<\/p>\n<p class=\" wall-content\">Le Dixmude est notamment \u00e9quip\u00e9 pour \u00eatre transform\u00e9 en <strong>bateau hospitalier.<\/strong> Il dispose notamment d\u2019\u00ab\u2009une structure de soins pouvant assurer des op\u00e9rations de chirurgie et poss\u00e9dant des lits d\u2019hospitalisation\u2009\u00bb, indique \u00e9galement la Mairie de Marseille.<\/p>\n<p class=\" wall-content\">L\u2019une de ses derni\u00e8res op\u00e9rations d\u2019envergure remonte \u00e0 novembre et d\u00e9cembre\u00a02023. \u00ab\u2009Il \u00e9tait positionn\u00e9 au large de la bande de Gaza\u2009\u00bb et \u00ab\u2009a servi d\u2019<strong>h\u00f4pital au profit de la population \u00e9vacu\u00e9e<\/strong>\u2009\u00bb, rappelle encore la municipalit\u00e9.<\/p>\n<p>Votre r\u00e9gion, votre actu !<\/p>\n<p>Recevez chaque jour les infos qui comptent pour vous.<\/p>\n<p>\t<a href=\"https:\/\/actu.fr\/newsletter\" class=\"ac-btn ac-btn--corner ac-btn--medium ac-btn--blue800\" target=\"_blank\" rel=\"noopener\">S&rsquo;incrire<\/a><br \/>\nL\u2019engouement du public<\/p>\n<p class=\" wall-content\">Amarr\u00e9 au quai J4, sur l\u2019esplanade Gis\u00e8le Halimi, dans le 2e arrondissement de Marseille, le b\u00e2timent militaire pourra \u00eatre visit\u00e9 par le public vendredi. Mais si vous n\u2019aviez pas d\u00e9j\u00e0 fait les d\u00e9marches n\u00e9cessaires, c\u2019est trop tard. Des cr\u00e9neaux de r\u00e9servation ouverts pour <strong>\u00ab\u2009pr\u00e8s de 1500 personnes\u2009\u00bb<\/strong> ont d\u00e9j\u00e0 tous \u00e9t\u00e9 pris, fait savoir la mairie sur <a href=\"https:\/\/www.marseille.fr\/mer\/actualites\/dixmude\" target=\"_blank\" rel=\"noopener\">son site Internet.<\/a><\/p>\n<p class=\" wall-content\">Les autres visiteurs pourront tout de m\u00eame \u00ab\u2009aller \u00e0 la rencontre <strong>des repr\u00e9sentants de la Marine nationale et du bataillon de marins-pompiers de Marseille<\/strong> (BMPM) sur leurs stands respectifs\u2009\u00bb, pendant les trois jours, insiste l\u2019arm\u00e9e dans un communiqu\u00e9.<\/p>\n<p class=\" wall-content\">Personnalisez votre actualit\u00e9 en ajoutant vos villes et m\u00e9dias en favori avec <a href=\"https:\/\/moncompte.actu.fr\" title=\"D\u00e9couvez Mon Actu\" rel=\"nofollow noopener\" data-trk=\"{&quot;cta&quot;:{&quot;action&quot;:&quot;https:\\\/\\\/moncompte.actu.fr&quot;,&quot;category&quot;:&quot;mon compte&quot;,&quot;from&quot;:&quot;article footer&quot;,&quot;name&quot;:&quot;Mon actu&quot;,&quot;type&quot;:&quot;cta&quot;}}\" target=\"_blank\">Mon Actu<\/a>.<\/p>\n","protected":false},"excerpt":{"rendered":"Par Fabien Binacchi Publi\u00e9 le 13 nov. 2025 \u00e0 6h08 Pas de panique, l\u2019arm\u00e9e n\u2019a pas pr\u00e9vu de&hellip;\n","protected":false},"author":2,"featured_media":530615,"comment_status":"","ping_status":"","sticky":false,"template":"","format":"standard","meta":{"footnotes":""},"categories":[2814],"tags":[1111,11,1813,1777,674,1011,27,567,884,12,882,25,104,1179],"class_list":{"0":"post-530614","1":"post","2":"type-post","3":"status-publish","4":"format-standard","5":"has-post-thumbnail","7":"category-marseille","8":"tag-actu","9":"tag-actualites","10":"tag-armee","11":"tag-eu","12":"tag-europe","13":"tag-fr","14":"tag-france","15":"tag-marine-nationale","16":"tag-marseille","17":"tag-news","18":"tag-provence-alpes-cote-dazur","19":"tag-republique-francaise","20":"tag-societe","21":"tag-vieux-port"},"share_on_mastodon":{"url":"https:\/\/pubeurope.com\/@fr\/115540745714981741","error":""},"_links":{"self":[{"href":"https:\/\/www.europesays.com\/fr\/wp-json\/wp\/v2\/posts\/530614","targetHints":{"allow":["GET"]}}],"collection":[{"href":"https:\/\/www.europesays.com\/fr\/wp-json\/wp\/v2\/posts"}],"about":[{"href":"https:\/\/www.europesays.com\/fr\/wp-json\/wp\/v2\/types\/post"}],"author":[{"embeddable":true,"href":"https:\/\/www.europesays.com\/fr\/wp-json\/wp\/v2\/users\/2"}],"replies":[{"embeddable":true,"href":"https:\/\/www.europesays.com\/fr\/wp-json\/wp\/v2\/comments?post=530614"}],"version-history":[{"count":0,"href":"https:\/\/www.europesays.com\/fr\/wp-json\/wp\/v2\/posts\/530614\/revisions"}],"wp:featuredmedia":[{"embeddable":true,"href":"https:\/\/www.europesays.com\/fr\/wp-json\/wp\/v2\/media\/530615"}],"wp:attachment":[{"href":"https:\/\/www.europesays.com\/fr\/wp-json\/wp\/v2\/media?parent=530614"}],"wp:term":[{"taxonomy":"category","embeddable":true,"href":"https:\/\/www.europesays.com\/fr\/wp-json\/wp\/v2\/categories?post=530614"},{"taxonomy":"post_tag","embeddable":true,"href":"https:\/\/www.europesays.com\/fr\/wp-json\/wp\/v2\/tags?post=530614"}],"curies":[{"name":"wp","href":"https:\/\/api.w.org\/{rel}","templated":true}]}}