{"id":530618,"date":"2025-11-13T05:31:17","date_gmt":"2025-11-13T05:31:17","guid":{"rendered":"https:\/\/www.europesays.com\/fr\/530618\/"},"modified":"2025-11-13T05:31:17","modified_gmt":"2025-11-13T05:31:17","slug":"comment-des-survivants-du-13-novembre-se-relevent-ensemble","status":"publish","type":"post","link":"https:\/\/www.europesays.com\/fr\/530618\/","title":{"rendered":"comment des survivants du 13-Novembre se rel\u00e8vent ensemble"},"content":{"rendered":"<p>\u00ab\u00a0On est devenus une esp\u00e8ce de famille caboss\u00e9e.\u00a0\u00bb Sophie Parra, habitante de Sainte-Foy-l\u00e8s-Lyon, est une rescap\u00e9e du Bataclan. Dix ans apr\u00e8s les attentats du 13-Novembre, la quadrag\u00e9naire continue d\u2019\u00e9changer avec d\u2019autres victimes. \u00ab\u00a0Cette solidarit\u00e9 s\u2019est construite dans la cortisone, la morphine et les antid\u00e9presseurs\u00a0\u00bb.<\/p>\n<p>\u00ab\u00a0Au bout d\u2019un moment, on ne voit plus la victime en face, juste une personne avec qui on a cr\u00e9\u00e9 des liens. On peut \u00e9changer des vid\u00e9os de chat ou rigoler ensemble\u00a0\u00bb, comme des amis lambda. \u00ab\u00a0Il y a une sorte de besoin de faire des choses normales entre gens qui ont v\u00e9cu un truc anormal. <a href=\"https:\/\/www.leprogres.fr\/faits-divers-justice\/2021\/09\/01\/bernard-cazeneuve-au-proces-du-13-novembre-une-exigence-de-verite-et-de-precision\" target=\"_blank\" rel=\"noopener\">Le proc\u00e8s<\/a> nous a rassembl\u00e9s, on allait boire des verres ensemble apr\u00e8s les&#8230;<\/p>\n","protected":false},"excerpt":{"rendered":"\u00ab\u00a0On est devenus une esp\u00e8ce de famille caboss\u00e9e.\u00a0\u00bb Sophie Parra, habitante de Sainte-Foy-l\u00e8s-Lyon, est une rescap\u00e9e du Bataclan.&hellip;\n","protected":false},"author":2,"featured_media":530619,"comment_status":"","ping_status":"","sticky":false,"template":"","format":"standard","meta":{"footnotes":""},"categories":[1889],"tags":[1111,11,2430,2757,1777,674,107,1011,27,2428,2756,12,25,2429,4604,104,1254],"class_list":{"0":"post-530618","1":"post","2":"type-post","3":"status-publish","4":"format-standard","5":"has-post-thumbnail","7":"category-lyon","8":"tag-actu","9":"tag-actualites","10":"tag-auvergne-rhone-alpes","11":"tag-edition-lyon-villeurbanne","12":"tag-eu","13":"tag-europe","14":"tag-fil-info","15":"tag-fr","16":"tag-france","17":"tag-lyon","18":"tag-lyon-bassin","19":"tag-news","20":"tag-republique-francaise","21":"tag-rhone","22":"tag-selection-abonne","23":"tag-societe","24":"tag-terrorisme"},"share_on_mastodon":{"url":"https:\/\/pubeurope.com\/@fr\/115540753419326268","error":""},"_links":{"self":[{"href":"https:\/\/www.europesays.com\/fr\/wp-json\/wp\/v2\/posts\/530618","targetHints":{"allow":["GET"]}}],"collection":[{"href":"https:\/\/www.europesays.com\/fr\/wp-json\/wp\/v2\/posts"}],"about":[{"href":"https:\/\/www.europesays.com\/fr\/wp-json\/wp\/v2\/types\/post"}],"author":[{"embeddable":true,"href":"https:\/\/www.europesays.com\/fr\/wp-json\/wp\/v2\/users\/2"}],"replies":[{"embeddable":true,"href":"https:\/\/www.europesays.com\/fr\/wp-json\/wp\/v2\/comments?post=530618"}],"version-history":[{"count":0,"href":"https:\/\/www.europesays.com\/fr\/wp-json\/wp\/v2\/posts\/530618\/revisions"}],"wp:featuredmedia":[{"embeddable":true,"href":"https:\/\/www.europesays.com\/fr\/wp-json\/wp\/v2\/media\/530619"}],"wp:attachment":[{"href":"https:\/\/www.europesays.com\/fr\/wp-json\/wp\/v2\/media?parent=530618"}],"wp:term":[{"taxonomy":"category","embeddable":true,"href":"https:\/\/www.europesays.com\/fr\/wp-json\/wp\/v2\/categories?post=530618"},{"taxonomy":"post_tag","embeddable":true,"href":"https:\/\/www.europesays.com\/fr\/wp-json\/wp\/v2\/tags?post=530618"}],"curies":[{"name":"wp","href":"https:\/\/api.w.org\/{rel}","templated":true}]}}