{"id":530622,"date":"2025-11-13T05:35:14","date_gmt":"2025-11-13T05:35:14","guid":{"rendered":"https:\/\/www.europesays.com\/fr\/530622\/"},"modified":"2025-11-13T05:35:14","modified_gmt":"2025-11-13T05:35:14","slug":"installations-classees-en-ile-de-france-des-inspections-et-des-sanctions","status":"publish","type":"post","link":"https:\/\/www.europesays.com\/fr\/530622\/","title":{"rendered":"Installations class\u00e9es en \u00cele-de-France\u00a0: des inspections&#8230; et des sanctions"},"content":{"rendered":"\n<p style=\"margin-bottom: 0cm;\">En \u00cele-de-France, les installations class\u00e9es pour la protection de l\u2019environnement (ICPE) font l\u2019objet d\u2019une surveillance accrue pour limiter leurs risques sur la sant\u00e9, la s\u00e9curit\u00e9 publique et l\u2019environnement. En 2024, les 155 inspecteurs de la DRIEAT ont men\u00e9 2.232 inspections dans des sites industriels, agricoles ou tertiaires. De quoi v\u00e9rifier la conformit\u00e9 r\u00e9glementaire, g\u00e9rer les incidents et encadrer les projets des exploitants. En 2024, les autorit\u00e9s ont prononc\u00e9 276 mises en demeure, 64 sanctions administratives et 54 sanctions p\u00e9nales, confirmant une vigilance renforc\u00e9e pour la protection de l\u2019environnement et des populations.<\/p>\n<p lang=\"fr-FR\" style=\"margin-bottom: 0cm; font-style: normal; font-weight: normal;\">\u00a0<\/p>\n<p lang=\"fr-FR\" style=\"margin-bottom: 0cm; font-weight: normal;\">Nicolas Chacun<\/p>\n<p>!function(f,b,e,v,n,t,s){if(f.fbq)return;n=f.fbq=function(){n.callMethod?<br \/>\nn.callMethod.apply(n,arguments):n.queue.push(arguments)};if(!f._fbq)f._fbq=n;<br \/>\nn.push=n;n.loaded=!0;n.version=&rsquo;2.0&prime;;n.queue=[];t=b.createElement(e);t.async=!0;<br \/>\nt.src=v;s=b.getElementsByTagName(e)[0];s.parentNode.insertBefore(t,s)}(window,<br \/>\ndocument,&rsquo;script&rsquo;,&rsquo;https:\/\/connect.facebook.net\/en_US\/fbevents.js&rsquo;);<br \/>\nfbq(&lsquo;init&rsquo;, &lsquo;278974969201861&rsquo;); \/\/ Insert your pixel ID here.<br \/>\nfbq(&lsquo;track&rsquo;, &lsquo;PageView&rsquo;);<\/p>\n","protected":false},"excerpt":{"rendered":"En \u00cele-de-France, les installations class\u00e9es pour la protection de l\u2019environnement (ICPE) font l\u2019objet d\u2019une surveillance accrue pour limiter&hellip;\n","protected":false},"author":2,"featured_media":530623,"comment_status":"","ping_status":"","sticky":false,"template":"","format":"standard","meta":{"footnotes":""},"categories":[1592],"tags":[1111,11,1933,1936,1777,1939,674,1011,27,662,1934,12,1940,626,1935,25,1937,1941,1938],"class_list":{"0":"post-530622","1":"post","2":"type-post","3":"status-publish","4":"format-standard","5":"has-post-thumbnail","7":"category-ile-de-france","8":"tag-actu","9":"tag-actualites","10":"tag-actualites-locales","11":"tag-essonne","12":"tag-eu","13":"tag-eure-et-loir","14":"tag-europe","15":"tag-fr","16":"tag-france","17":"tag-ile-de-france","18":"tag-infos-locales","19":"tag-news","20":"tag-oise","21":"tag-paris","22":"tag-pres-de-chez-vous","23":"tag-republique-francaise","24":"tag-seine-et-marne","25":"tag-somme","26":"tag-yvelines"},"share_on_mastodon":{"url":"https:\/\/pubeurope.com\/@fr\/115540769155463296","error":""},"_links":{"self":[{"href":"https:\/\/www.europesays.com\/fr\/wp-json\/wp\/v2\/posts\/530622","targetHints":{"allow":["GET"]}}],"collection":[{"href":"https:\/\/www.europesays.com\/fr\/wp-json\/wp\/v2\/posts"}],"about":[{"href":"https:\/\/www.europesays.com\/fr\/wp-json\/wp\/v2\/types\/post"}],"author":[{"embeddable":true,"href":"https:\/\/www.europesays.com\/fr\/wp-json\/wp\/v2\/users\/2"}],"replies":[{"embeddable":true,"href":"https:\/\/www.europesays.com\/fr\/wp-json\/wp\/v2\/comments?post=530622"}],"version-history":[{"count":0,"href":"https:\/\/www.europesays.com\/fr\/wp-json\/wp\/v2\/posts\/530622\/revisions"}],"wp:featuredmedia":[{"embeddable":true,"href":"https:\/\/www.europesays.com\/fr\/wp-json\/wp\/v2\/media\/530623"}],"wp:attachment":[{"href":"https:\/\/www.europesays.com\/fr\/wp-json\/wp\/v2\/media?parent=530622"}],"wp:term":[{"taxonomy":"category","embeddable":true,"href":"https:\/\/www.europesays.com\/fr\/wp-json\/wp\/v2\/categories?post=530622"},{"taxonomy":"post_tag","embeddable":true,"href":"https:\/\/www.europesays.com\/fr\/wp-json\/wp\/v2\/tags?post=530622"}],"curies":[{"name":"wp","href":"https:\/\/api.w.org\/{rel}","templated":true}]}}