{"id":530626,"date":"2025-11-13T05:37:14","date_gmt":"2025-11-13T05:37:14","guid":{"rendered":"https:\/\/www.europesays.com\/fr\/530626\/"},"modified":"2025-11-13T05:37:14","modified_gmt":"2025-11-13T05:37:14","slug":"votre-opinion-commemoration-du-13-novembre-gardez-vous-un-traumatisme-des-attentats-de-paris","status":"publish","type":"post","link":"https:\/\/www.europesays.com\/fr\/530626\/","title":{"rendered":"Votre opinion\u00a0: \u00ab\u00a0Comm\u00e9moration du 13 novembre\u00a0: gardez-vous un traumatisme des attentats de Paris\u00a0?\u00a0\u00bb\u00a0"},"content":{"rendered":"<p>Dans cette rubrique \u00ab\u00a0Votre Opinion\u00a0\u00bb les internautes sont invit\u00e9s \u00e0 r\u00e9pondre et \u00e0 r\u00e9agir \u00e0 nos sondages, chaque jour, sur diff\u00e9rents th\u00e8mes de l\u2019actualit\u00e9.<\/p>\n<p>Ce jeudi 13\u00a0novembre,\u00a0nouvelle question dans votre rubrique \u00ab\u00a0Votre Opinion\u00a0\u00bb.<\/p>\n<p>Vous pouvez r\u00e9pondre et r\u00e9agir \u00e0 notre sondage. Vos commentaires seront s\u00e9lectionn\u00e9s et les r\u00e9sultats seront \u00e0 retrouver dans le 6\/8 Ansanm avec Laura Chateau.<\/p>\n","protected":false},"excerpt":{"rendered":"Dans cette rubrique \u00ab\u00a0Votre Opinion\u00a0\u00bb les internautes sont invit\u00e9s \u00e0 r\u00e9pondre et \u00e0 r\u00e9agir \u00e0 nos sondages, chaque&hellip;\n","protected":false},"author":2,"featured_media":530627,"comment_status":"","ping_status":"","sticky":false,"template":"","format":"standard","meta":{"footnotes":""},"categories":[1888],"tags":[1111,1928,47,11,1927,1777,674,1011,27,6335,1922,6336,12,1926,6334,626,1925,25,104,64980],"class_list":{"0":"post-530626","1":"post","2":"type-post","3":"status-publish","4":"format-standard","5":"has-post-thumbnail","7":"category-paris","8":"tag-actu","9":"tag-actu-paris","10":"tag-actualite","11":"tag-actualites","12":"tag-actualites-paris","13":"tag-eu","14":"tag-europe","15":"tag-fr","16":"tag-france","17":"tag-home-page","18":"tag-info","19":"tag-la-reunion","20":"tag-news","21":"tag-news-paris","22":"tag-newsletter","23":"tag-paris","24":"tag-paris-news","25":"tag-republique-francaise","26":"tag-societe","27":"tag-votre-opinion"},"share_on_mastodon":{"url":"https:\/\/pubeurope.com\/@fr\/115540776960621658","error":""},"_links":{"self":[{"href":"https:\/\/www.europesays.com\/fr\/wp-json\/wp\/v2\/posts\/530626","targetHints":{"allow":["GET"]}}],"collection":[{"href":"https:\/\/www.europesays.com\/fr\/wp-json\/wp\/v2\/posts"}],"about":[{"href":"https:\/\/www.europesays.com\/fr\/wp-json\/wp\/v2\/types\/post"}],"author":[{"embeddable":true,"href":"https:\/\/www.europesays.com\/fr\/wp-json\/wp\/v2\/users\/2"}],"replies":[{"embeddable":true,"href":"https:\/\/www.europesays.com\/fr\/wp-json\/wp\/v2\/comments?post=530626"}],"version-history":[{"count":0,"href":"https:\/\/www.europesays.com\/fr\/wp-json\/wp\/v2\/posts\/530626\/revisions"}],"wp:featuredmedia":[{"embeddable":true,"href":"https:\/\/www.europesays.com\/fr\/wp-json\/wp\/v2\/media\/530627"}],"wp:attachment":[{"href":"https:\/\/www.europesays.com\/fr\/wp-json\/wp\/v2\/media?parent=530626"}],"wp:term":[{"taxonomy":"category","embeddable":true,"href":"https:\/\/www.europesays.com\/fr\/wp-json\/wp\/v2\/categories?post=530626"},{"taxonomy":"post_tag","embeddable":true,"href":"https:\/\/www.europesays.com\/fr\/wp-json\/wp\/v2\/tags?post=530626"}],"curies":[{"name":"wp","href":"https:\/\/api.w.org\/{rel}","templated":true}]}}