{"id":530628,"date":"2025-11-13T05:38:16","date_gmt":"2025-11-13T05:38:16","guid":{"rendered":"https:\/\/www.europesays.com\/fr\/530628\/"},"modified":"2025-11-13T05:38:16","modified_gmt":"2025-11-13T05:38:16","slug":"on-va-bien-sinon-on-ne-proposerait-pas-devenements-comme-celui-la","status":"publish","type":"post","link":"https:\/\/www.europesays.com\/fr\/530628\/","title":{"rendered":"\u00abOn va bien sinon on ne proposerait pas d&rsquo;\u00e9v\u00e9nements comme celui-l\u00e0\u00bb"},"content":{"rendered":"<p>Lors de la pr\u00e9sentation de la vitrine de No\u00ebl des Galeries Lafayette de Beauvais ce mercredi 12 novembre, la directrice, S\u00e9verine Fournier, s\u2019est voulue rassurante sur la sant\u00e9 de l\u2019enseigne historique du centre commer\u00e7ant.<\/p>\n<p>\u00abLe th\u00e8me, c\u2019\u00e9tait le plus beau cadeau, nous nous sommes dit que nous ne pouvions pas faire mieux comme plus beau cadeau aux Beauvaisiens que de proposer cette tr\u00e8s belle vitrine dans le centre-ville\u00bb. Mercredi 12 novembre, en d\u00e9but de soir\u00e9e, la directrice des Galeries Lafayette de Beauvais depuis quasiment 4 ans, S\u00e9verine Fournier, a d\u00e9voil\u00e9, aux c\u00f4t\u00e9s du maire, Franck Pia, la cr\u00e9ation de ses \u00e9quipes. \u00abCette vitrine s\u2019inscrit dans la grande tradition des Galeries Lafayette o\u00f9 la cr\u00e9ativit\u00e9 et l\u2019imaginaire se rencontrent pour c\u00e9l\u00e9brer l\u2019esprit de No\u00ebl\u00bb, a-t-elle pr\u00e9cis\u00e9. <\/p>\n<p><img fetchpriority=\"high\" decoding=\"async\" width=\"1280\" height=\"960\" alt=\"Mercredi 12 novembre, au 2 rue des Jacobins, la directrice des Galerie Lafayette de Beauvais, S\u00e9verine Fournier, (ici au centre) pose avec les salari\u00e9s qui ont pens\u00e9, travaill\u00e9 et r\u00e9alis\u00e9 la vitrine de No\u00ebl.\" class=\"wp-image-144723 lazyload\" data-eio=\"p\" src=\"https:\/\/www.europesays.com\/fr\/wp-content\/uploads\/2025\/11\/galerie-lafayette.jpg\"  data- data-eio-rwidth=\"1280\" data-eio-rheight=\"960\"\/>Mercredi 12 novembre, au 2 rue des Jacobins, la directrice des Galeries Lafayette de Beauvais, S\u00e9verine Fournier (ici au centre) pose avec les salari\u00e9s qui ont pens\u00e9, travaill\u00e9 et r\u00e9alis\u00e9 la vitrine de No\u00ebl.<\/p>\n<p>La cr\u00e9ation de cette vitrine aura n\u00e9cessit\u00e9 9 mois de r\u00e9flexion pendant lesquels plusieurs ateliers du site ont \u00e9t\u00e9 mis \u00e0 contribution. Une marionnettiste a fini le travail, sur une journ\u00e9e, pour accorder le mouvement des diff\u00e9rents \u00e9l\u00e9ments avec le d\u00e9cor et les lumi\u00e8res. <\/p>\n<p><video controls=\"\" src=\"https:\/\/www.lobservateurdebeauvais.fr\/wp-content\/uploads\/2025\/11\/img-9653-mov\"\/><\/p>\n<p>Le choix de la date d\u2019inauguration n\u2019a rien d\u2019un hasard. Elle a \u00e9t\u00e9 coordonn\u00e9e avec celle des prestigieuses Galeries Lafayette Haussmann de Paris. M\u00eame si le magasin beauvaisien n\u2019a plus le m\u00eame propri\u00e9taire, il est aujourd\u2019hui propri\u00e9t\u00e9 de la Fonci\u00e8re immobili\u00e8re Bordelaise (FIB), il reste affili\u00e9 au <a href=\"https:\/\/www.groupegalerieslafayette.fr\/\" rel=\"nofollow noopener\" target=\"_blank\">groupe Galeries Lafayette.<\/a> <\/p>\n<p><strong>A lire aussi :<\/strong><a href=\"https:\/\/www.lobservateurdebeauvais.fr\/retour-spectacle-projete-cathedrale\/\" target=\"_blank\" rel=\"noopener\"> le retour d\u2019un son et lumi\u00e8re \u00e0 la cath\u00e9drale<\/a><\/p>\n<p>C\u2019est aussi peut-\u00eatre cette situation qui alimente parfois les rumeurs de d\u00e9part du magasin. \u00abOn se porte bien, tr\u00e8s bien, sinon on n\u2019aurait pas propos\u00e9 ce genre d\u2019\u00e9v\u00e9nement\u00bb, r\u00e9pond la directrice sans toutefois donner de chiffres. <\/p>\n<p>Pour cette dirigeante arriv\u00e9e en 2022, le magasin beauvaisien a toute sa place \u00e0 Beauvais. Il a, selon elle, la particularit\u00e9 d\u2019\u00eatre \u00e0 la port\u00e9e de toutes les bourses. \u00abOn peut vendre des tee-shirts \u00e0 partir de 19 euros comme des sacs plus chers, par exemple, annonce-t-elle. On propose des marques pour tous\u00bb.<br \/>Face \u00e0 la crise du textile qui a s\u00e9v\u00e8rement touch\u00e9 Beauvais ces derni\u00e8res ann\u00e9es, l\u2019enseigne et ses 24 salari\u00e9s ont aussi choisi, parall\u00e8lement aux \u201chistoriques\u201d, de miser sur de nouvelles marques, plus modernes et \u00e0 la mode. En magasin et via internet \u00e0 r\u00e9cup\u00e9rer sur site, les Galeries Lafayette de Beauvais en abritent m\u00eame, aujourd\u2019hui, une cinquantaine, dont certaines sont vendues en exclusivit\u00e9 dans le seul magasin de l\u2019Oise.<\/p>\n<p>\u00abOn ne d\u00e9m\u00e9nage pas \u00bb<\/p>\n<p><img loading=\"lazy\" decoding=\"async\" width=\"1280\" height=\"960\" alt=\"img 9664\" class=\"wp-image-144725 lazyload\" data-eio=\"p\" src=\"https:\/\/www.europesays.com\/fr\/wp-content\/uploads\/2025\/11\/img-9664.jpg\"  data- data-eio-rwidth=\"1280\" data-eio-rheight=\"960\"\/>Pour S\u00e9verine Fournier, la place des Galeries Lafayette, c\u2019est dans le centre-ville de Beauvais et pas ailleurs.<\/p>\n<p><a href=\"https:\/\/www.lobservateurdebeauvais.fr\/beauvais-la-fib-confirme-le-transfert-des-galeries-lafayette-au-centre-commercial-du-jeu-de-paume\/\" target=\"_blank\" rel=\"noopener\">Une raison suppl\u00e9mentaire d\u2019enterrer l\u2019id\u00e9e d\u2019un d\u00e9m\u00e9nagement des Galeries Lafayette dans plusieurs cellules vides du centre commercial du Jeu de Paume, propri\u00e9t\u00e9 \u00e9galement de la FIB<\/a> ? Ce sc\u00e9nario avait \u00e9t\u00e9 pourtant \u00e9t\u00e9 \u00e9voqu\u00e9 en 2018 avant de disparaitre au moment des difficult\u00e9s financi\u00e8res de la FIB. \u00abQuand j\u2019ai \u00e9t\u00e9 recrut\u00e9e, j\u2019avais dit que si les Galeries Lafayette d\u00e9m\u00e9nageaient d\u2019ici, du centre-ville, ce ne serait plus les Galeries Lafayette\u00bb, fait remarquer la directrice originaire de Chaumont-en-Vexin et qui conna\u00eet donc bien l\u2019\u00e9volution du centre-ville commer\u00e7ant. Elle en est encore plus cat\u00e9gorique aujourd\u2019hui : \u00abOn ne d\u00e9m\u00e9nage pas, on est l\u00e0 depuis longtemps, on y est bien et on y restera longtemps, \u00e0 Beauvais, ici, dans le centre-ville \u00bb.<\/p>\n","protected":false},"excerpt":{"rendered":"Lors de la pr\u00e9sentation de la vitrine de No\u00ebl des Galeries Lafayette de Beauvais ce mercredi 12 novembre,&hellip;\n","protected":false},"author":2,"featured_media":530629,"comment_status":"","ping_status":"","sticky":false,"template":"","format":"standard","meta":{"footnotes":""},"categories":[1888],"tags":[11,1777,674,1011,27,4238,12,64981,626,25,64582],"class_list":{"0":"post-530628","1":"post","2":"type-post","3":"status-publish","4":"format-standard","5":"has-post-thumbnail","7":"category-paris","8":"tag-actualites","9":"tag-eu","10":"tag-europe","11":"tag-fr","12":"tag-france","13":"tag-galeries-lafayette","14":"tag-news","15":"tag-nou00ebl","16":"tag-paris","17":"tag-republique-francaise","18":"tag-vitrine"},"share_on_mastodon":{"url":"https:\/\/pubeurope.com\/@fr\/115540781937541236","error":""},"_links":{"self":[{"href":"https:\/\/www.europesays.com\/fr\/wp-json\/wp\/v2\/posts\/530628","targetHints":{"allow":["GET"]}}],"collection":[{"href":"https:\/\/www.europesays.com\/fr\/wp-json\/wp\/v2\/posts"}],"about":[{"href":"https:\/\/www.europesays.com\/fr\/wp-json\/wp\/v2\/types\/post"}],"author":[{"embeddable":true,"href":"https:\/\/www.europesays.com\/fr\/wp-json\/wp\/v2\/users\/2"}],"replies":[{"embeddable":true,"href":"https:\/\/www.europesays.com\/fr\/wp-json\/wp\/v2\/comments?post=530628"}],"version-history":[{"count":0,"href":"https:\/\/www.europesays.com\/fr\/wp-json\/wp\/v2\/posts\/530628\/revisions"}],"wp:featuredmedia":[{"embeddable":true,"href":"https:\/\/www.europesays.com\/fr\/wp-json\/wp\/v2\/media\/530629"}],"wp:attachment":[{"href":"https:\/\/www.europesays.com\/fr\/wp-json\/wp\/v2\/media?parent=530628"}],"wp:term":[{"taxonomy":"category","embeddable":true,"href":"https:\/\/www.europesays.com\/fr\/wp-json\/wp\/v2\/categories?post=530628"},{"taxonomy":"post_tag","embeddable":true,"href":"https:\/\/www.europesays.com\/fr\/wp-json\/wp\/v2\/tags?post=530628"}],"curies":[{"name":"wp","href":"https:\/\/api.w.org\/{rel}","templated":true}]}}