{"id":530637,"date":"2025-11-13T05:43:19","date_gmt":"2025-11-13T05:43:19","guid":{"rendered":"https:\/\/www.europesays.com\/fr\/530637\/"},"modified":"2025-11-13T05:43:19","modified_gmt":"2025-11-13T05:43:19","slug":"le-sombre-avenir-judiciaire-dandrew","status":"publish","type":"post","link":"https:\/\/www.europesays.com\/fr\/530637\/","title":{"rendered":"Le sombre avenir judiciaire d\u2019Andrew"},"content":{"rendered":"<p>Rien n\u2019est fini, tout commence. <a target=\"_blank\" href=\"https:\/\/www.pointdevue.fr\/royal\/royaume-uni\/le-prince-andrew-est-destitue-de-tous-ces-titres-par-charles-iii-et-sera-bientot-expulse-de-royal-lodge\" rel=\"nofollow noopener\">D\u00e9chu de ses titres<\/a> et bient\u00f4t exil\u00e9 sur le domaine priv\u00e9 de Charles III \u00e0 Sandringham, l\u2019ex-prince <a target=\"_blank\" href=\"https:\/\/www.pointdevue.fr\/grand-angle\/biographies\/prince-andrew\" rel=\"nofollow noopener\">Andrew<\/a> voit son futur s\u2019\u00e9crire en pointill\u00e9s. Ses relations avec Jeffrey Epstein, mais \u00e9galement son r\u00f4le d\u2019ambassadeur commercial du Royaume-Uni entre 2001 et 2011, sont dans le viseur de la justice am\u00e9ricaine et britannique.<\/p>\n<p>Un \u00e9tau judiciaire qui se resserre<\/p>\n<p>La premi\u00e8re salve, et la moins contraignante juridiquement, est la lettre envoy\u00e9e des \u00c9tats-Unis \u00e0 M. Andrew Mountbatten-Windsor par seize membres de la commission de surveillance de la Chambre des repr\u00e9sentants. La missive, \u00e0 en-t\u00eate du Congr\u00e8s des \u00c9tats-Unis d\u2019Am\u00e9rique, <strong>sollicite sa \u00a0\u00bb coop\u00e9ration dans l\u2019enqu\u00eate du Comit\u00e9 sur les activit\u00e9s de trafic sexuel de Jeffrey Epstein \u00ab\u00a0<\/strong>. Les \u00e9lus de cette commission bipartite se basent sur des documents r\u00e9v\u00e9l\u00e9s dans le cadre de la succession de Jeffrey Epstein et demandent une r\u00e9ponse des avocats d\u2019Andrew avant le 20 novembre.<br \/>En revanche, il n\u2019existe, \u00e0 l\u2019heure actuelle, aucun levier juridique pour contraindre Andrew \u00e0 s\u2019expliquer. Pourtant, un nouveau refus de sa part de t\u00e9moigner, m\u00eame \u00e0 huis clos et sans se d\u00e9placer sur le sol am\u00e9ricain, pourrait \u00eatre interpr\u00e9t\u00e9 comme une indiff\u00e9rence incompr\u00e9hensible envers les victimes du p\u00e9dophile, ou comme un aveu de complicit\u00e9, voire de culpabilit\u00e9 avec le criminel sexuel mort en prison en ao\u00fbt 2019.<\/p>\n<p><img decoding=\"async\" src=\"https:\/\/www.europesays.com\/fr\/wp-content\/uploads\/2025\/11\/ABACA_754424_042iSmIFUM79x.jpg\" alt=\"Les secrets de Jeffrey Epstein ne sont pas tous r\u00e9v\u00e9l\u00e9s.\"\/><strong>Les secrets de Jeffrey Epstein ne sont pas tous r\u00e9v\u00e9l\u00e9s.<\/strong> \u00a9 Alamy\/ABACAEnqu\u00eates parall\u00e8les et r\u00e9v\u00e9lations explosives<\/p>\n<p>En plus de cette demande, plane sur Andrew Mountbatten-Windsor la r\u00e9v\u00e9lation des dossiers saisis par le FBI dans les diff\u00e9rentes demeures de Jeffrey Epstein. Ils n\u2019ont pas \u00e9t\u00e9 rendus publics, malgr\u00e9 la promesse de campagne du pr\u00e9sident r\u00e9publicain. Mais les d\u00e9mocrates r\u00e9unissent actuellement 218 signatures pour finaliser une p\u00e9tition \u00e0 la Chambre des repr\u00e9sentants. Cette derni\u00e8re pourrait enclencher un vote pour ou contre la divulgation des dossiers. <strong>Cette \u00e9tape, tr\u00e8s politique, pourrait faire ressortir, parmi les 40 ordinateurs et les 70 CD r\u00e9cup\u00e9r\u00e9s par la police f\u00e9d\u00e9rale am\u00e9ricaine, le nom, entre autres, du fr\u00e8re du roi.<\/strong><\/p>\n<p>Mais avant de s\u2019inqui\u00e9ter des dossiers du FBI, Andrew Mountbatten-Windsor pourrait r\u00e9pondre de l\u2019accusation relative \u00e0 la divulgation du num\u00e9ro de s\u00e9curit\u00e9 sociale et de la date de naissance de Virginia Giuffre \u00e0 l\u2019officier de police britannique charg\u00e9 de sa s\u00e9curit\u00e9.<strong> Andrew aurait fourni ces donn\u00e9es confidentielles<\/strong> afin que son garde du corps enqu\u00eate sur Virginia Giuffre aux \u00c9tats-Unis. La recherche aurait concern\u00e9 d\u2019\u00e9ventuelles condamnations destin\u00e9es \u00e0 d\u00e9cr\u00e9dibiliser son t\u00e9moignage.<\/p>\n<p>Cette d\u00e9marche \u2014 vol et usurpation d\u2019identit\u00e9 \u2014 est ill\u00e9gale, tant sur le sol britannique que sur le sol am\u00e9ricain. Au Royaume-Uni, le collectif antimonarchique \u00ab Republic \u00bb a demand\u00e9 \u00e0 ses avocats d\u2019enqu\u00eater sur le prince et, \u00e9ventuellement, de fournir des preuves d\u2019inculpation \u00e0 la police. Par ailleurs, le fr\u00e8re et la s\u0153ur de Virginia ont menac\u00e9 de saisir l\u2019Office ind\u00e9pendant de surveillance de la police britannique au sujet de la possible transmission d\u2019informations confidentielles concernant leur s\u0153ur.<\/p>\n<p><img decoding=\"async\" src=\"https:\/\/www.europesays.com\/fr\/wp-content\/uploads\/2025\/11\/ABACA_754424_001n5l8daQDC4.jpg\" alt=\"Virginia Giuffre, accusatrice de Jeffrey Epstein, s'est suicid\u00e9e.\"\/><strong>Virginia Giuffre, accusatrice de Jeffrey Epstein, s&rsquo;est suicid\u00e9e.<\/strong> \u00a9 Alamy\/ABACA<\/p>\n<p>En 2016, \u00e0 la suite des accusations de <a target=\"_blank\" href=\"https:\/\/www.pointdevue.fr\/society\/actus\/virginia-giuffre-une-vie-brulee\" rel=\"nofollow noopener\">Virginia Giuffre<\/a>, Scotland Yard avait \u00ab d\u00e9cid\u00e9 de ne pas engager d\u2019enqu\u00eate criminelle \u00bb, jugeant que les faits possiblement incrimin\u00e9s avaient eu lieu en dehors du Royaume-Uni. Mais, depuis <a target=\"_blank\" href=\"https:\/\/www.pointdevue.fr\/royal\/royaume-uni\/les-derniers-secrets-de-virginia-giuffre-et-de-ghislaine-maxwell-sur-laffaire-epstein-et-le-prince-andrew\" rel=\"nofollow noopener\">la parution<\/a> de <a target=\"_blank\" href=\"https:\/\/www.pointdevue.fr\/royal\/royaume-uni\/le-prince-andrew-a-virginia-giuffre-mes-filles-sont-justes-un-peu-plus-jeunes-que-vous\" rel=\"nofollow noopener\">l\u2019autobiographie posthume<\/a> de Virginia Giuffre, la police britannique a relanc\u00e9 le processus par une nouvelle enqu\u00eate pr\u00e9liminaire, afin de d\u00e9terminer si des \u00e9l\u00e9ments r\u00e9cents permettent le lancement d\u2019une enqu\u00eate criminelle en bonne et due forme. De plus, la police britannique enqu\u00eate \u00e9galement sur les accusations visant l\u2019officier de s\u00e9curit\u00e9 du prince d\u00e9chu.<\/p>\n<p><img decoding=\"async\" src=\"https:\/\/www.europesays.com\/fr\/wp-content\/uploads\/2025\/11\/ABACA_754424_035SU2lzOHuB4.jpg\" alt=\"Ghislaine Maxwell, complice et seule condamn\u00e9e dans l'affaire Epstein.\"\/><strong>Ghislaine Maxwell, complice et seule condamn\u00e9e dans l&rsquo;affaire Epstein.<\/strong> \u00a9 Alamy\/ABACAPressions politiques et soup\u00e7ons financiers<\/p>\n<p>Sur le plan politique, le ministre du Commerce, Sir Chris Bryant, a exprim\u00e9 son souhait que le fr\u00e8re du roi r\u00e9ponde positivement \u00e0 la demande de la commission du Congr\u00e8s am\u00e9ricain. De plus, une proposition de loi parlementaire et un d\u00e9bat de l\u2019opposition ont eu pour sujet l\u2019ex-duc d\u2019York. Par convention, le monde politique d\u00e9bat rarement de la famille royale. Mais ces prises de position de la part de membres du gouvernement, le soutien du Premier ministre Keir Starmer aux d\u00e9cisions du roi Charles, et les demandes d\u2019explications de l\u2019opposition montrent un changement d\u2019\u00e9poque. Si le procureur am\u00e9ricain Geoffrey Berman, qui avait dirig\u00e9 les enqu\u00eates new-yorkaises sur Epstein, s\u2019\u00e9tait \u00e9tonn\u00e9 de l\u2019absence de r\u00e9ponse de la Grande-Bretagne \u00e0 sa demande officielle d\u2019entraide judiciaire concernant Andrew, il n\u2019est pas certain que la r\u00e9ponse du minist\u00e8re de la Justice soit la m\u00eame aujourd\u2019hui.<\/p>\n<p><strong>La gestion des finances d\u2019Andrew est elle aussi sujette \u00e0 enqu\u00eate<\/strong>. La vente, en 2007, de Sunninghill Park \u2014 cadeau d\u2019\u00c9lisabeth II \u00e0 son fils Andrew pour son mariage \u2014 \u00e0 Timur Kulibayev, gendre de l\u2019ancien pr\u00e9sident du Kazakhstan, pour quatre millions au-dessus de la valeur du march\u00e9, avait d\u00e9j\u00e0 suscit\u00e9 des questions dans le monde politique. Mais, depuis la d\u00e9couverte de sa relation avec <a target=\"_blank\" href=\"https:\/\/www.pointdevue.fr\/royal\/royaume-uni\/le-prince-andrew-entraine-les-windsor-dans-le-scandale-de-lespion-chinois\" rel=\"nofollow noopener\">Yang Tengbo<\/a>, un homme d\u2019affaires chinois consid\u00e9r\u00e9 comme un espion par le MI6, ses liens dans un triangle commercial entre lui, Bahre\u00efn et la Chine, ainsi que la disparition des derniers 200 000 livres de Pitch@Palace, l\u2019incubateur d\u2019entreprises cr\u00e9\u00e9 par Andrew, les pistes d\u2019enqu\u00eate partent tous azimuts.<\/p>\n<p>Seule consolation pour le moment : Andrew Mountbatten-Windsor va r\u00e9cup\u00e9rer le tiret au milieu de son nom de famille. Ce nom, exig\u00e9 par son grand-p\u00e8re le prince Philip pour ses descendants, comporte en effet un tiret. Pas certain que cela suffise \u00e0 enjoliver son futur.<\/p>\n<p>Lire aussi &gt;&gt;<a target=\"_blank\" href=\"https:\/\/www.pointdevue.fr\/royal\/royaume-uni\/monsieur-mountbatten-windsor-la-chute-du-prince-andrew\" rel=\"nofollow noopener\">Monsieur Mountbatten-Windsor : la chute du prince Andrew<\/a><\/p>\n","protected":false},"excerpt":{"rendered":"Rien n\u2019est fini, tout commence. D\u00e9chu de ses titres et bient\u00f4t exil\u00e9 sur le domaine priv\u00e9 de Charles&hellip;\n","protected":false},"author":2,"featured_media":530638,"comment_status":"","ping_status":"","sticky":false,"template":"","format":"standard","meta":{"footnotes":""},"categories":[1588],"tags":[11,1777,674,12,473,1853,1851,1850,1852],"class_list":{"0":"post-530637","1":"post","2":"type-post","3":"status-publish","4":"format-standard","5":"has-post-thumbnail","7":"category-royaume-uni","8":"tag-actualites","9":"tag-eu","10":"tag-europe","11":"tag-news","12":"tag-royaume-uni","13":"tag-royaume-uni-de-grande-bretagne-et-dirlande-du-nord","14":"tag-uk","15":"tag-united-kingdom","16":"tag-united-kingdom-of-great-britain-and-northern-ireland"},"share_on_mastodon":{"url":"https:\/\/pubeurope.com\/@fr\/115540802040750844","error":""},"_links":{"self":[{"href":"https:\/\/www.europesays.com\/fr\/wp-json\/wp\/v2\/posts\/530637","targetHints":{"allow":["GET"]}}],"collection":[{"href":"https:\/\/www.europesays.com\/fr\/wp-json\/wp\/v2\/posts"}],"about":[{"href":"https:\/\/www.europesays.com\/fr\/wp-json\/wp\/v2\/types\/post"}],"author":[{"embeddable":true,"href":"https:\/\/www.europesays.com\/fr\/wp-json\/wp\/v2\/users\/2"}],"replies":[{"embeddable":true,"href":"https:\/\/www.europesays.com\/fr\/wp-json\/wp\/v2\/comments?post=530637"}],"version-history":[{"count":0,"href":"https:\/\/www.europesays.com\/fr\/wp-json\/wp\/v2\/posts\/530637\/revisions"}],"wp:featuredmedia":[{"embeddable":true,"href":"https:\/\/www.europesays.com\/fr\/wp-json\/wp\/v2\/media\/530638"}],"wp:attachment":[{"href":"https:\/\/www.europesays.com\/fr\/wp-json\/wp\/v2\/media?parent=530637"}],"wp:term":[{"taxonomy":"category","embeddable":true,"href":"https:\/\/www.europesays.com\/fr\/wp-json\/wp\/v2\/categories?post=530637"},{"taxonomy":"post_tag","embeddable":true,"href":"https:\/\/www.europesays.com\/fr\/wp-json\/wp\/v2\/tags?post=530637"}],"curies":[{"name":"wp","href":"https:\/\/api.w.org\/{rel}","templated":true}]}}