{"id":530641,"date":"2025-11-13T05:45:22","date_gmt":"2025-11-13T05:45:22","guid":{"rendered":"https:\/\/www.europesays.com\/fr\/530641\/"},"modified":"2025-11-13T05:45:22","modified_gmt":"2025-11-13T05:45:22","slug":"helene-huby-lentrepreneuse-en-europe-qui-reve-de-concurrencer-spacex-lexpress","status":"publish","type":"post","link":"https:\/\/www.europesays.com\/fr\/530641\/","title":{"rendered":"H\u00e9l\u00e8ne Huby, l\u2019entrepreneuse en Europe qui r\u00eave de concurrencer SpaceX \u2013 L&rsquo;Express"},"content":{"rendered":"<p class=\"paragraph article-body-paragraph article__item   article-body-paragraph--first \">\u00ab\u00a0Nos comp\u00e9titeurs ne nous attendent pas\u00a0\u00bb. En d\u00e9placement \u00e0 Toulouse ce mercredi 12 novembre, <a href=\"https:\/\/www.lexpress.fr\/politique\/emmanuel-macron-se-demarque-de-bayrou-gerald-darmanin-se-bouge-dominique-de-villepin-a-de-lappetit-U56DTONZYFEQREIOEUMMMR7JGE\/\" target=\"_self\" rel=\"noopener\" title=\"https:\/\/www.lexpress.fr\/politique\/emmanuel-macron-se-demarque-de-bayrou-gerald-darmanin-se-bouge-dominique-de-villepin-a-de-lappetit-U56DTONZYFEQREIOEUMMMR7JGE\/\">Emmanuel Macron<\/a> a d\u00e9voil\u00e9 sa feuille de route pour le spatial. Parmi ses annonces, plus de 4 milliards d\u2019euros suppl\u00e9mentaires seront consacr\u00e9s au volet militaire d\u2019ici 2030, et des lanceurs spatiaux r\u00e9utilisables seront d\u00e9velopp\u00e9s.<\/p>\n<p class=\"paragraph article-body-paragraph article__item   \">H\u00e9l\u00e8ne Huby conna\u00eet ce sujet par c\u0153ur. La patronne de The Exploration Company s\u2019efforce depuis quatre ans de redonner <a href=\"https:\/\/www.lexpress.fr\/economie\/face-aux-etats-unis-de-donald-trump-la-souverainete-de-leurope-se-joue-aussi-dans-lespace-EJ37HKVWGRGONIULNURYTIDY2Y\/\" target=\"_self\" rel=\"noopener\" title=\"https:\/\/www.lexpress.fr\/economie\/face-aux-etats-unis-de-donald-trump-la-souverainete-de-leurope-se-joue-aussi-dans-lespace-EJ37HKVWGRGONIULNURYTIDY2Y\/\">\u00e0 l\u2019Europe sa souverainet\u00e9 dans l\u2019espace.<\/a> A priori, la quadrag\u00e9naire n\u2019a pas le profil type de la \u00ab\u00a0startuppeuse\u00a0\u00bb. Issue d\u2019une famille de hauts fonctionnaires, sa voie vers l\u2019effervescent microcosme des entrepreneurs de l\u2019espace \u2013 le New Space \u2013 n\u2019\u00e9tait pas toute trac\u00e9e. Sur les bancs de Normale Sup&rsquo;, elle se consacre d\u2019abord aux math\u00e9matiques. Dipl\u00f4m\u00e9e de Sciences Po puis de l\u2019ENA, sa rigueur acad\u00e9mique lui ouvre grand les portes des institutions. C\u2019est finalement un hasard qui la propulse dans l\u2019univers du spatial : apr\u00e8s un d\u00e9m\u00e9nagement pour suivre son conjoint, elle d\u00e9croche un poste <a href=\"https:\/\/www.lexpress.fr\/monde\/chine-etats-unis-comment-airbus-profite-de-la-guerre-commerciale-de-donald-trump-NMLJFDFN4FCHRKBBLIZ364OT44\/\" target=\"_self\" rel=\"noopener\" title=\"https:\/\/www.lexpress.fr\/monde\/chine-etats-unis-comment-airbus-profite-de-la-guerre-commerciale-de-donald-trump-NMLJFDFN4FCHRKBBLIZ364OT44\/\">chez Airbus.<\/a> Le d\u00e9but d\u2019une passion. Elle y pilote le projet spatial Orion, avant de devenir directrice de programme chez ArianeGroup.<\/p>\n<p><strong class=\"article-body-link-list__item text-gray-800 article-body-link-list__item--one-item\">LIRE AUSSI : <a class=\"article-body-link-list__item-link\" href=\"https:\/\/www.lexpress.fr\/economie\/high-tech\/comment-approvisionner-le-monde-en-energie-les-incroyables-promesses-du-solaire-spatial-7UWG6Y7OSNGKRN24I7ZTXNDMDY\/\" target=\"_blank\" rel=\"noopener\">Comment approvisionner le monde en \u00e9nergie ? Les incroyables promesses du solaire spatial<\/a><\/strong><\/p>\n<p class=\"paragraph article-body-paragraph article__item   \">Sa carri\u00e8re d\u00e9colle, son influence aussi : dans les ann\u00e9es 2010, elle fr\u00e9quente le prestigieux cercle des French American Young Leaders et se hisse dans le classement des 100 dirigeants de l\u2019Institut Choiseul. Mais l\u2019inertie des grandes structures lui p\u00e8se. Alors, \u00e0 l\u2019aube de la quarantaine, elle saute le pas. En 2021, elle s\u2019entoure d\u2019une \u00e9quipe d\u2019anciens d\u2019Airbus et d\u2019Ariane Group pour fonder The Exploration Company. Son constat est simple : \u00ab\u00a0chaque ann\u00e9e <a href=\"https:\/\/www.lexpress.fr\/monde\/europe\/face-aux-defis-geopolitiques-lunion-europeenne-veut-creer-sa-propre-unite-de-renseignement-3TD7QWRY65EM3K2BLDMKGSJHJA\/\" target=\"_self\" rel=\"noopener\" title=\"https:\/\/www.lexpress.fr\/monde\/europe\/face-aux-defis-geopolitiques-lunion-europeenne-veut-creer-sa-propre-unite-de-renseignement-3TD7QWRY65EM3K2BLDMKGSJHJA\/\">l\u2019Union europ\u00e9enne<\/a> d\u00e9pense 500 millions d\u2019euros pour que des capsules am\u00e9ricaines transportent ses astronautes\u00a0\u00bb. Sa solution : une capsule r\u00e9utilisable, baptis\u00e9e Nyx, capable de transporter du mat\u00e9riel vers les stations spatiales. \u00ab\u00a0Si j\u2019avais voulu en d\u00e9velopper une au sein d\u2019Airbus, il aurait fallu des ann\u00e9es de n\u00e9gociations avec chaque \u00c9tat europ\u00e9en, chacun exigeant sa part de production nationale\u2026\u00a0\u00bb, confie-t-elle \u00e0 L\u2019Express.<\/p>\n<p><strong class=\"article-body-link-list__item text-gray-800 article-body-link-list__item--one-item\">LIRE AUSSI : <a class=\"article-body-link-list__item-link\" href=\"https:\/\/www.lexpress.fr\/economie\/face-aux-etats-unis-de-donald-trump-la-souverainete-de-leurope-se-joue-aussi-dans-lespace-EJ37HKVWGRGONIULNURYTIDY2Y\/\" target=\"_blank\" rel=\"noopener\">Face aux Etats-Unis de Donald Trump, la souverainet\u00e9 de l\u2019Europe se joue aussi dans l\u2019espace<\/a><\/strong><\/p>\n<p class=\"paragraph article-body-paragraph article__item   \">Munie d\u2019un Power Point et de son enthousiasme communicatif, H\u00e9l\u00e8ne Huby encha\u00eene les pitchs et les d\u00e9placements depuis l\u2019Allemagne, o\u00f9 elle r\u00e9side. D\u00e9bit rapide mais voix pos\u00e9e, ses \u00e9l\u00e9ments de langage sont bien rod\u00e9s : \u00ab\u00a0Ce que les p\u00e8res fondateurs de l\u2019Europe ont fait pour l\u2019acier et le charbon, nous voulons le faire pour le spatial\u00a0\u00bb. En quatre ans, la dirigeante a d\u00e9j\u00e0 deux capsules et six missions vendues \u00e0 son actif. Avec un premier vol de Nyx pr\u00e9vu pour 2028. Son ambition ? Rivaliser <a href=\"https:\/\/www.lexpress.fr\/economie\/high-tech\/spacex-la-megafusee-starship-delon-musk-continue-denchainer-les-deconvenues-FX7AWFKP5FG4VFCR36ILJTIWN4\/\" target=\"_self\" rel=\"noopener\" title=\"https:\/\/www.lexpress.fr\/economie\/high-tech\/spacex-la-megafusee-starship-delon-musk-continue-denchainer-les-deconvenues-FX7AWFKP5FG4VFCR36ILJTIWN4\/\">avec SpaceX.<\/a> Et pourquoi pas le surpasser. Elle se compare d\u2019ailleurs au fleuron d\u2019Elon Musk en mati\u00e8re de co\u00fbts, de d\u00e9lais et de fiabilit\u00e9. Plusieurs clients am\u00e9ricains ont d\u2019ores et d\u00e9j\u00e0 opt\u00e9 pour la start-up europ\u00e9enne, et <a href=\"https:\/\/www.lexpress.fr\/monde\/amerique\/donald-trump-change-encore-davis-et-choisit-un-proche-delon-musk-pour-diriger-la-nasa-NDJPZTSLPZCHPIR2ILXKM424OU\/\" target=\"_self\" rel=\"noopener\" title=\"https:\/\/www.lexpress.fr\/monde\/amerique\/donald-trump-change-encore-davis-et-choisit-un-proche-delon-musk-pour-diriger-la-nasa-NDJPZTSLPZCHPIR2ILXKM424OU\/\">la Nasa <\/a>lui a donn\u00e9 une approbation de s\u00e9curit\u00e9 pour son premier vol.<\/p>\n<p>Une entreprise pan-europ\u00e9enne<\/p>\n<p class=\"paragraph article-body-paragraph article__item   \">D\u2019embl\u00e9e, The Exploration Company se positionne comme une soci\u00e9t\u00e9 ouverte sur l\u2019Europe\u2026 et au-del\u00e0. La France d\u00e9veloppe les technologies de propulsion et de protection thermique, l\u2019Allemagne assure l\u2019int\u00e9gration finale et l\u2019Italie travaille sur les syst\u00e8mes de survie. Des \u00e9quipes \u0153uvrent aussi depuis les Etats-Unis, tandis qu\u2019un partenariat avec les \u00c9mirats arabes unis inclut le d\u00e9veloppement d\u2019un v\u00e9hicule lunaire. \u00ab\u00a0C\u2019\u00e9tait une des d\u00e9cisions les plus avis\u00e9es d\u2019H\u00e9l\u00e8ne Huby car le secteur spatial europ\u00e9en est tr\u00e8s fragment\u00e9 : chaque pays dispose de ses propres budgets, priorit\u00e9s et int\u00e9r\u00eats, explique Arthur Sauzay, associ\u00e9 du cabinet A &amp; O Shearman et expert du spatial \u00e0 l\u2019Institut Montaigne. \u00catre associ\u00e9 \u00e0 un seul \u00c9tat peut donc constituer un frein au soutien d\u2019autres partenaires\u00a0\u00bb.<\/p>\n<p><strong class=\"article-body-link-list__item text-gray-800 article-body-link-list__item--one-item\">LIRE AUSSI : <a class=\"article-body-link-list__item-link\" href=\"https:\/\/www.lexpress.fr\/economie\/high-tech\/divorce-trump-musk-pour-washington-et-la-nasa-se-priver-de-space-x-aujourdhui-serait-tres-complique-E54MP2IZMFEKNOYVZHBNYRURJ4\/\" target=\"_blank\" rel=\"noopener\">Divorce Donald Trump &#8211; Elon Musk : \u00ab\u00a0Pour Washington et la Nasa, se priver de Space X serait tr\u00e8s compliqu\u00e9\u00a0\u00bb<\/a><\/strong><\/p>\n<p class=\"paragraph article-body-paragraph article__item   \">Les investisseurs valident le pari. Apr\u00e8s avoir lev\u00e9 plus de 200 millions d\u2019euros de fonds, l\u2019entreprise a re\u00e7u des financements publics, notamment par le programme France 2030. Au total, 98 % du capital restent entre des mains europ\u00e9ennes. \u00ab\u00a0Une fois le d\u00e9veloppement de la capsule termin\u00e9, la rentabilit\u00e9 viendra simplement : il nous faut juste une cadence minimum d\u2019un vol par an\u00a0\u00bb, assure la dirigeante.<\/p>\n<p class=\"paragraph article-body-paragraph article__item   \">De son c\u00f4t\u00e9, l\u2019agence spatiale europ\u00e9enne (ESA) est intervenue en tant que client d\u2019ancrage, en achetant leur premier vol. Un levier fantastique : d\u2019apr\u00e8s H\u00e9l\u00e8ne Huby, chaque euro de contrat avec l\u2019ESA peut permettre d\u2019obtenir jusqu\u2019\u00e0 cinq fois plus aupr\u00e8s d\u2019investisseurs priv\u00e9s. Bernhard Hufenbach, responsable de l\u2019\u00e9quipe commercialisation et innovation \u00e0 l\u2019ESA, a travaill\u00e9 avec H\u00e9l\u00e8ne Huby au d\u00e9but de l\u2019aventure de The Exploration Company. \u00ab\u00a0Alors que la station spatiale internationale approche de sa fin de vie, il y a une r\u00e9elle demande pour des services de fret dans le spatial, d\u00e9taille-t-il. Elle \u00e9tait une des premi\u00e8res \u00e0 se positionner sur ce domaine. La rapidit\u00e9 de son travail, l\u2019efficacit\u00e9 de son \u00e9quipe et sa capacit\u00e9 \u00e0 attirer des investissements priv\u00e9s ont permis \u00e0 sa soci\u00e9t\u00e9 de soumettre une proposition comp\u00e9titive en r\u00e9ponse \u00e0 l\u2019appel d\u2019offres de l\u2019ESA\u00a0\u00bb.<\/p>\n<p>Secouer l\u2019inertie<\/p>\n<p class=\"paragraph article-body-paragraph article__item   \">Au-del\u00e0 de son entreprise, H\u00e9l\u00e8ne Huby porte une vision forte pour l\u2019Europe du spatial. Concurrence entre start-ups et grands groupes, partenariats public-priv\u00e9s, contrats de service\u2026 son manifeste aux accents am\u00e9ricains entend bousculer le mod\u00e8le traditionnel de financement du secteur. En parall\u00e8le, elle s\u2019investit dans la fondation Karman Project, qui promeut la coop\u00e9ration dans l\u2019espace, et dans le fonds de capital-risque Global Space Ventures, qu\u2019elle a co-fond\u00e9. \u00ab\u00a0L\u2019un de ses grands atouts est d\u2019aborder cet \u00e9cosyst\u00e8me sans na\u00efvet\u00e9 : forte de son exp\u00e9rience, elle sait que le New Space, malgr\u00e9 son dynamisme et son esprit d\u2019innovation, reste \u00e9troitement d\u00e9pendant des \u00c9tats\u00a0\u00bb, pointe Arthur Sauzay.<\/p>\n<p><strong class=\"article-body-link-list__item text-gray-800 article-body-link-list__item--one-item\">LIRE AUSSI : <a class=\"article-body-link-list__item-link\" href=\"https:\/\/www.lexpress.fr\/monde\/chine-russie-etats-unis-dans-l-espace-le-grand-retour-de-la-guerre-froide_2177164.html\" target=\"_blank\" rel=\"noopener\">Chine, Russie, Etats-Unis : dans l&rsquo;espace, le grand retour de la guerre froide<\/a><\/strong><\/p>\n<p class=\"paragraph article-body-paragraph article__item    article__text__endpicto\">Surtout, la dirigeante reste lucide sur le contexte europ\u00e9en. Elle sait que l\u2019argent public consacr\u00e9 au spatial est bien moins abondant qu\u2019en Am\u00e9rique et l\u2019acc\u00e8s aux capitaux priv\u00e9s plus complexe. \u00ab\u00a0Le v\u00e9ritable d\u00e9fi, en Europe, c\u2019est souvent le manque d\u2019ambition et la peur du risque, regrette-t-elle. Les d\u00e9cisions y sont plus lentes qu\u2019aux \u00c9tats-Unis. Mais il faut aussi voir les atouts : la densit\u00e9 de talents en Europe est remarquable, et le co\u00fbt d\u2019un ing\u00e9nieur spatial y est deux \u00e0 trois fois inf\u00e9rieur \u00e0 celui d\u2019un ing\u00e9nieur am\u00e9ricain\u00a0\u00bb. Son prochain objectif : ma\u00eetriser l\u2019ensemble de la cha\u00eene du transport spatial. Et pourquoi pas, dans quelques ann\u00e9es, d\u00e9velopper ses propres lanceurs. Le ciel n\u2019est clairement pas sa limite.<\/p>\n<p>.<\/p>\n","protected":false},"excerpt":{"rendered":"\u00ab\u00a0Nos comp\u00e9titeurs ne nous attendent pas\u00a0\u00bb. En d\u00e9placement \u00e0 Toulouse ce mercredi 12 novembre, Emmanuel Macron a d\u00e9voil\u00e9&hellip;\n","protected":false},"author":2,"featured_media":530642,"comment_status":"","ping_status":"","sticky":false,"template":"","format":"standard","meta":{"footnotes":""},"categories":[1586],"tags":[11,33,1777,674,1011,27,12,9130,25],"class_list":{"0":"post-530641","1":"post","2":"type-post","3":"status-publish","4":"format-standard","5":"has-post-thumbnail","7":"category-europe","8":"tag-actualites","9":"tag-economie","10":"tag-eu","11":"tag-europe","12":"tag-fr","13":"tag-france","14":"tag-news","15":"tag-politique-economique","16":"tag-republique-francaise"},"share_on_mastodon":{"url":"https:\/\/pubeurope.com\/@fr\/115540808431917891","error":""},"_links":{"self":[{"href":"https:\/\/www.europesays.com\/fr\/wp-json\/wp\/v2\/posts\/530641","targetHints":{"allow":["GET"]}}],"collection":[{"href":"https:\/\/www.europesays.com\/fr\/wp-json\/wp\/v2\/posts"}],"about":[{"href":"https:\/\/www.europesays.com\/fr\/wp-json\/wp\/v2\/types\/post"}],"author":[{"embeddable":true,"href":"https:\/\/www.europesays.com\/fr\/wp-json\/wp\/v2\/users\/2"}],"replies":[{"embeddable":true,"href":"https:\/\/www.europesays.com\/fr\/wp-json\/wp\/v2\/comments?post=530641"}],"version-history":[{"count":0,"href":"https:\/\/www.europesays.com\/fr\/wp-json\/wp\/v2\/posts\/530641\/revisions"}],"wp:featuredmedia":[{"embeddable":true,"href":"https:\/\/www.europesays.com\/fr\/wp-json\/wp\/v2\/media\/530642"}],"wp:attachment":[{"href":"https:\/\/www.europesays.com\/fr\/wp-json\/wp\/v2\/media?parent=530641"}],"wp:term":[{"taxonomy":"category","embeddable":true,"href":"https:\/\/www.europesays.com\/fr\/wp-json\/wp\/v2\/categories?post=530641"},{"taxonomy":"post_tag","embeddable":true,"href":"https:\/\/www.europesays.com\/fr\/wp-json\/wp\/v2\/tags?post=530641"}],"curies":[{"name":"wp","href":"https:\/\/api.w.org\/{rel}","templated":true}]}}