{"id":530650,"date":"2025-11-13T05:52:15","date_gmt":"2025-11-13T05:52:15","guid":{"rendered":"https:\/\/www.europesays.com\/fr\/530650\/"},"modified":"2025-11-13T05:52:15","modified_gmt":"2025-11-13T05:52:15","slug":"fabien-galthie-terribles-accusations-apres-france-afrique-du-sud","status":"publish","type":"post","link":"https:\/\/www.europesays.com\/fr\/530650\/","title":{"rendered":"Fabien Galthi\u00e9, terribles accusations apr\u00e8s France-Afrique du Sud"},"content":{"rendered":"<p><strong>Apr\u00e8s la d\u00e9faite du XV de France<br \/>\ncontre la France-Afrique du Sud, un ancien international<br \/>\nn\u00e9o-z\u00e9landais s&rsquo;en est pris \u00e0 Fabien Galthi\u00e9 et au rugby tricolore,<br \/>\nqui a bien m\u00e9rit\u00e9 ce qui lui arrive.<\/strong><\/p>\n<p>Le Xv de France a pris une petite claque samedi dernier contre<br \/>\nl\u2019Afrique du Sud (27-32), au Stade de France. Et ne comptez pas sur<br \/>\nle rugby n\u00e9o-z\u00e9landais pour pleurer sur le sort des hommes de<br \/>\nFabien Galthi\u00e9.<\/p>\n<p>Ancien centre international, Justin Marshall<br \/>\nest f\u00e2ch\u00e9 avec le rugby tricolore depuis cet \u00e9t\u00e9, et la d\u00e9cision de<br \/>\nla FFR de ne pas envoyer ses meilleurs joueurs dans l\u2019h\u00e9misph\u00e8re<br \/>\nsud pour la tourn\u00e9e en Nouvelle-Z\u00e9lande.<br \/>\n\u00ab\u00a0Les Fran\u00e7ais manquent<br \/>\nde respect au calendrier international depuis tr\u00e8s<br \/>\nlongtemps, a-t-il d\u00e9clar\u00e9 dans le<br \/>\npodcast GBRANZ, un<br \/>\npeu plus t\u00f4t dans l\u2019ann\u00e9e. Ils<br \/>\nn\u2019emm\u00e8nent pas leurs meilleurs joueurs en tourn\u00e9e, ce qui est un<br \/>\nmanque de respect envers notre pays car nous voulons voir leurs<br \/>\nmeilleurs joueurs jouer ici.\u00a0\u00bb<\/p>\n<blockquote class=\"twitter-tweet\"><p><a class=\"twitter-link\" rel=\"noindex, nofollow noopener\" href=\"https:\/\/twitter.com\/sports_fr\/status\/1988634751574380756\" target=\"_blank\"><\/p><\/blockquote>\n<p>Le XV de France avait fait le choix de se passer des joueurs<br \/>\nconcern\u00e9s par la finale du Top 14, ce qui a priv\u00e9 Fabien Galthi\u00e9 de<br \/>\nnombreux cadres. Un argument qui ne tient pas la route pour Justin<br \/>\nMarshall. \u00ab\u00a0Ils accordent trop<br \/>\nd\u2019importance \u00e0 leur championnat et les joueurs jouent beaucoup trop<br \/>\nde minutes, estime-t-il.<br \/>\nIls disent : \u2018Les joueurs viennent de jouer<br \/>\nune finale, on a trop jou\u00e9.\u2019 Certes, mais c\u2019est parce que votre<br \/>\ncalendrier annuel est compl\u00e8tement d\u00e9r\u00e9gl\u00e9, car vous n\u2019avez plus la<br \/>\npossibilit\u00e9 de faire jouer ces joueurs internationaux au niveau<br \/>\ninternational, faute de les faire reposer aux bons moments de<br \/>\nl\u2019ann\u00e9e. Vous manquez de respect au mod\u00e8le<br \/>\nque tout le monde respecte. Partout ailleurs dans le monde, on<br \/>\nn\u2019envoie pas d\u2019\u00e9quipes B ; on envoie ses meilleurs joueurs sur les<br \/>\ntourn\u00e9es.\u00a0\u00bb<\/p>\n<p>Fabien Galthi\u00e9 et les Bleus risquent gros<\/p>\n<p>Apr\u00e8s le France-Afrique du Sud de samedi dernier, Justin<br \/>\nMarshall ne s\u2019est pas priv\u00e9 pour en remettre une couche, en<br \/>\nr\u00e9pondant avec plaisir aux supporters des Bleus qui lui ont<br \/>\ncritiqu\u00e9. \u00ab\u00a0Je voudrais juste<br \/>\ndire \u00e0 ces guerriers du clavier, aux Fran\u00e7ais qui m\u2019aiment tant,<br \/>\nqu\u2019on r\u00e9colte ce qu\u2019on s\u00e8me\u00a0\u00bb, <a href=\"https:\/\/www.planetrugby.com\/news\/justin-marshall-in-scathing-attack-as-france-reap-what-they-sow-following-all-blacks-disrespect\" rel=\"nofollow noopener\" target=\"_blank\"><br \/>\ns\u2019est-il r\u00e9joui.<\/a><\/p>\n<p>\u00ab\u00a0Vous avez perdu trois matchs tests<br \/>\nen Nouvelle-Z\u00e9lande, et maintenant vous en perdez un quatri\u00e8me<br \/>\nd\u2019affil\u00e9e, ce qui vous fait d\u00e9gringoler au<br \/>\nclassement mondial, se d\u00e9lecte Justin<br \/>\nMarshall. En d\u00e9cembre, le tirage au<br \/>\nsort de la Coupe du monde a lieu et, tout \u00e0 coup, au lieu d\u2019\u00eatre<br \/>\nparmi les deux meilleures \u00e9quipes du monde, de pouvoir choisir son<br \/>\ngroupe et peut-\u00eatre d\u2019avoir quelques \u00e9quipes faibles dans son<br \/>\n\u00e9quipe, on peut se retrouver dans la situation de se retrouver dans<br \/>\nle groupe de la mort.\u00a0\u00bb<\/p>\n<p>Pour le moment, les Bleus sont encore suffisamment bien class\u00e9s<br \/>\npour \u00eatre dans le chapeau 1. Mais un sc\u00e9nario catastrophe pourrait<br \/>\npriver les Bleus du statut de t\u00eate de s\u00e9rie. \u00ab\u00a0\u00c0 vos risques et p\u00e9rils, pr\u00e9vient Justin Marshall. ne<br \/>\nrespectez pas la fen\u00eatre internationale de rugby car elle affecte<br \/>\nvotre classement mondial\u00a0\u00bb<\/p>\n<p><script async src=\"https:\/\/platform.twitter.com\/widgets.js\" charset=\"utf-8\"><\/script><\/p>\n","protected":false},"excerpt":{"rendered":"Apr\u00e8s la d\u00e9faite du XV de France contre la France-Afrique du Sud, un ancien international n\u00e9o-z\u00e9landais s&rsquo;en est&hellip;\n","protected":false},"author":2,"featured_media":530651,"comment_status":"","ping_status":"","sticky":false,"template":"","format":"standard","meta":{"footnotes":""},"categories":[1416],"tags":[1011,27,479,1468,60],"class_list":{"0":"post-530650","1":"post","2":"type-post","3":"status-publish","4":"format-standard","5":"has-post-thumbnail","7":"category-rugby","8":"tag-fr","9":"tag-france","10":"tag-rugby","11":"tag-rugby-football","12":"tag-sports"},"share_on_mastodon":{"url":"https:\/\/pubeurope.com\/@fr\/115540835989095700","error":""},"_links":{"self":[{"href":"https:\/\/www.europesays.com\/fr\/wp-json\/wp\/v2\/posts\/530650","targetHints":{"allow":["GET"]}}],"collection":[{"href":"https:\/\/www.europesays.com\/fr\/wp-json\/wp\/v2\/posts"}],"about":[{"href":"https:\/\/www.europesays.com\/fr\/wp-json\/wp\/v2\/types\/post"}],"author":[{"embeddable":true,"href":"https:\/\/www.europesays.com\/fr\/wp-json\/wp\/v2\/users\/2"}],"replies":[{"embeddable":true,"href":"https:\/\/www.europesays.com\/fr\/wp-json\/wp\/v2\/comments?post=530650"}],"version-history":[{"count":0,"href":"https:\/\/www.europesays.com\/fr\/wp-json\/wp\/v2\/posts\/530650\/revisions"}],"wp:featuredmedia":[{"embeddable":true,"href":"https:\/\/www.europesays.com\/fr\/wp-json\/wp\/v2\/media\/530651"}],"wp:attachment":[{"href":"https:\/\/www.europesays.com\/fr\/wp-json\/wp\/v2\/media?parent=530650"}],"wp:term":[{"taxonomy":"category","embeddable":true,"href":"https:\/\/www.europesays.com\/fr\/wp-json\/wp\/v2\/categories?post=530650"},{"taxonomy":"post_tag","embeddable":true,"href":"https:\/\/www.europesays.com\/fr\/wp-json\/wp\/v2\/tags?post=530650"}],"curies":[{"name":"wp","href":"https:\/\/api.w.org\/{rel}","templated":true}]}}