{"id":530652,"date":"2025-11-13T05:53:27","date_gmt":"2025-11-13T05:53:27","guid":{"rendered":"https:\/\/www.europesays.com\/fr\/530652\/"},"modified":"2025-11-13T05:53:27","modified_gmt":"2025-11-13T05:53:27","slug":"si-mon-fils-choisit-le-tennis-il-aura-une-montagne-a-gravir","status":"publish","type":"post","link":"https:\/\/www.europesays.com\/fr\/530652\/","title":{"rendered":"\u00ab Si mon fils choisit le tennis, il aura une montagne \u00e0 gravir \u00bb"},"content":{"rendered":"<p>                <img decoding=\"async\" src=\"https:\/\/www.europesays.com\/fr\/wp-content\/uploads\/2025\/11\/cU4i.jpg\" fetchpriority=\"high\" alt=\"Djokovic : \u00ab Si mon fils choisit le tennis, il aura une montagne \u00e0 gravir \u00bb \"\/><\/p>\n<p>Novak Djokovic a fait de rares confidences sur sa famille et notamment sur l\u2019avenir de son fils Stefan, \u00e2g\u00e9 de 11 ans.<\/p>\n<p>Dans une longue interview accord\u00e9e au c\u00e9l\u00e8bre journaliste britannique Piers Morgan, la l\u00e9gende serbe est revenue sur la relation qu\u2019il entretient avec son fils, Stefan, n\u00e9 en octobre 2014, mais \u00e9galement sur l&rsquo;\u00e9ventualit\u00e9 qu\u2019il choisisse une carri\u00e8re de joueur professionnel.<\/p>\n<p><strong>\u00ab S\u2019il choisit de jouer au tennis, je serai derri\u00e8re lui pour le soutenir. Mais il aura une montagne \u00e0 gravir. \u00bb<\/strong><\/p>\n<p>Il poursuit : \u00ab LeBron James a pu jouer avec son fils sur un parquet, et le fils de Cristiano Ronaldo suit \u00e9galement les traces de son p\u00e8re. Ce serait un r\u00eave de jouer un match professionnel contre lui. \u00bb<\/p>\n<p>Enfin, il conclut avec humour : \u00ab Bien s\u00fbr, je ne le laisserais pas gagner, au contraire, j&rsquo;essaierais de le battre s\u00e9v\u00e8rement (rires). \u00bb<\/p>\n","protected":false},"excerpt":{"rendered":"Novak Djokovic a fait de rares confidences sur sa famille et notamment sur l\u2019avenir de son fils Stefan,&hellip;\n","protected":false},"author":2,"featured_media":530653,"comment_status":"","ping_status":"","sticky":false,"template":"","format":"standard","meta":{"footnotes":""},"categories":[1415],"tags":[1011,27,60,1467],"class_list":{"0":"post-530652","1":"post","2":"type-post","3":"status-publish","4":"format-standard","5":"has-post-thumbnail","7":"category-tennis","8":"tag-fr","9":"tag-france","10":"tag-sports","11":"tag-tennis"},"share_on_mastodon":{"url":"https:\/\/pubeurope.com\/@fr\/115540840463800227","error":""},"_links":{"self":[{"href":"https:\/\/www.europesays.com\/fr\/wp-json\/wp\/v2\/posts\/530652","targetHints":{"allow":["GET"]}}],"collection":[{"href":"https:\/\/www.europesays.com\/fr\/wp-json\/wp\/v2\/posts"}],"about":[{"href":"https:\/\/www.europesays.com\/fr\/wp-json\/wp\/v2\/types\/post"}],"author":[{"embeddable":true,"href":"https:\/\/www.europesays.com\/fr\/wp-json\/wp\/v2\/users\/2"}],"replies":[{"embeddable":true,"href":"https:\/\/www.europesays.com\/fr\/wp-json\/wp\/v2\/comments?post=530652"}],"version-history":[{"count":0,"href":"https:\/\/www.europesays.com\/fr\/wp-json\/wp\/v2\/posts\/530652\/revisions"}],"wp:featuredmedia":[{"embeddable":true,"href":"https:\/\/www.europesays.com\/fr\/wp-json\/wp\/v2\/media\/530653"}],"wp:attachment":[{"href":"https:\/\/www.europesays.com\/fr\/wp-json\/wp\/v2\/media?parent=530652"}],"wp:term":[{"taxonomy":"category","embeddable":true,"href":"https:\/\/www.europesays.com\/fr\/wp-json\/wp\/v2\/categories?post=530652"},{"taxonomy":"post_tag","embeddable":true,"href":"https:\/\/www.europesays.com\/fr\/wp-json\/wp\/v2\/tags?post=530652"}],"curies":[{"name":"wp","href":"https:\/\/api.w.org\/{rel}","templated":true}]}}