{"id":530654,"date":"2025-11-13T05:57:13","date_gmt":"2025-11-13T05:57:13","guid":{"rendered":"https:\/\/www.europesays.com\/fr\/530654\/"},"modified":"2025-11-13T05:57:13","modified_gmt":"2025-11-13T05:57:13","slug":"cofidis-releguee-en-proteam-apres-une-saison-difficile","status":"publish","type":"post","link":"https:\/\/www.europesays.com\/fr\/530654\/","title":{"rendered":"Cofidis rel\u00e9gu\u00e9e en ProTeam apr\u00e8s une saison difficile"},"content":{"rendered":"<p>T\u00e2che Ardue que de dresser un bilan de la saison 2025 de Cofidis tant les choses ont \u00e9t\u00e9 compliqu\u00e9es. Entre la n\u00e9cessit\u00e9 d\u2019\u00eatre objectif et le fait de ne pas trop tirer sur l\u2019ambulance, il est en effet difficile de trouver un juste milieu. Injuste aussi peut-\u00eatre de revenir une \u00e9ni\u00e8me fois sur les probl\u00e8mes rencontr\u00e9s, sans finalement trouver \u00e7a \u00ab\u00a0un peu trop simple\u00a0\u00bb, tant l\u2019ancien manager \u00e9tait d\u00e9cri\u00e9. Et puis finalement tout a d\u00e9j\u00e0 \u00e9t\u00e9 dit, pas besoin par cons\u00e9quent de tomber dans la facilit\u00e9.<\/p>\n<p>Passons donc et indiquons simplement que les r\u00e9sultats n\u2019ont pas \u00e9t\u00e9 au rendez-vous, et que la <strong><a href=\"https:\/\/www.equipecofidis.com\/fr\/accueil\" target=\"_blank\" rel=\"noreferrer noopener\">formation nordiste<\/a><\/strong> va descendre en division Pro Team en 2026. Ceci malgr\u00e9 la fusion entre Lotto et Intermarch\u00e9, ce qui a lib\u00e9r\u00e9 une place suppl\u00e9mentaire. Malgr\u00e9 les aspects n\u00e9gatifs, saluons le p\u00f4le sprinter, qui n\u2019a pas d\u00e9m\u00e9rit\u00e9 et a r\u00e9colt\u00e9 la plupart des victoires de l\u2019\u00e9quipe. Saluons le <strong><a href=\"https:\/\/www.velo-club.net\/actualites\/raphael-jeune-nomme-manager-general-chez-cofidis\/\" target=\"_blank\" rel=\"noopener\">changement de direction sportive<\/a><\/strong>, et le discours bas\u00e9 sur l\u2019humain de Raphael Jeune. Et enfin, souhaitons que chaque coureur puisse prouver l\u2019an prochain sur le terrain qu\u2019il vaut bien mieux que ce qu\u2019on a vu cette ann\u00e9e.<\/p>\n<p>Pour conclure, esp\u00e9rons pour tous les supporters de la structure que tout reparte dans le bon sens \u00e0 partir du mois de janvier, et que Cofidis ne fasse parler d\u2019elle que via ses succ\u00e8s. Car les nombreux fans de l\u2019\u00e9quipe ont morfl\u00e9, et sont toujours pr\u00e9sents, peu importe les r\u00e9sultats et les d\u00e9ceptions.<\/p>\n<p><strong>Les chiffres cl\u00e9s de la saison 2025 de Cofidis<\/strong><\/p>\n<p><strong>Classement UCI : <\/strong>20\u00e8me<\/p>\n<p><strong>Nombre de victoires : <\/strong>9<\/p>\n<p><strong>Meilleure performance :<\/strong> une \u00e9tape du Santos Tour Down Under (Bryan Coquard)<\/p>\n","protected":false},"excerpt":{"rendered":"T\u00e2che Ardue que de dresser un bilan de la saison 2025 de Cofidis tant les choses ont \u00e9t\u00e9&hellip;\n","protected":false},"author":2,"featured_media":530655,"comment_status":"","ping_status":"","sticky":false,"template":"","format":"standard","meta":{"footnotes":""},"categories":[1411],"tags":[2202,1154,207,1011,27,60],"class_list":{"0":"post-530654","1":"post","2":"type-post","3":"status-publish","4":"format-standard","5":"has-post-thumbnail","7":"category-cyclisme","8":"tag-a-decouvrir","9":"tag-cycling","10":"tag-cyclisme","11":"tag-fr","12":"tag-france","13":"tag-sports"},"share_on_mastodon":{"url":"https:\/\/pubeurope.com\/@fr\/115540855630531612","error":""},"_links":{"self":[{"href":"https:\/\/www.europesays.com\/fr\/wp-json\/wp\/v2\/posts\/530654","targetHints":{"allow":["GET"]}}],"collection":[{"href":"https:\/\/www.europesays.com\/fr\/wp-json\/wp\/v2\/posts"}],"about":[{"href":"https:\/\/www.europesays.com\/fr\/wp-json\/wp\/v2\/types\/post"}],"author":[{"embeddable":true,"href":"https:\/\/www.europesays.com\/fr\/wp-json\/wp\/v2\/users\/2"}],"replies":[{"embeddable":true,"href":"https:\/\/www.europesays.com\/fr\/wp-json\/wp\/v2\/comments?post=530654"}],"version-history":[{"count":0,"href":"https:\/\/www.europesays.com\/fr\/wp-json\/wp\/v2\/posts\/530654\/revisions"}],"wp:featuredmedia":[{"embeddable":true,"href":"https:\/\/www.europesays.com\/fr\/wp-json\/wp\/v2\/media\/530655"}],"wp:attachment":[{"href":"https:\/\/www.europesays.com\/fr\/wp-json\/wp\/v2\/media?parent=530654"}],"wp:term":[{"taxonomy":"category","embeddable":true,"href":"https:\/\/www.europesays.com\/fr\/wp-json\/wp\/v2\/categories?post=530654"},{"taxonomy":"post_tag","embeddable":true,"href":"https:\/\/www.europesays.com\/fr\/wp-json\/wp\/v2\/tags?post=530654"}],"curies":[{"name":"wp","href":"https:\/\/api.w.org\/{rel}","templated":true}]}}