{"id":530658,"date":"2025-11-13T05:59:12","date_gmt":"2025-11-13T05:59:12","guid":{"rendered":"https:\/\/www.europesays.com\/fr\/530658\/"},"modified":"2025-11-13T05:59:12","modified_gmt":"2025-11-13T05:59:12","slug":"une-histoire-de-coiffure-vincent-niclo-justifie-son-apparence-au-global-gift-gala","status":"publish","type":"post","link":"https:\/\/www.europesays.com\/fr\/530658\/","title":{"rendered":"Une histoire de coiffure ? Vincent Niclo justifie son apparence au Global Gift Gala"},"content":{"rendered":"<p>L\u2019apparition de <a href=\"https:\/\/www.closermag.fr\/people\/vincent-niclo-cette-triste-raison-pour-laquelle-le-chanteur-passe-toujours-les-fetes-de-noel-a-l-etranger-1472564\" target=\"_blank\" rel=\"noopener\"><br \/>\nVincent Niclo<\/a> au <strong>Global Gift Gala<br \/>\nParis<\/strong>, le samedi 8 novembre dernier, a beaucoup fait<br \/>\nparler. Rappelons que cet \u00e9v\u00e9nement caritatif, organis\u00e9 par<br \/>\n<strong>Eva Longoria<\/strong>, vise \u00e0 soutenir les femmes et les<br \/>\nenfants en difficult\u00e9s. Invit\u00e9 \u00e0 cet \u00e9v\u00e9nement lourd de sens,<br \/>\n<a href=\"https:\/\/www.closermag.fr\/people\/vincent-niclo-meconnaissable-le-chanteur-epingle-par-ses-fans-son-apparence-choque-photos-3592632\" target=\"_blank\" rel=\"noopener\"><br \/>\nle physique du chanteur<\/a> de 50 ans avait attir\u00e9 tous les<br \/>\nregards.<\/p>\n<p>D\u2019ailleurs, des <strong>rumeurs de lifting<\/strong>, de botox et<br \/>\nd\u2019injections ont commenc\u00e9 \u00e0 circuler depuis. Face \u00e0 l\u2019effervescence<br \/>\nautour de son look du week-end, Vincent Niclo a tenu \u00e0 <a href=\"https:\/\/www.telestar.fr\/people\/vincent-niclo-sinon-je-ne-l-aurais-jamais-fait-pourquoi-celine-dion-a-eu-une-importance-cruciale-pour-lui-852105\" target=\"_blank\" rel=\"noopener\"><br \/>\nremettre les pendules \u00e0 l\u2019heure<\/a>. Sur son compte Instagram, le<br \/>\nchanteur de <strong>Loin d\u2019ici<\/strong> a r\u00e9pondu \u00e0 ses<br \/>\nd\u00e9tracteurs avec un tr\u00e8s long message.<\/p>\n<p>Vincent Niclo : une simple coupe de cheveux !<\/p>\n<p>Face aux nombreux commentaires qui ont suivi son apparition,<br \/>\n<strong>Vincent Niclo<\/strong> a d\u00e9clar\u00e9 d\u2019embl\u00e9e : \u00ab\u00a0je ne<br \/>\npouvais pas rester muet par rapport \u00e0 ce qui s\u2019est pass\u00e9 ce<br \/>\nweek-end\u00a0\u00bb. Soulignant qu\u2019il avait \u00e9t\u00e9 invit\u00e9 au Global<br \/>\nGift Gala, \u00ab\u00a0j\u2019ai simplement <strong>chang\u00e9 ma<br \/>\ncoupe de cheveux<\/strong>\u00ab\u00a0, explique-t-il, en poursuivant avec<br \/>\nhumour : \u00ab\u00a0et j\u2019ai aussi <strong>oubli\u00e9 de mettre une<br \/>\nchemise<\/strong> mais volontairement\u00a0\u00bb.<\/p>\n<p>Malheureusement, l\u2019artiste ne s\u2019attendait pas \u00e0 \u00ab\u00a0d\u00e9couvrir<br \/>\nune tonne de messages tr\u00e8s irrespectueux\u00a0\u00bb. Face \u00e0 ces<br \/>\ncommentaires affirmant qu\u2019il avait eu recours au<br \/>\n\u00ab\u00a0<strong>lifting<\/strong>\u00ab\u00a0, aux<br \/>\n\u00ab\u00a0<strong>injections<\/strong>\u00a0\u00bb ou encore au<br \/>\n\u00ab\u00a0<strong>botox<\/strong>\u00ab\u00a0, Vincent Niclo s\u2019\u00e9tonne :<br \/>\n\u00ab\u00a0tout cela simplement, parce que j\u2019ai <strong>coiff\u00e9<br \/>\nma m\u00e8che de cheveux en avant<\/strong> au lieu de l\u2019avoir<br \/>\nen arri\u00e8re comme d\u2019habitude!\u00a0\u00bb.<\/p>\n<blockquote class=\"instagram-media\" style=\"background: #ffffff;border: 0;margin: 1px;width: 100%;padding: 0;max-width: 500px;\" data-instgrm-permalink=\"https:\/\/www.instagram.com\/p\/DQ4iT-gDZut\/?utm_source=ig_web_copy_link&amp;igsh=NTc4MTIwNjQ2YQ==\" data-instgrm-version=\"14\"\/><p>\nVincent Niclo donne des preuves !<\/p>\n<p>Ironisant d\u2019abord sur <a href=\"https:\/\/www.closermag.fr\/people\/j-ai-chante-a-kiev-et-odessa-je-ne-reconnais-plus-rien-vincent-niclo-devaste-par-la-guerre-en-ukraine-1539536\" target=\"_blank\" rel=\"noopener\"><br \/>\nla situation<\/a>, <strong>Vincent Niclo<\/strong> n\u2019a pas cach\u00e9 son<br \/>\nchoc qu\u2019il soit \u00ab\u00a0plus important de parler de mon style<br \/>\ncapillaire plut\u00f4t que de la fondation qui vient en aide aux<br \/>\nenfants, aux femmes et familles d\u00e9favoris\u00e9es\u00a0\u00bb. D\u2019ailleurs,<br \/>\nl\u2019artiste a mis <strong>une deuxi\u00e8me photo<\/strong> \u00ab\u00a0prise le<br \/>\nm\u00eame soir\u00a0\u00bb avec sa m\u00e8che relev\u00e9e.<\/p>\n<p>\u00ab\u00a0On peut y <strong>apercevoir mes<br \/>\npoches<\/strong>, mes rides sous les yeux et dans mon cou<br \/>\ncomme peut en avoir un homme de 50 ans\u00a0\u00bb, lance-t-il. Dans la<br \/>\nsuite de son message, il a soulign\u00e9 qu\u2019il \u00e9tait important pour lui<br \/>\nde r\u00e9pondre, car il a \u00ab\u00a0horreur de l\u2019injustice lorsqu\u2019on est<br \/>\nvictime d\u2019une telle agression\u00a0\u00bb. Il a conclu son message en<br \/>\nembrassant ses d\u00e9tracteurs. La classe !<\/p>\n<p><script async src=\"\/\/www.instagram.com\/embed.js\"><\/script><\/p>\n","protected":false},"excerpt":{"rendered":"L\u2019apparition de Vincent Niclo au Global Gift Gala Paris, le samedi 8 novembre dernier, a beaucoup fait parler.&hellip;\n","protected":false},"author":2,"featured_media":530659,"comment_status":"","ping_status":"","sticky":false,"template":"","format":"standard","meta":{"footnotes":""},"categories":[1359],"tags":[1696,58,59,1011,27,973],"class_list":{"0":"post-530658","1":"post","2":"type-post","3":"status-publish","4":"format-standard","5":"has-post-thumbnail","7":"category-people","8":"tag-chanteur","9":"tag-divertissement","10":"tag-entertainment","11":"tag-fr","12":"tag-france","13":"tag-people"},"share_on_mastodon":{"url":"https:\/\/pubeurope.com\/@fr\/115540863428554416","error":""},"_links":{"self":[{"href":"https:\/\/www.europesays.com\/fr\/wp-json\/wp\/v2\/posts\/530658","targetHints":{"allow":["GET"]}}],"collection":[{"href":"https:\/\/www.europesays.com\/fr\/wp-json\/wp\/v2\/posts"}],"about":[{"href":"https:\/\/www.europesays.com\/fr\/wp-json\/wp\/v2\/types\/post"}],"author":[{"embeddable":true,"href":"https:\/\/www.europesays.com\/fr\/wp-json\/wp\/v2\/users\/2"}],"replies":[{"embeddable":true,"href":"https:\/\/www.europesays.com\/fr\/wp-json\/wp\/v2\/comments?post=530658"}],"version-history":[{"count":0,"href":"https:\/\/www.europesays.com\/fr\/wp-json\/wp\/v2\/posts\/530658\/revisions"}],"wp:featuredmedia":[{"embeddable":true,"href":"https:\/\/www.europesays.com\/fr\/wp-json\/wp\/v2\/media\/530659"}],"wp:attachment":[{"href":"https:\/\/www.europesays.com\/fr\/wp-json\/wp\/v2\/media?parent=530658"}],"wp:term":[{"taxonomy":"category","embeddable":true,"href":"https:\/\/www.europesays.com\/fr\/wp-json\/wp\/v2\/categories?post=530658"},{"taxonomy":"post_tag","embeddable":true,"href":"https:\/\/www.europesays.com\/fr\/wp-json\/wp\/v2\/tags?post=530658"}],"curies":[{"name":"wp","href":"https:\/\/api.w.org\/{rel}","templated":true}]}}