{"id":530664,"date":"2025-11-13T06:05:29","date_gmt":"2025-11-13T06:05:29","guid":{"rendered":"https:\/\/www.europesays.com\/fr\/530664\/"},"modified":"2025-11-13T06:05:29","modified_gmt":"2025-11-13T06:05:29","slug":"personne-na-jamais-eu-10-10-a-ce-quiz-tres-difficile-de-culture-generale-sur-le-film","status":"publish","type":"post","link":"https:\/\/www.europesays.com\/fr\/530664\/","title":{"rendered":"personne n\u2019a jamais eu 10\/10 \u00e0 ce quiz (tr\u00e8s difficile) de culture g\u00e9n\u00e9rale sur le film"},"content":{"rendered":"<p><p><a href=\"https:\/\/www.serieously.com\" rel=\"nofollow noopener\" target=\"_blank\">Accueil<\/a> &gt; <a href=\"https:\/\/www.serieously.com\/quiz\/\" rel=\"nofollow noopener\" target=\"_blank\">Quiz<\/a> &gt; Le D\u00eener de Cons : personne n\u2019a jamais eu 10\/10 \u00e0 ce quiz (tr\u00e8s difficile) de culture g\u00e9n\u00e9rale sur le film<\/p>\n<\/p>\n<p class=\"o-article__published-by o-article__bullets\">\n            Publi\u00e9 le<br \/>\n                        12 novembre 2025 \u00e0 17 h 20<\/p>\n<p>             Par<br \/>\n                <a href=\"https:\/\/www.serieously.com\/author\/alexis\/\" rel=\"nofollow noopener\" target=\"_blank\">Alexis<br \/>\n                    Savona<\/a><\/p>\n<p><strong>Un fan doit conna\u00eetre aussi bien le film\u00a0Le D\u00eener de Cons que les coulisses par coeur. Parce que oui, il faut s\u2019int\u00e9resser \u00e0 l\u2019envers du d\u00e9cor et conna\u00eetre plusieurs anecdotes pour se hisser \u00e0 la place de fan num\u00e9ro 1 ! Ce quiz de culture g\u00e9n\u00e9rale va pouvoir montrer si, oui ou non, Le D\u00eener de Cons\u00a0est ta com\u00e9die pr\u00e9f\u00e9r\u00e9e.<\/strong><\/p>\n<p>Tu es fan du film <a href=\"https:\/\/www.serieously.com\/films\/le-diner-de-cons\/\" target=\"_blank\" rel=\"noreferrer noopener nofollow\">Le D\u00eener de Cons<\/a> ? Prouve-le \u00e0 travers un test de culture g\u00e9n\u00e9rale sur la com\u00e9die fran\u00e7aise culte ! Attention, ce quiz est tr\u00e8s difficile !<\/p>\n<p>Dans la pi\u00e8ce de th\u00e9\u00e2tre, qui joue Pierre Brochant ?<\/p>\n<p>\t\t\t\t\t<img decoding=\"async\" src=\"https:\/\/www.europesays.com\/fr\/wp-content\/uploads\/2025\/07\/sans-titre-52-min.jpg\" alt=\"\u00a9 Gaumont\" width=\"400\" height=\"225\" loading=\"lazy\" style=\"aspect-ratio: 16\/9; object-fit: cover;\"\/><\/p>\n<p>\u00a9 Gaumont<\/p>\n<p>C\u2019est Claude Brasseur qui endosse le r\u00f4le dans la pi\u00e8ce de th\u00e9\u00e2tre.<\/p>\n<p>En quelle ann\u00e9e le film est-il sorti ?<\/p>\n<p>\t\t\t\t\t<img decoding=\"async\" src=\"https:\/\/www.europesays.com\/fr\/wp-content\/uploads\/2025\/11\/collage-sans-titre-81-min-1.jpg\" alt=\"\u00a9 Gaumont\" width=\"400\" height=\"225\" loading=\"lazy\" style=\"aspect-ratio: 16\/9; object-fit: cover;\"\/><\/p>\n<p>\u00a9 Gaumont<\/p>\n<p>C\u2019est en 1998 que sort\u00a0Le D\u00eener de Cons.<\/p>\n<p>Comment le film s&rsquo;appelle-t-il \u00e0 l&rsquo;international ?<\/p>\n<p>\t\t\t\t\t<img decoding=\"async\" src=\"https:\/\/www.europesays.com\/fr\/wp-content\/uploads\/2025\/11\/xllygvacuvgcza4nwfu3thnjzi-min.jpeg\" alt=\"\u00a9 Gaumont\" width=\"400\" height=\"225\" loading=\"lazy\" style=\"aspect-ratio: 16\/9; object-fit: cover;\"\/><\/p>\n<p>\u00a9 Gaumont<\/p>\n<p>Dans le monde entier, le film est connu sous le nom\u00a0The Dinner Game.<\/p>\n<p>Quel C\u00e9sar le film n&rsquo;a-t-il pas remport\u00e9 ?<\/p>\n<p>\t\t\t\t\t<img decoding=\"async\" src=\"https:\/\/www.europesays.com\/fr\/wp-content\/uploads\/2025\/11\/1200x768_jacques-villeret-le-diner-cons-1998-min.jpg\" alt=\"\u00a9 Gaumont\" width=\"400\" height=\"225\" loading=\"lazy\" style=\"aspect-ratio: 16\/9; object-fit: cover;\"\/><\/p>\n<p>\u00a9 Gaumont<\/p>\n<p>Malgr\u00e9 sa nomination,\u00a0Le D\u00eener de Cons n\u2019a pas remport\u00e9 le C\u00e9sar du meilleur film.<\/p>\n<p>Quel pays n&rsquo;a pas fait de remake du D\u00eener de Cons ?<\/p>\n<p>\t\t\t\t\t<img decoding=\"async\" src=\"https:\/\/www.europesays.com\/fr\/wp-content\/uploads\/2025\/11\/personnage-cache-dans-le-diner-de-cons.jpg\" alt=\"\u00a9 Gaumont\" width=\"400\" height=\"225\" loading=\"lazy\" style=\"aspect-ratio: 16\/9; object-fit: cover;\"\/><\/p>\n<p>\u00a9 Gaumont<\/p>\n<p>Les Am\u00e9ricains ont leur propre\u00a0D\u00eener de Cons\u00a0avecThe Dinner, port\u00e9 par Steve Carell. En Inde, un remake existe sous le nom de Bheja Fry. Une pi\u00e8ce de th\u00e9\u00e2tre espagnole est aussi un remake du D\u00eener de Cons, appel\u00e9e La cena de los idiotas. En revanche, le Japon n\u2019a pas sa propre version.<\/p>\n<p>Naturellement, les d\u00eeners de cons n&rsquo;existent pas dans la vraie vie.<\/p>\n<p>\t\t\t\t\t<img decoding=\"async\" src=\"https:\/\/www.europesays.com\/fr\/wp-content\/uploads\/2025\/11\/collage-sans-titre-77-min-1.jpg\" alt=\"\u00a9 Gaumont\" width=\"400\" height=\"225\" loading=\"lazy\" style=\"aspect-ratio: 16\/9; object-fit: cover;\"\/><\/p>\n<p>\u00a9 Gaumont<\/p>\n<p>Et si, ils existent ! Francis Veber s\u2019est inspir\u00e9 de v\u00e9ritables soir\u00e9es organis\u00e9s chez Castel !<\/p>\n<p>Fran\u00e7ois Pignon est un personnage r\u00e9current dans les films Francis Veber. Mais dans lequel n&rsquo;est-il pas pr\u00e9sent ?<\/p>\n<p>\t\t\t\t\t<img decoding=\"async\" src=\"https:\/\/www.europesays.com\/fr\/wp-content\/uploads\/2025\/11\/collage-sans-titre-68-min.jpg\" alt=\"\u00a9 Gaumont\" width=\"400\" height=\"225\" loading=\"lazy\" style=\"aspect-ratio: 16\/9; object-fit: cover;\"\/><\/p>\n<p>\u00a9 Gaumont<\/p>\n<p>Fran\u00e7ois Pignon est pr\u00e9sent dans L\u2019Emmerdeur o\u00f9 il est jou\u00e9 par Jacques Brel, dans Le Placard incarn\u00e9 par Daniel Auteuil et dans Les Comp\u00e8res, camp\u00e9 par Pierre Richard.<\/p>\n<p>Combien d&rsquo;entr\u00e9es le film a-t-il fait ?<\/p>\n<p>\t\t\t\t\t<img decoding=\"async\" src=\"https:\/\/www.europesays.com\/fr\/wp-content\/uploads\/2025\/11\/le-diner-de-cons.jpg\" alt=\"\u00a9 Gaumont\" width=\"400\" height=\"225\" loading=\"lazy\" style=\"aspect-ratio: 16\/9; object-fit: cover;\"\/><\/p>\n<p>\u00a9 Gaumont<\/p>\n<p>Le D\u00eener de Cons a fait plus de 9 millions d\u2019entr\u00e9es, 9 247 509 pour \u00eatre plus pr\u00e9cis.<\/p>\n<p>Quel acteur a failli jouer le personnage de Fran\u00e7ois Pignon ? <\/p>\n<p>\t\t\t\t\t<img decoding=\"async\" src=\"https:\/\/www.europesays.com\/fr\/wp-content\/uploads\/2025\/11\/sans-titre-38-min-1.jpg\" alt=\"\u00a9 Gaumont\" width=\"400\" height=\"225\" loading=\"lazy\" style=\"aspect-ratio: 16\/9; object-fit: cover;\"\/><\/p>\n<p>\u00a9 Gaumont<\/p>\n<p>Francis Veber voulait que Pierre Richard incarne le personnage, mais c\u2019est le producteur Alain Poir\u00e9 qui a insist\u00e9 pour que ce soit Jacques Villeret.<\/p>\n<p>Dans la pi\u00e8ce de th\u00e9\u00e2tre, un certain Archambault est pr\u00e9sent. Qui est-il dans le film ?<\/p>\n<p>\t\t\t\t\t<img decoding=\"async\" src=\"https:\/\/www.europesays.com\/fr\/wp-content\/uploads\/2025\/11\/le-diner-de-cons-4.jpg\" alt=\"\u00a9 Gaumont\" width=\"400\" height=\"225\" loading=\"lazy\" style=\"aspect-ratio: 16\/9; object-fit: cover;\"\/><\/p>\n<p>\u00a9 Gaumont<\/p>\n<p>Le docteur Archambault est transform\u00e9 en docteur Sorbier dans le film ! Car dans la pi\u00e8ce, Marl\u00e8ne dit \u00eatre la s\u0153ur de Pierre Brochant et pour que ce soit plus simple dans le film, son nom de famille est Sasseur. Celui d\u2019Archambault est donc chang\u00e9 au cin\u00e9ma pour expliquer sa pr\u00e9sence \u00e0 la lettre S (comme Sasseur) dans le r\u00e9pertoire.<\/p>\n<p class=\"o-quiz__result-title\">Wow<\/p>\n<p class=\"o-quiz__result-subtitle\">Tu as obtenu un score de [[ score ]]\/[[ questions ]]<\/p>\n<p>\t\t\t\t\t\t\t\t\t<img decoding=\"async\" src=\"https:\/\/www.europesays.com\/fr\/wp-content\/uploads\/2025\/04\/bravo-resultat.jpg\" alt=\"Wow\" width=\"768\" height=\"432\" loading=\"lazy\"\/><\/p>\n<p>Tu n\u2019es d\u00e9finitivement pas un con lors d\u2019un d\u00eener de cons tant ton intelligence surpasse la moyenne\u2026 surtout concernant le film culte de Francis Veber ! Tu connais tout : le long-m\u00e9trage et ses coulisses. Chapeau !<\/p>\n<p>Continue sur ta lanc\u00e9e et fais nos autres <a href=\"https:\/\/www.serieously.com\/tag\/quiz-le-diner-de-cons\/\" target=\"_blank\" rel=\"noopener nofollow\" aria-label=\"\">quiz sur Le D\u00eener de Cons<\/a> par ici.<\/p>\n<p class=\"o-quiz__result-title\">Bien jou\u00e9<\/p>\n<p class=\"o-quiz__result-subtitle\">Tu as obtenu un score de [[ score ]]\/[[ questions ]]<\/p>\n<p>\t\t\t\t\t\t\t\t\t<img decoding=\"async\" src=\"https:\/\/www.europesays.com\/fr\/wp-content\/uploads\/2025\/04\/bien-resultat.jpg\" alt=\"Bien jou\u00e9\" width=\"768\" height=\"432\" loading=\"lazy\"\/><\/p>\n<p>Le D\u00eener de Cons\u00a0fait incontestablement partie de tes films pr\u00e9f\u00e9r\u00e9s, puisque tu connais bien ses coulisses. Tu l\u2019aimes tellement que tu as voulu en savoir plus, ce qui explique ton tr\u00e8s joli score !<\/p>\n<p>Continue sur ta lanc\u00e9e et fais nos autres <a href=\"https:\/\/www.serieously.com\/tag\/quiz-le-diner-de-cons\/\" target=\"_blank\" rel=\"noopener nofollow\" aria-label=\"\">quiz sur Le D\u00eener de Cons<\/a> par ici.<\/p>\n<p>\u00a0<\/p>\n<p class=\"o-quiz__result-title\">M&rsquo;oui&#8230;<\/p>\n<p class=\"o-quiz__result-subtitle\">Tu as obtenu un score de [[ score ]]\/[[ questions ]]<\/p>\n<p>\t\t\t\t\t\t\t\t\t<img decoding=\"async\" src=\"https:\/\/www.europesays.com\/fr\/wp-content\/uploads\/2025\/04\/mouais-bof-moyen-resultat.jpg\" alt=\"M'oui...\" width=\"768\" height=\"432\" loading=\"lazy\"\/><\/p>\n<p>Tu aimes\u00a0Le D\u00eener de Cons\u00a0mais ton score n\u2019est pas suffisant pour dire que tu es vraiment fan du film. Un vrai inconditionnel conna\u00eetrait davantage d\u2019anecdotes sur l\u2019oeuvre de Francis Veber !<\/p>\n<p>Entra\u00eene-toi et fais nos autres <a href=\"https:\/\/www.serieously.com\/tag\/quiz-le-diner-de-cons\/\" target=\"_blank\" rel=\"noopener nofollow\" aria-label=\"\">quiz sur Le D\u00eener de Cons<\/a> par ici.<\/p>\n<p>\u00a0<\/p>\n<p class=\"o-quiz__result-title\">A\u00efe<\/p>\n<p class=\"o-quiz__result-subtitle\">Tu as obtenu un score de [[ score ]]\/[[ questions ]]<\/p>\n<p>\t\t\t\t\t\t\t\t\t<img decoding=\"async\" src=\"https:\/\/www.europesays.com\/fr\/wp-content\/uploads\/2025\/04\/rate-nul-resultat.jpg\" alt=\"A\u00efe\" width=\"768\" height=\"432\" loading=\"lazy\"\/><\/p>\n<p>Tu connais sans doute\u00a0Le D\u00eener de Cons par c\u0153ur, mais on ne peut pas en dire autant lorsqu\u2019il s\u2019agit des coulisses du film. Disons que toi, tu le regardes et puis c\u2019est tout, les secrets de tournage ne t\u2019int\u00e9ressent pas vraiment.<\/p>\n<p>Rattrape-toi et fais nos autres <a href=\"https:\/\/www.serieously.com\/tag\/quiz-le-diner-de-cons\/\" target=\"_blank\" rel=\"noopener nofollow\" aria-label=\"\">quiz sur Le D\u00eener de Cons<\/a> par ici.<\/p>\n<p>\t\tRecommencer le quiz<\/p>\n<p>\t\t\t<img decoding=\"async\" src=\"https:\/\/www.europesays.com\/fr\/wp-content\/uploads\/2025\/11\/1763013929_414_alexis.jpg\" alt=\"Alexis Savona\" width=\"70\" height=\"70\" loading=\"lazy\"\/><\/p>\n<p class=\"m-user__name\">Alexis Savona<\/p>\n<p class=\"m-user__job\">R\u00e9dacteur en chef adjoint <\/p>\n<p class=\"m-user__description\">Alexis Savona est journaliste chez Serieously depuis 2020. Il s\u2019est passionn\u00e9 d\u00e8s son plus jeune \u00e2ge par les films embl\u00e9matiques des ann\u00e9es 80 et 90. En grandissant, il a d\u00e9couvert le monde des s\u00e9ries, et cela a forg\u00e9 son amour pour la pop culture. Tr\u00e8s curieux, il adore conna\u00eetre les coulisses et secrets de fabrication de ses oeuvres pr\u00e9f\u00e9r\u00e9es. Cette qualit\u00e9 lui permet de savoir bon nombre d\u2019anecdotes du 7\u00e8me art et du monde des s\u00e9ries. Il adore aussi donner le micro aux autres passionn\u00e9s afin qu\u2019ils partagent l\u2019impacte de la pop culture sur leur vie. Ses films pr\u00e9f\u00e9r\u00e9s sont Retour Vers le Futur et Titanic. Il adore d\u2019ailleurs partager son amour pour ces oeuvres \u00e0 travers des quiz et articles sur Serieously. C\u2019est aussi un grand fan de films d\u2019horreur, Scream est d\u2019ailleurs sa r\u00e9f\u00e9rence. Depuis son adolescence, il est fan de How I Met Your Mother et a eu la chance d\u2019interviewer Alyson Hannigan en 2021.<\/p>\n<p>\n\t\t\t\t\t\t\t\t\t\t\t\t@alexisanovas<br \/>\n\t\t\t\t\t\t\t\t\t\t\t\t\t\t\t\t\t\t\tContacter<br \/>\n\t\t\t\t\t\tAlexis\n\t\t\t\t\t\t\t\t\t<\/p>\n<p>Lundi&rsquo;spensable<\/p>\n<p class=\"mt-4 mb-4 text-xl text-center\">Le meilleur de <\/p>\n<p> dans ta boite mail<\/p>\n","protected":false},"excerpt":{"rendered":"Accueil &gt; Quiz &gt; Le D\u00eener de Cons : personne n\u2019a jamais eu 10\/10 \u00e0 ce quiz (tr\u00e8s&hellip;\n","protected":false},"author":2,"featured_media":530665,"comment_status":"","ping_status":"","sticky":false,"template":"","format":"standard","meta":{"footnotes":""},"categories":[1354],"tags":[58,59,1346,1011,27,1360],"class_list":{"0":"post-530664","1":"post","2":"type-post","3":"status-publish","4":"format-standard","5":"has-post-thumbnail","7":"category-films","8":"tag-divertissement","9":"tag-entertainment","10":"tag-films","11":"tag-fr","12":"tag-france","13":"tag-movies"},"share_on_mastodon":{"url":"https:\/\/pubeurope.com\/@fr\/115540890173735029","error":""},"_links":{"self":[{"href":"https:\/\/www.europesays.com\/fr\/wp-json\/wp\/v2\/posts\/530664","targetHints":{"allow":["GET"]}}],"collection":[{"href":"https:\/\/www.europesays.com\/fr\/wp-json\/wp\/v2\/posts"}],"about":[{"href":"https:\/\/www.europesays.com\/fr\/wp-json\/wp\/v2\/types\/post"}],"author":[{"embeddable":true,"href":"https:\/\/www.europesays.com\/fr\/wp-json\/wp\/v2\/users\/2"}],"replies":[{"embeddable":true,"href":"https:\/\/www.europesays.com\/fr\/wp-json\/wp\/v2\/comments?post=530664"}],"version-history":[{"count":0,"href":"https:\/\/www.europesays.com\/fr\/wp-json\/wp\/v2\/posts\/530664\/revisions"}],"wp:featuredmedia":[{"embeddable":true,"href":"https:\/\/www.europesays.com\/fr\/wp-json\/wp\/v2\/media\/530665"}],"wp:attachment":[{"href":"https:\/\/www.europesays.com\/fr\/wp-json\/wp\/v2\/media?parent=530664"}],"wp:term":[{"taxonomy":"category","embeddable":true,"href":"https:\/\/www.europesays.com\/fr\/wp-json\/wp\/v2\/categories?post=530664"},{"taxonomy":"post_tag","embeddable":true,"href":"https:\/\/www.europesays.com\/fr\/wp-json\/wp\/v2\/tags?post=530664"}],"curies":[{"name":"wp","href":"https:\/\/api.w.org\/{rel}","templated":true}]}}