{"id":530678,"date":"2025-11-13T06:12:24","date_gmt":"2025-11-13T06:12:24","guid":{"rendered":"https:\/\/www.europesays.com\/fr\/530678\/"},"modified":"2025-11-13T06:12:24","modified_gmt":"2025-11-13T06:12:24","slug":"la-maire-appelle-a-la-retenue-apres-le-deces-dun-adolescent-a-scooter-apres-un-refus-dobtemperer","status":"publish","type":"post","link":"https:\/\/www.europesays.com\/fr\/530678\/","title":{"rendered":"La maire appelle \u00ab\u00a0\u00e0 la retenue\u00a0\u00bb apr\u00e8s le d\u00e9c\u00e8s d\u2019un adolescent \u00e0 scooter apr\u00e8s un refus d\u2019obtemp\u00e9rer"},"content":{"rendered":"<p>Elle veut \u00e9viter les violences dans sa commune apr\u00e8s le d\u00e9c\u00e8s mardi soir d\u2019un adolescent de 16 ans <a href=\"https:\/\/www.20minutes.fr\/faits_divers\/4185020-20251112-nord-ado-16-ans-meurt-scooter-apres-refus-obtemperer-tourcoing\" class=\"c-link c-link--is-underlined\" target=\"_blank\" rel=\"noopener\">qui fuyait \u00e0 scooter un contr\u00f4le de police<\/a>. Maire de Tourcoing (Nord), Doriane B\u00e9cue a appel\u00e9 ce mercredi dans un communiqu\u00e9 \u00ab\u00a0chacun \u00e0 la retenue et \u00e0 la dignit\u00e9\u00a0\u00bb dans \u00ab\u00a0ces moments douloureux\u00a0\u00bb.<\/p>\n<p>Selon l\u2019\u00e9lue, <a href=\"https:\/\/www.lavoixdunord.fr\/864742\/article\/2020-09-13\/tourcoing-doriane-becue-ete-elue-maire\" rel=\"nofollow noopener\" target=\"_blank\" class=\"c-link c-link--is-underlined\">qui avait remplac\u00e9 G\u00e9rald Darmanin dans le fauteuil de maire<\/a> en\u00a02020, la police municipale a tent\u00e9 de contr\u00f4ler l\u2019adolescent \u00ab\u00a0apr\u00e8s avoir constat\u00e9 un refus de priorit\u00e9\u00a0\u00bb, ajoutant que ce dernier \u00ab\u00a0a refus\u00e9 d\u2019obtemp\u00e9rer et pris la fuite, multipliant les infractions routi\u00e8res\u00a0\u00bb avant de perdre le contr\u00f4le de son scooter.<\/p>\n<p>Un passager du scooter \u00e9galement bless\u00e9<\/p>\n<p>Une version corrobor\u00e9e par le parquet de Lille qui a pr\u00e9cis\u00e9 que le jeune conducteur avait \u00ab\u00a0percut\u00e9 un poteau alors qu\u2019il circulait en sens interdit et qu\u2019il cherchait \u00e0 \u00e9viter un v\u00e9hicule particulier arrivant dans l\u2019autre sens\u00a0\u00bb. <a href=\"https:\/\/www.20minutes.fr\/dossier\/police_municipale\" class=\"c-link c-link--is-underlined\" target=\"_blank\" rel=\"noopener\">Les policiers municipaux<\/a> \u00ab\u00a0disent qu\u2019ils \u00e9taient \u00e0 environ 150 m\u00e8tres du scooter au moment de l\u2019accident\u00a0\u00bb, a ajout\u00e9 mardi soir le procureur de Lille, Samuel Finielz.<\/p>\n<p>Une enqu\u00eate pour homicide involontaire a \u00e9t\u00e9 ouverte et confi\u00e9e \u00e0 la division de la criminalit\u00e9 territoriale de Lille. Outre le conducteur d\u00e9c\u00e9d\u00e9, un passager du scooter a \u00e9galement \u00e9t\u00e9 bless\u00e9, selon une riveraine et une source syndicale polici\u00e8re.<\/p>\n","protected":false},"excerpt":{"rendered":"Elle veut \u00e9viter les violences dans sa commune apr\u00e8s le d\u00e9c\u00e8s mardi soir d\u2019un adolescent de 16 ans&hellip;\n","protected":false},"author":2,"featured_media":530679,"comment_status":"","ping_status":"","sticky":false,"template":"","format":"standard","meta":{"footnotes":""},"categories":[4],"tags":[119,47,11,1084,7325,3348,118,1011,27,811,1307,5107,12,1308,1309,1072,2872,2852,25,6291,11719],"class_list":{"0":"post-530678","1":"post","2":"type-post","3":"status-publish","4":"format-standard","5":"has-post-thumbnail","7":"category-france","8":"tag-accident","9":"tag-actualite","10":"tag-actualites","11":"tag-adolescent","12":"tag-controle","13":"tag-drame","14":"tag-faits-divers","15":"tag-fr","16":"tag-france","17":"tag-hauts-de-france","18":"tag-lille","19":"tag-maire","20":"tag-news","21":"tag-nord","22":"tag-nord-pas-de-calais","23":"tag-police","24":"tag-police-municipale","25":"tag-refus-dobtemperer","26":"tag-republique-francaise","27":"tag-scooter","28":"tag-tourcoing"},"share_on_mastodon":{"url":"https:\/\/pubeurope.com\/@fr\/115540914605550314","error":""},"_links":{"self":[{"href":"https:\/\/www.europesays.com\/fr\/wp-json\/wp\/v2\/posts\/530678","targetHints":{"allow":["GET"]}}],"collection":[{"href":"https:\/\/www.europesays.com\/fr\/wp-json\/wp\/v2\/posts"}],"about":[{"href":"https:\/\/www.europesays.com\/fr\/wp-json\/wp\/v2\/types\/post"}],"author":[{"embeddable":true,"href":"https:\/\/www.europesays.com\/fr\/wp-json\/wp\/v2\/users\/2"}],"replies":[{"embeddable":true,"href":"https:\/\/www.europesays.com\/fr\/wp-json\/wp\/v2\/comments?post=530678"}],"version-history":[{"count":0,"href":"https:\/\/www.europesays.com\/fr\/wp-json\/wp\/v2\/posts\/530678\/revisions"}],"wp:featuredmedia":[{"embeddable":true,"href":"https:\/\/www.europesays.com\/fr\/wp-json\/wp\/v2\/media\/530679"}],"wp:attachment":[{"href":"https:\/\/www.europesays.com\/fr\/wp-json\/wp\/v2\/media?parent=530678"}],"wp:term":[{"taxonomy":"category","embeddable":true,"href":"https:\/\/www.europesays.com\/fr\/wp-json\/wp\/v2\/categories?post=530678"},{"taxonomy":"post_tag","embeddable":true,"href":"https:\/\/www.europesays.com\/fr\/wp-json\/wp\/v2\/tags?post=530678"}],"curies":[{"name":"wp","href":"https:\/\/api.w.org\/{rel}","templated":true}]}}