{"id":530686,"date":"2025-11-13T06:16:18","date_gmt":"2025-11-13T06:16:18","guid":{"rendered":"https:\/\/www.europesays.com\/fr\/530686\/"},"modified":"2025-11-13T06:16:18","modified_gmt":"2025-11-13T06:16:18","slug":"le-butin-a-40-000-e-secoule-a-nancy-deux-suspects-interpelles","status":"publish","type":"post","link":"https:\/\/www.europesays.com\/fr\/530686\/","title":{"rendered":"le butin \u00e0 40\u00a0000\u00a0\u20ac s\u2019\u00e9coule \u00e0 Nancy, deux suspects interpell\u00e9s"},"content":{"rendered":"<p>Molotic, Jolt\u00e9on, Giratina\u2026 \u00c7a vous parle\u00a0? Non. Et Pikachu\u00a0? Bon, on dirait que la petite souris au pelage jaune avec des grandes oreilles a laiss\u00e9 des traces, m\u00eame chez les non-initi\u00e9s. Normal, c\u2019est le plus populaire des Pok\u00e9mon, cr\u00e9atures imaginaires \u00ab\u00a0made in Japan\u00a0\u00bb d\u00e9clin\u00e9es en jeux vid\u00e9o et cartes \u00e0 collectionner. Un ph\u00e9nom\u00e8ne mondial qui perdure depuis 30 ans.<\/p>\n<p>  Dans un parking souterrain<\/p>\n<p>Les 1er et 2\u00a0novembre, le parc des expositions de Paris-Nord Villepinte, accueillait la deuxi\u00e8me \u00e9dition du Royaume du Trading card game (TCG) ou jeu de cartes \u00e0 collectionner, une convention pr\u00e9sent\u00e9e comme \u00e9tant l\u2019un des plus grands \u00e9v\u00e9nements d\u2019Europe en la mati\u00e8re.<\/p>\n<p>Parmi les participants, un collectionneur domicili\u00e9 en Gironde, avait gar\u00e9 son v\u00e9hicule dans un parking souterrain de Saint-Germain-des-Pr\u00e9s, le 2\u00a0novembre. C\u2019est l\u00e0, lors d\u2019un vol commis \u00e0 bord de sa voiture, que le Girondin s\u2019est fait d\u00e9rober ses <a href=\"https:\/\/www.estrepublicain.fr\/societe\/2025\/02\/07\/la-folie-pokemon-a-besancon-de-nuit-au-froid-une-longue-file-d-attente-devant-le-magasin-de-jouets\" target=\"_blank\" rel=\"noopener\">cartes Pok\u00e9mon de grandes valeurs<\/a>. Pour un montant estim\u00e9 \u00e0 quelque 40\u00a0000\u00a0\u20ac. Une plainte \u00e9tait d\u00e9pos\u00e9e \u00e0 Paris et la victime signalait le vol sur tous les r\u00e9seaux sp\u00e9cialis\u00e9s ainsi que dans sa communaut\u00e9. Dans l\u2019espoir qu\u2019un passionn\u00e9 reconnaisse les cartes vol\u00e9es qui seraient mises en vente.<\/p>\n<p>  Cartes rep\u00e9r\u00e9es par un habitant de Metz<\/p>\n<p>Une d\u00e9marche qui se r\u00e9v\u00e9lait payante puisqu\u2019un habitant de Metz, <a href=\"https:\/\/www.estrepublicain.fr\/videos\/il-y-a-enormement-de-gens-qui-depensent-des-centaines-d-euros-dans-les-cartes-pokemon-xkp8xsq\" target=\"_blank\" rel=\"noopener\">f\u00e9ru de Pok\u00e9mon<\/a> lui aussi, se voyait proposer \u00e0 l\u2019achat en ligne par un vendeur op\u00e9rant sous un pseudo, une partie desdites cartes. Le Messin contactait la victime \u2013 des cartes \u00e9taient \u00e9galement en vente sur le site Leboncoin \u2013 et se pr\u00e9sentait au rendez-vous fix\u00e9 par le vendeur dans le secteur de la gare de Nancy.<\/p>\n<p>Deux suspects se pr\u00e9sentaient pour conclure la transaction, mais les policiers de la brigade anticriminalit\u00e9 qui, au pr\u00e9alable, avaient \u00e9t\u00e9 mis dans la boucle, interpellaient les deux vendeurs en possession de plusieurs cartes.<\/p>\n<p>Le duo \u2013 un Nanc\u00e9ien \u00e2g\u00e9 de 32 ans et un SDF de 23 ans, en s\u00e9jour irr\u00e9gulier sur le territoire \u2013 \u00e9tait plac\u00e9 en garde \u00e0 vue au groupe d\u2019action judiciaire.<\/p>\n<p>L\u2019individu sans-papiers n\u2019a pas fait l\u2019objet de poursuites, mais s\u2019est vu d\u00e9livrer une obligation de quitter le territoire fran\u00e7ais. Le trentenaire, plut\u00f4t peu dissert, aurait reconnu avoir achet\u00e9 des cartes \u00e0 Paris pour 200\u00a0\u20ac sans toutefois \u00eatre l\u2019auteur du vol. Remis en libert\u00e9, il est convoqu\u00e9 en comparution sur reconnaissance pr\u00e9alable de culpabilit\u00e9 (CRPC) le 31\u00a0mars 2026.<\/p>\n","protected":false},"excerpt":{"rendered":"Molotic, Jolt\u00e9on, Giratina\u2026 \u00c7a vous parle\u00a0? Non. Et Pikachu\u00a0? Bon, on dirait que la petite souris au pelage&hellip;\n","protected":false},"author":2,"featured_media":530687,"comment_status":"","ping_status":"","sticky":false,"template":"","format":"standard","meta":{"footnotes":""},"categories":[9635],"tags":[1111,11,271,1687,272,1707,1704,1706,1705,1777,674,274,1685,1011,27,775,1036,1702,1703,12,25],"class_list":{"0":"post-530686","1":"post","2":"type-post","3":"status-publish","4":"format-standard","5":"has-post-thumbnail","7":"category-nancy","8":"tag-actu","9":"tag-actualites","10":"tag-crime","11":"tag-culture-loisirs","12":"tag-delit-et-contravention","13":"tag-edition-luneville","14":"tag-edition-nancy-et-agglomeration","15":"tag-edition-pont-a-mousson","16":"tag-edition-toul","17":"tag-eu","18":"tag-europe","19":"tag-faits-divers-justice","20":"tag-foire-et-salon","21":"tag-fr","22":"tag-france","23":"tag-grand-est","24":"tag-jeux-video","25":"tag-nancy","26":"tag-nancy-ville-54b","27":"tag-news","28":"tag-republique-francaise"},"share_on_mastodon":{"url":"https:\/\/pubeurope.com\/@fr\/115540930424467330","error":""},"_links":{"self":[{"href":"https:\/\/www.europesays.com\/fr\/wp-json\/wp\/v2\/posts\/530686","targetHints":{"allow":["GET"]}}],"collection":[{"href":"https:\/\/www.europesays.com\/fr\/wp-json\/wp\/v2\/posts"}],"about":[{"href":"https:\/\/www.europesays.com\/fr\/wp-json\/wp\/v2\/types\/post"}],"author":[{"embeddable":true,"href":"https:\/\/www.europesays.com\/fr\/wp-json\/wp\/v2\/users\/2"}],"replies":[{"embeddable":true,"href":"https:\/\/www.europesays.com\/fr\/wp-json\/wp\/v2\/comments?post=530686"}],"version-history":[{"count":0,"href":"https:\/\/www.europesays.com\/fr\/wp-json\/wp\/v2\/posts\/530686\/revisions"}],"wp:featuredmedia":[{"embeddable":true,"href":"https:\/\/www.europesays.com\/fr\/wp-json\/wp\/v2\/media\/530687"}],"wp:attachment":[{"href":"https:\/\/www.europesays.com\/fr\/wp-json\/wp\/v2\/media?parent=530686"}],"wp:term":[{"taxonomy":"category","embeddable":true,"href":"https:\/\/www.europesays.com\/fr\/wp-json\/wp\/v2\/categories?post=530686"},{"taxonomy":"post_tag","embeddable":true,"href":"https:\/\/www.europesays.com\/fr\/wp-json\/wp\/v2\/tags?post=530686"}],"curies":[{"name":"wp","href":"https:\/\/api.w.org\/{rel}","templated":true}]}}