{"id":530688,"date":"2025-11-13T06:17:13","date_gmt":"2025-11-13T06:17:13","guid":{"rendered":"https:\/\/www.europesays.com\/fr\/530688\/"},"modified":"2025-11-13T06:17:13","modified_gmt":"2025-11-13T06:17:13","slug":"voici-ce-quil-faut-savoir-2","status":"publish","type":"post","link":"https:\/\/www.europesays.com\/fr\/530688\/","title":{"rendered":"voici ce qu&rsquo;il faut savoir"},"content":{"rendered":"<p>                    Par<br \/>\n        <strong><br \/>\n            <a href=\"https:\/\/actu.fr\/auteur\/amandine-mehl\" title=\"Consulter tous les articles de Amandine Mehl\" target=\"_blank\" rel=\"noopener\">Amandine Mehl<\/a><br \/>\n                    <\/strong><\/p>\n<p>        Publi\u00e9 le<\/p>\n<p>            13 nov. 2025 \u00e0 7h02        <\/p>\n<p>\u00c0 <strong>Nancy<\/strong>, les F\u00eates de <a href=\"https:\/\/actu.fr\/tag\/saint-nicolas\" target=\"_blank\" rel=\"noopener\">Saint-Nicolas<\/a> ne se r\u00e9sument pas qu\u2019au <a href=\"https:\/\/actu.fr\/grand-est\/nancy_54395\/fetes-de-saint-nicolas-2025-a-nancy-le-theme-du-nouveau-son-et-lumiere-devoile_63411398.html\" target=\"_blank\" rel=\"noopener\">son et lumi\u00e8re<\/a> place Stanislas, au <a href=\"https:\/\/actu.fr\/grand-est\/nancy_54395\/saint-nicolas-a-nancy-pourquoi-la-date-du-defile-en-2025-sera-particulierement-symbolique_61976106.html\" target=\"_blank\" rel=\"noopener\">d\u00e9fil\u00e9<\/a> ou encore aux diff\u00e9rents <a href=\"https:\/\/actu.fr\/grand-est\/nancy_54395\/fetes-de-saint-nicolas-a-nancy-decouvrez-les-villages-annonces-pour-2025_63421948.html\" target=\"_blank\" rel=\"noopener\">villages<\/a>. C\u2019est aussi du <strong>sport<\/strong>.<\/p>\n<p class=\" wall-content\">Et pour preuve, le rendez-vous est donn\u00e9 le <strong>dimanche 30\u00a0novembre<\/strong> avec la <strong>course des 10\u00a0km<\/strong> et la <strong>course des familles<\/strong>.<\/p>\n<p>La course des 10\u00a0km<\/p>\n<p class=\" wall-content\">Le top d\u00e9part de la <strong>course des 10\u00a0km<\/strong>, accessible <strong>\u00e0 partir de 15\u00a0ans<\/strong> et qui proposera un <strong>nouveau parcours<\/strong>, sera donn\u00e9 \u00e0 <strong>10h<\/strong>\u00a0rue Saint-Georges. Pour participer, il faudra d\u00e9bourser <strong>16\u00a0euros<\/strong>, ou <strong>14\u00a0euros<\/strong> pour les licenci\u00e9s \u00e0 la F\u00e9d\u00e9ration Fran\u00e7aise d\u2019Athl\u00e9tisme 2025\/2026<strong>.<\/strong><\/p>\n<p class=\" wall-content\">La course \u00e9tant limit\u00e9e \u00e0 <strong>8\u2009500\u00a0participants<\/strong>, les coureurs souhaitant s\u2019inscrire sont invit\u00e9s \u00e0 le faire <strong>rapidement<\/strong>. Le <strong>succ\u00e8s<\/strong> est d\u2019ores et d\u00e9j\u00e0 au rendez-vous puisqu\u2019\u00e0 la date du 12\u00a0novembre, <strong>seules 1 254 places<\/strong> attendent encore de trouver preneurs.<\/p>\n<p>La course des familles<\/p>\n<p class=\" wall-content\">Ouverte \u00e0 tous, <strong>sans \u00e2ge minimum<\/strong> et <strong>100\u2009% gratuite<\/strong>, la course des familles d\u00e9butera quant \u00e0 elle \u00e0 <strong>11h45<\/strong>. L\u2019arriv\u00e9e et le d\u00e9part se feront place Stanislas.<\/p>\n<p class=\" wall-content\">\u00c0 l\u2019issue,<strong> chaque participant recevra un Saint-Nicolas en pain d\u2019\u00e9pices<\/strong>.<\/p>\n<p>Pour en savoir plus sur les parcours ou vous inscrire, rendez-vous <a href=\"https:\/\/chronopro.net\/produit\/courses-de-saint-nicolas-2025-10km-aubade\/\" target=\"_blank\" rel=\"noopener\">ici<\/a>.<\/p>\n<p class=\" wall-content\">Personnalisez votre actualit\u00e9 en ajoutant vos villes et m\u00e9dias en favori avec <a href=\"https:\/\/moncompte.actu.fr\" title=\"D\u00e9couvez Mon Actu\" rel=\"nofollow noopener\" data-trk=\"{&quot;cta&quot;:{&quot;action&quot;:&quot;https:\\\/\\\/moncompte.actu.fr&quot;,&quot;category&quot;:&quot;mon compte&quot;,&quot;from&quot;:&quot;article footer&quot;,&quot;name&quot;:&quot;Mon actu&quot;,&quot;type&quot;:&quot;cta&quot;}}\" target=\"_blank\">Mon Actu<\/a>.<\/p>\n","protected":false},"excerpt":{"rendered":"Par Amandine Mehl Publi\u00e9 le 13 nov. 2025 \u00e0 7h02 \u00c0 Nancy, les F\u00eates de Saint-Nicolas ne se&hellip;\n","protected":false},"author":2,"featured_media":530689,"comment_status":"","ping_status":"","sticky":false,"template":"","format":"standard","meta":{"footnotes":""},"categories":[9635],"tags":[1111,11,1777,674,1011,27,775,1702,12,25,14334,104],"class_list":{"0":"post-530688","1":"post","2":"type-post","3":"status-publish","4":"format-standard","5":"has-post-thumbnail","7":"category-nancy","8":"tag-actu","9":"tag-actualites","10":"tag-eu","11":"tag-europe","12":"tag-fr","13":"tag-france","14":"tag-grand-est","15":"tag-nancy","16":"tag-news","17":"tag-republique-francaise","18":"tag-saint-nicolas","19":"tag-societe"},"share_on_mastodon":{"url":"https:\/\/pubeurope.com\/@fr\/115540934211372425","error":""},"_links":{"self":[{"href":"https:\/\/www.europesays.com\/fr\/wp-json\/wp\/v2\/posts\/530688","targetHints":{"allow":["GET"]}}],"collection":[{"href":"https:\/\/www.europesays.com\/fr\/wp-json\/wp\/v2\/posts"}],"about":[{"href":"https:\/\/www.europesays.com\/fr\/wp-json\/wp\/v2\/types\/post"}],"author":[{"embeddable":true,"href":"https:\/\/www.europesays.com\/fr\/wp-json\/wp\/v2\/users\/2"}],"replies":[{"embeddable":true,"href":"https:\/\/www.europesays.com\/fr\/wp-json\/wp\/v2\/comments?post=530688"}],"version-history":[{"count":0,"href":"https:\/\/www.europesays.com\/fr\/wp-json\/wp\/v2\/posts\/530688\/revisions"}],"wp:featuredmedia":[{"embeddable":true,"href":"https:\/\/www.europesays.com\/fr\/wp-json\/wp\/v2\/media\/530689"}],"wp:attachment":[{"href":"https:\/\/www.europesays.com\/fr\/wp-json\/wp\/v2\/media?parent=530688"}],"wp:term":[{"taxonomy":"category","embeddable":true,"href":"https:\/\/www.europesays.com\/fr\/wp-json\/wp\/v2\/categories?post=530688"},{"taxonomy":"post_tag","embeddable":true,"href":"https:\/\/www.europesays.com\/fr\/wp-json\/wp\/v2\/tags?post=530688"}],"curies":[{"name":"wp","href":"https:\/\/api.w.org\/{rel}","templated":true}]}}