{"id":530695,"date":"2025-11-13T06:23:17","date_gmt":"2025-11-13T06:23:17","guid":{"rendered":"https:\/\/www.europesays.com\/fr\/530695\/"},"modified":"2025-11-13T06:23:17","modified_gmt":"2025-11-13T06:23:17","slug":"pres-de-rouen-ces-jeunes-footballeurs-vont-accompagner-les-stars-de-lequipe-de-france-sur-la-pelouse","status":"publish","type":"post","link":"https:\/\/www.europesays.com\/fr\/530695\/","title":{"rendered":"Pr\u00e8s de Rouen, ces jeunes footballeurs vont accompagner les stars de l\u2019\u00c9quipe de France sur la pelouse\u00a0!"},"content":{"rendered":"<p>                    Par<br \/>\n        <strong><br \/>\n            <a href=\"https:\/\/actu.fr\/auteur\/emilien-jacques\" title=\"Consulter tous les articles de Emilien Jacques\" target=\"_blank\" rel=\"noopener\">Emilien Jacques<\/a><br \/>\n                    <\/strong><\/p>\n<p>        Publi\u00e9 le<\/p>\n<p>            13 nov. 2025 \u00e0 6h28        <\/p>\n<p>C\u2019est comme <b>un r\u00eave qui va devenir r\u00e9alit\u00e9<\/b> pour huit jeunes de<b> l\u2019\u00c9cole de foot<\/b> d\u2019<a href=\"https:\/\/actu.fr\/normandie\/elbeuf_76231\" target=\"_blank\" rel=\"noopener\">Elbeuf (Seine-Maritime)<\/a>. Ce jeudi 13\u00a0novembre 2025, ils accompagneront les joueurs de la grande <b>\u00c9quipe de France<\/b> sur la pelouse du Parc des Princes avant leur match face \u00e0 l\u2019Ukraine et se tiendront \u00e0 leurs c\u00f4t\u00e9s durant <b>l\u2019hymne national<\/b>. Une <b>exp\u00e9rience inoubliable<\/b> pour les enfants et une fiert\u00e9 pour tout un club\u2009!<\/p>\n<p>Comme gagner au loto<\/p>\n<p class=\" wall-content\">L\u2019\u00c9cole de foot d\u2019Elbeuf (EFE) n\u2019a que dix petites ann\u00e9es d\u2019existence mais elle offre d\u00e9j\u00e0 \u00e0 huit de ses 140<b> jeunes licenci\u00e9s<\/b> un cadeau qu\u2019ils ne seront pas pr\u00e8s d\u2019oublier. En participant \u00e0 un<b> jeu concours<\/b> sur Internet, Adama Sarr, le responsable de l\u2019EFE, a inscrit ses joueurs de la cat\u00e9gorie U8 (joueurs n\u00e9s en 2018) \u00e0 un tirage au sort pour \u00eatre d\u00e9sign\u00e9s <b>Escort kids<\/b> lors de la rencontre France-Ukraine<b> ce jeudi soir<\/b>.<\/p>\n<p class=\" wall-content\">Escort kids\u2009? Ce sont ces jeunes qui en font r\u00eaver tant d\u2019autres en <b>accompagnant les joueurs sur la pelouse<\/b> et se tiennent devant eux pendant l\u2019hymne national, avant un match.<\/p>\n<p>    <a href=\"https:\/\/www.facebook.com\/plugins\/post.php?href=https%3A%2F%2Fwww.facebook.com%2Fpermalink.php%3Fstory_fbid%3Dpfbid0AKAPeEsdjFpWaviPz6dpG5ktskASbAdNUiQiS3W8Zai7eyNvyL4bJNuVTiKHPhZgl%26id%3D100006291438319&amp;show_text=true&amp;width=350\" title=\"Ouvrie le lien\" target=\"_blank\" rel=\"noopener\">Cliquez ici pour visualiser le contenu<\/a><\/p>\n<p class=\" wall-content\">\u00ab\u2009On se dit toujours que \u00e7a n\u2019arrive qu\u2019aux autres\u2009!\u2009\u00bb, sourit Khalid Meziani, entra\u00eeneur des U8. Eh bien non\u2009! Cette fois-ci, ce sont bien ses jeunes joueurs qui <b>passeront \u00e0 la t\u00e9l\u00e9<\/b> et rencontreront leurs idoles.<\/p>\n<p>Direction le Parc des Princes\u2009!<\/p>\n<p class=\" wall-content\">C\u2019est pendant un entra\u00eenement, la semaine derni\u00e8re, que le coach a appris la grande nouvelle \u00e0 ses prot\u00e9g\u00e9s. Cet apr\u00e8s-midi, huit chanceux (ceux inscrits au club depuis leurs cinq ans) prendront la route du <b>Parc de Princes<\/b>, \u00e0 15\u2009h, avec Adama Sarr et Khalid Meziani. Ce dernier d\u00e9taille ce qui s\u2019annonce comme une <b>soir\u00e9e de r\u00eave.<\/b><\/p>\n<p>Vid\u00e9os : en ce moment sur Actu<\/p>\n<blockquote class=\"ac-article-quote wall-content\">\n<p>Ils vont d\u2019abord visiter le stade et les vestiaires. Ensuite ils vont assister \u00e0 l\u2019\u00e9chauffement des joueurs fran\u00e7ais au bord de la pelouse. Et ils vont les accompagner pendant l\u2019hymne\u2009!<\/p>\n<p>Khalid Meziani, coach \u00e0 l\u2019\u00c9cole de foot d\u2019Elbeuf<\/p><\/blockquote>\n<p class=\" wall-content\">Une place de choix les attendra ensuite dans le stade pour <b>assister \u00e0 la rencontre<\/b>, en compagnie de leurs deux \u00e9ducateurs, fiers de les accompagner dans cette aventure hors-norme. \u00ab\u2009<b>C\u2019est leur moment \u00e0 eux<\/b>\u2009\u00bb, dit Khalid Meziani.<\/p>\n<p>Votre r\u00e9gion, votre actu !<\/p>\n<p>Recevez chaque jour les infos qui comptent pour vous.<\/p>\n<p>\t<a href=\"https:\/\/actu.fr\/newsletter\" class=\"ac-btn ac-btn--corner ac-btn--medium ac-btn--blue800\" target=\"_blank\" rel=\"noopener\">S&rsquo;incrire<\/a><br \/>\n\u00ab\u2009C\u2019est quelque chose de grandiose\u2009\u00bb<\/p>\n<p class=\" wall-content\">Un moment qu\u2019ils attendent forc\u00e9ment avec impatience, ne tenant plus en place depuis une semaine. \u00ab\u2009Tout le monde est<b> super excit\u00e9<\/b> \u00e0 l\u2019id\u00e9e d\u2019y aller, c\u2019est quelque chose de <b>grandiose\u2009<\/b>!\u2009\u00bb, affirme Khalid Meziani, comme s\u2019il peinait lui-m\u00eame \u00e0 r\u00e9aliser.<\/p>\n<p class=\" wall-content\">\u00ab\u2009Ils ne font que d\u2019en parler\u2009\u00bb, t\u00e9moigne une maman pendant que son fils, qui fera partie du voyage, s\u2019entra\u00eene dans la <b>salle de la Cerisaie<\/b>. \u00ab\u2009C\u2019est un truc de fou pour eux\u2009!\u2009\u00bb<\/p>\n<p class=\" wall-content\">C\u2019est \u00e9galement une <b>grande fiert\u00e9<\/b> pour les \u00e9ducateurs d\u2019offrir une telle opportunit\u00e9 aux enfants, comparable \u00e0 une belle r\u00e9compense pour leur assiduit\u00e9 aux trois entra\u00eenements par semaine dispens\u00e9s \u00e0 l\u2019EFE. \u00ab\u2009C\u2019est un plaisir de les entra\u00eener, estime leur coach. Ce sont <b>des petits jeunes qui m\u00e9ritent<\/b> vraiment.\u2009\u00bb<\/p>\n<p class=\" wall-content\">Des petits jeunes qui, pour une fois, se permettent de donner une consigne aux plus grands\u2009: \u00ab\u2009Regarder le match et surtout<b> ne pas rater le d\u00e9but\u2009!<\/b>\u2009\u00bb<\/p>\n<p>France-Ukraine sera diffus\u00e9 sur TF1 \u00e0 partir de 20h15, coup d\u2019envoi \u00e0 20h45.<\/p>\n<p class=\" wall-content\">Personnalisez votre actualit\u00e9 en ajoutant vos villes et m\u00e9dias en favori avec <a href=\"https:\/\/moncompte.actu.fr\" title=\"D\u00e9couvez Mon Actu\" rel=\"nofollow noopener\" data-trk=\"{&quot;cta&quot;:{&quot;action&quot;:&quot;https:\\\/\\\/moncompte.actu.fr&quot;,&quot;category&quot;:&quot;mon compte&quot;,&quot;from&quot;:&quot;article footer&quot;,&quot;name&quot;:&quot;Mon actu&quot;,&quot;type&quot;:&quot;cta&quot;}}\" target=\"_blank\">Mon Actu<\/a>.<\/p>\n","protected":false},"excerpt":{"rendered":"Par Emilien Jacques Publi\u00e9 le 13 nov. 2025 \u00e0 6h28 C\u2019est comme un r\u00eave qui va devenir r\u00e9alit\u00e9&hellip;\n","protected":false},"author":2,"featured_media":530696,"comment_status":"","ping_status":"","sticky":false,"template":"","format":"standard","meta":{"footnotes":""},"categories":[9587],"tags":[1111,11,1719,6713,1777,674,25068,1011,27,12,5161,25,9590,104],"class_list":{"0":"post-530695","1":"post","2":"type-post","3":"status-publish","4":"format-standard","5":"has-post-thumbnail","7":"category-rouen","8":"tag-actu","9":"tag-actualites","10":"tag-enfants","11":"tag-equipe-de-france-de-football","12":"tag-eu","13":"tag-europe","14":"tag-foot-normandie","15":"tag-fr","16":"tag-france","17":"tag-news","18":"tag-normandie","19":"tag-republique-francaise","20":"tag-rouen","21":"tag-societe"},"share_on_mastodon":{"url":"https:\/\/pubeurope.com\/@fr\/115540957998684548","error":""},"_links":{"self":[{"href":"https:\/\/www.europesays.com\/fr\/wp-json\/wp\/v2\/posts\/530695","targetHints":{"allow":["GET"]}}],"collection":[{"href":"https:\/\/www.europesays.com\/fr\/wp-json\/wp\/v2\/posts"}],"about":[{"href":"https:\/\/www.europesays.com\/fr\/wp-json\/wp\/v2\/types\/post"}],"author":[{"embeddable":true,"href":"https:\/\/www.europesays.com\/fr\/wp-json\/wp\/v2\/users\/2"}],"replies":[{"embeddable":true,"href":"https:\/\/www.europesays.com\/fr\/wp-json\/wp\/v2\/comments?post=530695"}],"version-history":[{"count":0,"href":"https:\/\/www.europesays.com\/fr\/wp-json\/wp\/v2\/posts\/530695\/revisions"}],"wp:featuredmedia":[{"embeddable":true,"href":"https:\/\/www.europesays.com\/fr\/wp-json\/wp\/v2\/media\/530696"}],"wp:attachment":[{"href":"https:\/\/www.europesays.com\/fr\/wp-json\/wp\/v2\/media?parent=530695"}],"wp:term":[{"taxonomy":"category","embeddable":true,"href":"https:\/\/www.europesays.com\/fr\/wp-json\/wp\/v2\/categories?post=530695"},{"taxonomy":"post_tag","embeddable":true,"href":"https:\/\/www.europesays.com\/fr\/wp-json\/wp\/v2\/tags?post=530695"}],"curies":[{"name":"wp","href":"https:\/\/api.w.org\/{rel}","templated":true}]}}