{"id":530697,"date":"2025-11-13T06:24:19","date_gmt":"2025-11-13T06:24:19","guid":{"rendered":"https:\/\/www.europesays.com\/fr\/530697\/"},"modified":"2025-11-13T06:24:19","modified_gmt":"2025-11-13T06:24:19","slug":"entreprises-le-cabinet-arthae-rachete-par-bdo-avocats-valvital-poursuit-son-projet-a-23-me-lactu-en-bref","status":"publish","type":"post","link":"https:\/\/www.europesays.com\/fr\/530697\/","title":{"rendered":"Entreprises. Le cabinet Artha\u00e9 rachet\u00e9 par\u00a0BDO Avocats, Valvital poursuit son projet \u00e0 23 M\u20ac&#8230;\u00a0L&rsquo;actu en bref"},"content":{"rendered":"<p>  &#13;<br \/>\n      <a href=\"https:\/\/cdn-s-www.ledauphine.com\/images\/ab93df2a-5e3c-413d-a631-fe92d3d5d1ba\/NW_raw\/arnaud-naudan-president-du-directoire-de-bdo-cabinet-d-expertise-comptable-audit-et-conseils-photo-le-dl-carole-raynaud-1762956941.jpg\" title=\"Arnaud Naudan, pr\u00e9sident du directoire de BDO cabinet d&#039;expertise comptable, audit et conseils. Photo Le DL\/Carole Raynaud\" class=\"chocolat-image GA-tracking\" data-ga_type=\"click\" data-ga_category=\"D\u00e9tail\" data-ga_action=\"zoomer\" data-ga_label=\"agrandir image\" target=\"_blank\" rel=\"noopener\">&#13;<br \/>\n          <img loading=\"lazy\" decoding=\"async\" src=\"https:\/\/www.europesays.com\/fr\/wp-content\/uploads\/2025\/11\/arnaud-naudan-president-du-directoire-de-bdo-cabinet-d-expertise-comptable-audit-et-conseils-photo-l.jpeg\" data-mobile=\"NW_listC_M|1762956941\" data-base=\"NW_listC|1762956941\" alt=\"Arnaud Naudan, pr\u00e9sident du directoire de BDO cabinet d'expertise comptable, audit et conseils. Photo Le DL\/Carole Raynaud\"\/>&#13;<br \/>\n      <\/a>&#13;<\/p>\n<p>Arnaud Naudan, pr\u00e9sident du directoire de BDO cabinet d&rsquo;expertise comptable, audit et conseils. Photo Le DL\/Carole Raynaud<\/p>\n<p>&#13;<\/p>\n<p>  R\u00e9gion\u00a0: le cabinet Artha\u00e9 rachet\u00e9 par\u00a0BDO Avocats<\/p>\n<p>Le <a href=\"https:\/\/www.ledauphine.com\/economie\/2023\/06\/06\/bdo-ce-cabinet-d-expertise-comptable-qui-veut-se-demarquer-avec-l-utilisation-de-l-intelligence-artificielle\" target=\"_blank\" rel=\"noopener\">cabinet BDO<\/a>\u00a0Avocats a annonc\u00e9 l\u2019acquisition du cabinet Artha\u00e9, acteur reconnu en droit des soci\u00e9t\u00e9s implant\u00e9 \u00e0 Grenoble et Chamb\u00e9ry.<\/p>\n<p>\u00ab Depuis plusieurs ann\u00e9es, nous construisons un r\u00e9seau d\u2019experts ancr\u00e9s localement, anim\u00e9s par une m\u00eame culture de l\u2019engagement et de la qualit\u00e9. C\u2019est cette logique que nous poursuivons avec l\u2019arriv\u00e9e d\u2019Artha\u00e9 \u00bb, pr\u00e9cise Arnaud Naudan, pr\u00e9sident de BDO France.<\/p>\n<p>Les \u00e9quipes d\u2019Artha\u00e9, d\u2019ores et d\u00e9j\u00e0 install\u00e9es dans les locaux de BDO, poursuivront leurs missions au sein de ce nouvel environnement structur\u00e9 et renforc\u00e9.<\/p>\n<p>  Savoie\u00a0:\u00a0Valvital poursuit son projet \u00e0 23 M\u20ac\u00a0\u00e0\u00a0Saint-Jean-d&rsquo;Ang\u00e9ly<\/p>\n<p>Alors que le secteur du\u00a0thermalisme\u00a0est en <a href=\"https:\/\/www.ledauphine.com\/economie\/2025\/11\/07\/deremboursement-des-cures-cela-mettrait-le-thermalisme-et-tout-son-ecosysteme-en-difficulte\" target=\"_blank\" rel=\"noopener\">grande incertitude<\/a> suite au projet du gouvernement de <a href=\"https:\/\/www.ledauphine.com\/economie\/2025\/11\/06\/les-cures-thermales-bientot-moins-remboursees-ce-que-propose-le-gouvernement\" target=\"_blank\" rel=\"noopener\">r\u00e9duire drastiquement<\/a> le remboursement des cures, le groupe savoyard Valvital a tout de m\u00eame annonc\u00e9 poursuivre son projet de nouveau complexe \u00e0 Saint-Jean-d&rsquo;Ang\u00e9ly (Charente-Maritime).<\/p>\n<p>L\u2019entreprise\u00a0implant\u00e9e \u00e0 Aix-les-Bains\u00a0s&rsquo;\u00e9tait port\u00e9e acqu\u00e9reur en 2019 d\u2019une ancienne caserne militaire disposant d\u2019une ressource en eau min\u00e9rale naturelle. Un projet reposant sur un investissement global de 23 millions d\u2019euros, qui est actuellement au stade des \u00e9tudes architecturales et de recherches de financement avec les diff\u00e9rents partenaires.<\/p>\n<p>Ce nouveau complexe pourrait accueillir pr\u00e8s de 5 000 curistes par an.<\/p>\n<p>  Is\u00e8re\u00a0:\u00a0Fromeca repris par\u00a0Onet Technologies<\/p>\n<p>Onet Technologies, filiale du groupe marseillais Onet qui \u0153uvre principalement au c\u0153ur du nucl\u00e9aire, a annonc\u00e9 l\u2019acquisition de l&rsquo;Is\u00e9rois Fromeca.<\/p>\n<p><a href=\"https:\/\/www.ledauphine.com\/culture-loisirs\/2020\/10\/09\/fromeca-vient-de-receptionner-un-nouveau-centre-d-usinage\" target=\"_blank\" rel=\"noopener\">Fromeca<\/a>\u00a0et ses 11 techniciens apporteront depuis\u00a0Saint-Just-de-Claix leur savoir-faire dans l\u2019usinage de pr\u00e9cision de mat\u00e9riaux traditionnels et d\u2019alliages sp\u00e9cifiques tels que l\u2019inox, le titane ou l\u2019Inconel.<\/p>\n<p>Cela enrichit les expertises de m\u00e9cano-soudage et de chaudronnerie de Onet Technologies, qui avait d\u00e9j\u00e0 acquis\u00a0SDMS, \u00e9galement implant\u00e9e en Is\u00e8re, en 2024.<\/p>\n","protected":false},"excerpt":{"rendered":"&#13; &#13; &#13; &#13; Arnaud Naudan, pr\u00e9sident du directoire de BDO cabinet d&rsquo;expertise comptable, audit et conseils. Photo&hellip;\n","protected":false},"author":2,"featured_media":530698,"comment_status":"","ping_status":"","sticky":false,"template":"","format":"standard","meta":{"footnotes":""},"categories":[9566],"tags":[1111,11,2738,4646,2430,9810,2730,33,1777,674,1011,27,2731,4638,693,5015,108,3367,12,25,2429,5508,216],"class_list":{"0":"post-530697","1":"post","2":"type-post","3":"status-publish","4":"format-standard","5":"has-post-thumbnail","7":"category-grenoble","8":"tag-actu","9":"tag-actualites","10":"tag-ain","11":"tag-ardeche","12":"tag-auvergne-rhone-alpes","13":"tag-direct-entreprises","14":"tag-drome","15":"tag-economie","16":"tag-eu","17":"tag-europe","18":"tag-fr","19":"tag-france","20":"tag-grenoble","21":"tag-haute-savoie","22":"tag-industrie","23":"tag-innovation-et-start-up","24":"tag-isere","25":"tag-loire","26":"tag-news","27":"tag-republique-francaise","28":"tag-rhone","29":"tag-savoie","30":"tag-vie-des-entreprises"},"share_on_mastodon":{"url":"https:\/\/pubeurope.com\/@fr\/115540962353831498","error":""},"_links":{"self":[{"href":"https:\/\/www.europesays.com\/fr\/wp-json\/wp\/v2\/posts\/530697","targetHints":{"allow":["GET"]}}],"collection":[{"href":"https:\/\/www.europesays.com\/fr\/wp-json\/wp\/v2\/posts"}],"about":[{"href":"https:\/\/www.europesays.com\/fr\/wp-json\/wp\/v2\/types\/post"}],"author":[{"embeddable":true,"href":"https:\/\/www.europesays.com\/fr\/wp-json\/wp\/v2\/users\/2"}],"replies":[{"embeddable":true,"href":"https:\/\/www.europesays.com\/fr\/wp-json\/wp\/v2\/comments?post=530697"}],"version-history":[{"count":0,"href":"https:\/\/www.europesays.com\/fr\/wp-json\/wp\/v2\/posts\/530697\/revisions"}],"wp:featuredmedia":[{"embeddable":true,"href":"https:\/\/www.europesays.com\/fr\/wp-json\/wp\/v2\/media\/530698"}],"wp:attachment":[{"href":"https:\/\/www.europesays.com\/fr\/wp-json\/wp\/v2\/media?parent=530697"}],"wp:term":[{"taxonomy":"category","embeddable":true,"href":"https:\/\/www.europesays.com\/fr\/wp-json\/wp\/v2\/categories?post=530697"},{"taxonomy":"post_tag","embeddable":true,"href":"https:\/\/www.europesays.com\/fr\/wp-json\/wp\/v2\/tags?post=530697"}],"curies":[{"name":"wp","href":"https:\/\/api.w.org\/{rel}","templated":true}]}}