{"id":530707,"date":"2025-11-13T06:29:14","date_gmt":"2025-11-13T06:29:14","guid":{"rendered":"https:\/\/www.europesays.com\/fr\/530707\/"},"modified":"2025-11-13T06:29:14","modified_gmt":"2025-11-13T06:29:14","slug":"de-la-graine-au-bouquet-1-3-a-strasbourg-se-procurer-des-fleurs-dalsace-cest-possible","status":"publish","type":"post","link":"https:\/\/www.europesays.com\/fr\/530707\/","title":{"rendered":"De la graine au bouquet (1\/3). A Strasbourg, \u00ab se procurer des fleurs d\u2019Alsace, c\u2019est possible\u00a0!\u00a0\u00bb"},"content":{"rendered":"<p>Camomille, Zinnia, Immortelle, Dahlia et Muflier remplissent la boutique de la nouvelle fleuriste de la rue Finkwiller, La Petite marchande de fleurs, ouverte depuis f\u00e9vrier. Sp\u00e9cificit\u00e9 du lieu, les cartels indiquant le nom et l\u2019origine des fleurs mentionnent de nombreuses fois \u201cAlsace\u201d.<\/p>\n<p>Derri\u00e8re le comptoir, P\u00e9n\u00e9lope Crochetet, 45 ans, pr\u00e9pare un bouquet color\u00e9. Fleuriste est le deuxi\u00e8me m\u00e9tier qu\u2019elle exerce, apr\u00e8s avoir \u00e9t\u00e9 professeur d\u2019arts plastiques pendant 20 ans. \u00ab\u00a0J\u2019aimais encore enseigner, mais un jour en rentrant apr\u00e8s avoir&#8230;<\/p>\n","protected":false},"excerpt":{"rendered":"Camomille, Zinnia, Immortelle, Dahlia et Muflier remplissent la boutique de la nouvelle fleuriste de la rue Finkwiller, La&hellip;\n","protected":false},"author":2,"featured_media":530708,"comment_status":"","ping_status":"","sticky":false,"template":"","format":"standard","meta":{"footnotes":""},"categories":[2820],"tags":[1111,11,4406,33,2880,436,1777,674,107,1011,27,775,12,25,640,2879],"class_list":{"0":"post-530707","1":"post","2":"type-post","3":"status-publish","4":"format-standard","5":"has-post-thumbnail","7":"category-strasbourg","8":"tag-actu","9":"tag-actualites","10":"tag-commerce-et-services","11":"tag-economie","12":"tag-edition-strasbourg","13":"tag-environnement","14":"tag-eu","15":"tag-europe","16":"tag-fil-info","17":"tag-fr","18":"tag-france","19":"tag-grand-est","20":"tag-news","21":"tag-republique-francaise","22":"tag-strasbourg","23":"tag-strasbourg-ville"},"share_on_mastodon":{"url":"https:\/\/pubeurope.com\/@fr\/115540981515172088","error":""},"_links":{"self":[{"href":"https:\/\/www.europesays.com\/fr\/wp-json\/wp\/v2\/posts\/530707","targetHints":{"allow":["GET"]}}],"collection":[{"href":"https:\/\/www.europesays.com\/fr\/wp-json\/wp\/v2\/posts"}],"about":[{"href":"https:\/\/www.europesays.com\/fr\/wp-json\/wp\/v2\/types\/post"}],"author":[{"embeddable":true,"href":"https:\/\/www.europesays.com\/fr\/wp-json\/wp\/v2\/users\/2"}],"replies":[{"embeddable":true,"href":"https:\/\/www.europesays.com\/fr\/wp-json\/wp\/v2\/comments?post=530707"}],"version-history":[{"count":0,"href":"https:\/\/www.europesays.com\/fr\/wp-json\/wp\/v2\/posts\/530707\/revisions"}],"wp:featuredmedia":[{"embeddable":true,"href":"https:\/\/www.europesays.com\/fr\/wp-json\/wp\/v2\/media\/530708"}],"wp:attachment":[{"href":"https:\/\/www.europesays.com\/fr\/wp-json\/wp\/v2\/media?parent=530707"}],"wp:term":[{"taxonomy":"category","embeddable":true,"href":"https:\/\/www.europesays.com\/fr\/wp-json\/wp\/v2\/categories?post=530707"},{"taxonomy":"post_tag","embeddable":true,"href":"https:\/\/www.europesays.com\/fr\/wp-json\/wp\/v2\/tags?post=530707"}],"curies":[{"name":"wp","href":"https:\/\/api.w.org\/{rel}","templated":true}]}}