{"id":530713,"date":"2025-11-13T06:32:14","date_gmt":"2025-11-13T06:32:14","guid":{"rendered":"https:\/\/www.europesays.com\/fr\/530713\/"},"modified":"2025-11-13T06:32:14","modified_gmt":"2025-11-13T06:32:14","slug":"vue-la-circulation-sera-perturbee-route-de-nantes","status":"publish","type":"post","link":"https:\/\/www.europesays.com\/fr\/530713\/","title":{"rendered":"Vue. La circulation sera perturb\u00e9e route de Nantes"},"content":{"rendered":"<p>Les travaux d\u2019am\u00e9nagement de la route de Nantes se poursuivent. Le chantier, engag\u00e9 depuis plusieurs semaines entre le cimeti\u00e8re et le rond-point de Nantes, entre d\u00e9sormais dans sa derni\u00e8re phase, entra\u00eenant de nouvelles perturbations de circulation. Depuis hier et jusqu\u2019au vendredi 21\u00a0novembre, la route est ferm\u00e9e de 8\u00a0h \u00e0 17\u00a0h\u00a030, du lundi au jeudi, et jusqu\u2019\u00e0 16\u00a0h\u00a030 le vendredi. Une fermeture 24 h\/24 aura ensuite lieu du lundi\u00a024, \u00e0 8\u00a0h au jeudi 27\u00a0novembre, \u00e0 17\u00a0h\u00a030, avant une ultime coupure vendredi\u00a028, de 8\u00a0h \u00e0 16\u00a0h\u00a030, pour permettre la pose des enrob\u00e9s.<\/p>\n<p>Enfin, la circulation sera encore interrompue du lundi\u00a01er au vendredi 5\u00a0d\u00e9cembre, de 8\u00a0h \u00e0 17\u00a0h\u00a030, du lundi au jeudi, et jusqu\u2019\u00e0 16\u00a0h\u00a030 le vendredi, pour finaliser les travaux.<\/p>\n<p>Pendant toute la dur\u00e9e du chantier, l\u2019acc\u00e8s aux commerces et services reste possible par la route de Paimb\u0153uf.<\/p>\n<p>\u00a0<\/p>\n","protected":false},"excerpt":{"rendered":"Les travaux d\u2019am\u00e9nagement de la route de Nantes se poursuivent. Le chantier, engag\u00e9 depuis plusieurs semaines entre le&hellip;\n","protected":false},"author":2,"featured_media":530714,"comment_status":"","ping_status":"","sticky":false,"template":"","format":"standard","meta":{"footnotes":""},"categories":[2818],"tags":[1111,11,3542,1777,674,1011,27,766,12,2636,7847,25,209,13373],"class_list":{"0":"post-530713","1":"post","2":"type-post","3":"status-publish","4":"format-standard","5":"has-post-thumbnail","7":"category-nantes","8":"tag-actu","9":"tag-actualites","10":"tag-circulation","11":"tag-eu","12":"tag-europe","13":"tag-fr","14":"tag-france","15":"tag-nantes","16":"tag-news","17":"tag-pays-de-la-loire","18":"tag-perturbee","19":"tag-republique-francaise","20":"tag-route","21":"tag-vue"},"share_on_mastodon":{"url":"https:\/\/pubeurope.com\/@fr\/115540993710553082","error":""},"_links":{"self":[{"href":"https:\/\/www.europesays.com\/fr\/wp-json\/wp\/v2\/posts\/530713","targetHints":{"allow":["GET"]}}],"collection":[{"href":"https:\/\/www.europesays.com\/fr\/wp-json\/wp\/v2\/posts"}],"about":[{"href":"https:\/\/www.europesays.com\/fr\/wp-json\/wp\/v2\/types\/post"}],"author":[{"embeddable":true,"href":"https:\/\/www.europesays.com\/fr\/wp-json\/wp\/v2\/users\/2"}],"replies":[{"embeddable":true,"href":"https:\/\/www.europesays.com\/fr\/wp-json\/wp\/v2\/comments?post=530713"}],"version-history":[{"count":0,"href":"https:\/\/www.europesays.com\/fr\/wp-json\/wp\/v2\/posts\/530713\/revisions"}],"wp:featuredmedia":[{"embeddable":true,"href":"https:\/\/www.europesays.com\/fr\/wp-json\/wp\/v2\/media\/530714"}],"wp:attachment":[{"href":"https:\/\/www.europesays.com\/fr\/wp-json\/wp\/v2\/media?parent=530713"}],"wp:term":[{"taxonomy":"category","embeddable":true,"href":"https:\/\/www.europesays.com\/fr\/wp-json\/wp\/v2\/categories?post=530713"},{"taxonomy":"post_tag","embeddable":true,"href":"https:\/\/www.europesays.com\/fr\/wp-json\/wp\/v2\/tags?post=530713"}],"curies":[{"name":"wp","href":"https:\/\/api.w.org\/{rel}","templated":true}]}}