{"id":530715,"date":"2025-11-13T06:33:19","date_gmt":"2025-11-13T06:33:19","guid":{"rendered":"https:\/\/www.europesays.com\/fr\/530715\/"},"modified":"2025-11-13T06:33:19","modified_gmt":"2025-11-13T06:33:19","slug":"bloquons-tout-manifeste-depuis-les-4-coins-de-la-ville","status":"publish","type":"post","link":"https:\/\/www.europesays.com\/fr\/530715\/","title":{"rendered":"\u00ab\u00a0Bloquons tout\u00a0\u00bb manifeste depuis les 4 coins de la ville"},"content":{"rendered":"<p><strong>Une fresque appelle \u00e0 la manif<\/strong><\/p>\n<p><img loading=\"lazy\" decoding=\"async\" width=\"1000\" height=\"1000\" data-attachment-id=\"97406\" data-permalink=\"https:\/\/contre-attaque.net\/2025\/11\/13\/le-15-novembre-a-nantes-bloquons-tout-manifeste-depuis-les-4-coins-de-la-ville\/signal-2025-11-12-222939\/\" data-orig-file=\"https:\/\/www.europesays.com\/fr\/wp-content\/uploads\/2025\/11\/signal-2025-11-12-222939.jpeg\" data-orig-size=\"1000,1000\" data-comments-opened=\"0\" data-image-meta=\"{&quot;aperture&quot;:&quot;0&quot;,&quot;credit&quot;:&quot;&quot;,&quot;camera&quot;:&quot;&quot;,&quot;caption&quot;:&quot;&quot;,&quot;created_timestamp&quot;:&quot;0&quot;,&quot;copyright&quot;:&quot;&quot;,&quot;focal_length&quot;:&quot;0&quot;,&quot;iso&quot;:&quot;0&quot;,&quot;shutter_speed&quot;:&quot;0&quot;,&quot;title&quot;:&quot;&quot;,&quot;orientation&quot;:&quot;0&quot;}\" data-image-title=\"signal-2025-11-12-222939\" data-image-description=\"\" data-image-caption=\"\" data-medium-file=\"https:\/\/contre-attaque.net\/wp-content\/uploads\/2025\/11\/signal-2025-11-12-222939-300x300.jpeg\" data-large-file=\"https:\/\/www.europesays.com\/fr\/wp-content\/uploads\/2025\/11\/signal-2025-11-12-222939.jpeg\" src=\"https:\/\/www.europesays.com\/fr\/wp-content\/uploads\/2025\/11\/signal-2025-11-12-222939.jpeg\" alt=\"Une fresque repr\u00e9sente les 4 points de rendez-vous de &quot;Bloquons tout&quot; le 15 novembre prochain \u00e0 Nantes.\" class=\"wp-image-97406\"  \/><\/p>\n<p>Le mouvement \u00ab\u00a0Bloquons tout\u00a0\u00bb, <a href=\"https:\/\/contre-attaque.net\/2025\/09\/11\/10-septembre-les-chiffres-dune-mobilisation-remarquable\/\" target=\"_blank\" rel=\"noopener\">qui a frapp\u00e9 fort le 10 septembre dernier<\/a> avant d\u2019\u00eatre \u00e9cras\u00e9 par la r\u00e9pression et la canalisation des directions syndicales, n\u2019a pas dit son dernier mot.<\/p>\n<p>Depuis des semaines, \u00e0 Nantes comme ailleurs, des assembl\u00e9es de quartiers continuent de se tenir. On y discute de l\u2019actualit\u00e9, on y d\u00e9bat, on y organise des soir\u00e9es et des actions, on pr\u00e9pare des manifestations. Et la prochaine date du mouvement \u00ab\u00a0Bloquons tout\u00a0\u00bb, c\u2019est samedi 15 Novembre. Une journ\u00e9e qui r\u00e9sonne avec le 7\u00e8me anniversaire des Gilets jaunes.<\/p>\n<p>Un beau graffiti aux couleurs vives est apparu ces derniers jours pour annoncer cette manifestation. 4 cort\u00e8ges partiront des 4 coins de Nantes \u00e0 13h :<\/p>\n<ul class=\"wp-block-list\">\n<li>Au nord, depuis Petit Port et les Facs<\/li>\n<\/ul>\n<ul class=\"wp-block-list\">\n<li>\u00c0 l\u2019ouest, depuis le parking de la Place Zola<\/li>\n<\/ul>\n<ul class=\"wp-block-list\">\n<li>\u00c0 l\u2019est, depuis le parc de la Moutonnerie<\/li>\n<\/ul>\n<ul class=\"wp-block-list\">\n<li>Au sud de la Loire, un d\u00e9part depuis les Nefs de l\u2019\u00eele de Nantes<\/li>\n<\/ul>\n<p><a href=\"https:\/\/contre-attaque.net\/?attachment_id=97405\" target=\"_blank\" rel=\"noopener\"><img loading=\"lazy\" decoding=\"async\" width=\"1000\" height=\"1000\" data-attachment-id=\"97405\" data-permalink=\"https:\/\/contre-attaque.net\/2025\/11\/13\/le-15-novembre-a-nantes-bloquons-tout-manifeste-depuis-les-4-coins-de-la-ville\/signal-2025-11-12-222939_002\/\" data-orig-file=\"https:\/\/www.europesays.com\/fr\/wp-content\/uploads\/2025\/11\/signal-2025-11-12-222939_002.jpeg\" data-orig-size=\"1000,1000\" data-comments-opened=\"0\" data-image-meta=\"{&quot;aperture&quot;:&quot;0&quot;,&quot;credit&quot;:&quot;&quot;,&quot;camera&quot;:&quot;&quot;,&quot;caption&quot;:&quot;&quot;,&quot;created_timestamp&quot;:&quot;0&quot;,&quot;copyright&quot;:&quot;&quot;,&quot;focal_length&quot;:&quot;0&quot;,&quot;iso&quot;:&quot;0&quot;,&quot;shutter_speed&quot;:&quot;0&quot;,&quot;title&quot;:&quot;&quot;,&quot;orientation&quot;:&quot;0&quot;}\" data-image-title=\"signal-2025-11-12-222939_002\" data-image-description=\"\" data-image-caption=\"\" data-medium-file=\"https:\/\/contre-attaque.net\/wp-content\/uploads\/2025\/11\/signal-2025-11-12-222939_002-300x300.jpeg\" data-large-file=\"https:\/\/www.europesays.com\/fr\/wp-content\/uploads\/2025\/11\/signal-2025-11-12-222939_002.jpeg\" src=\"https:\/\/www.europesays.com\/fr\/wp-content\/uploads\/2025\/11\/signal-2025-11-12-222939_002.jpeg\" alt=\"Une fresque repr\u00e9sente les 4 points de rendez-vous de &quot;Bloquons tout&quot; le 15 novembre prochain \u00e0 Nantes.\" class=\"wp-image-97405 size-full\"  \/><\/a><\/p>\n<p>Cet appel \u00e9mane de toutes les assembl\u00e9es locales. \u00c0 13h, rejoignez le cort\u00e8ge le plus proche de chez vous, puis \u00e0 14h, tous les cort\u00e8ges convergent \u00e0 la crois\u00e9e des trams. L\u2019organisation d\u00e9centralis\u00e9e et par en bas est en marche.<\/p>\n","protected":false},"excerpt":{"rendered":"Une fresque appelle \u00e0 la manif Le mouvement \u00ab\u00a0Bloquons tout\u00a0\u00bb, qui a frapp\u00e9 fort le 10 septembre dernier&hellip;\n","protected":false},"author":2,"featured_media":530716,"comment_status":"","ping_status":"","sticky":false,"template":"","format":"standard","meta":{"footnotes":""},"categories":[2818],"tags":[1111,11,7551,47212,1777,674,1011,27,23001,12342,766,12,2636,25],"class_list":{"0":"post-530715","1":"post","2":"type-post","3":"status-publish","4":"format-standard","5":"has-post-thumbnail","7":"category-nantes","8":"tag-actu","9":"tag-actualites","10":"tag-blocage","11":"tag-bloquons-tout","12":"tag-eu","13":"tag-europe","14":"tag-fr","15":"tag-france","16":"tag-fresque","17":"tag-graffiti","18":"tag-nantes","19":"tag-news","20":"tag-pays-de-la-loire","21":"tag-republique-francaise"},"share_on_mastodon":{"url":"https:\/\/pubeurope.com\/@fr\/115540997945743807","error":""},"_links":{"self":[{"href":"https:\/\/www.europesays.com\/fr\/wp-json\/wp\/v2\/posts\/530715","targetHints":{"allow":["GET"]}}],"collection":[{"href":"https:\/\/www.europesays.com\/fr\/wp-json\/wp\/v2\/posts"}],"about":[{"href":"https:\/\/www.europesays.com\/fr\/wp-json\/wp\/v2\/types\/post"}],"author":[{"embeddable":true,"href":"https:\/\/www.europesays.com\/fr\/wp-json\/wp\/v2\/users\/2"}],"replies":[{"embeddable":true,"href":"https:\/\/www.europesays.com\/fr\/wp-json\/wp\/v2\/comments?post=530715"}],"version-history":[{"count":0,"href":"https:\/\/www.europesays.com\/fr\/wp-json\/wp\/v2\/posts\/530715\/revisions"}],"wp:featuredmedia":[{"embeddable":true,"href":"https:\/\/www.europesays.com\/fr\/wp-json\/wp\/v2\/media\/530716"}],"wp:attachment":[{"href":"https:\/\/www.europesays.com\/fr\/wp-json\/wp\/v2\/media?parent=530715"}],"wp:term":[{"taxonomy":"category","embeddable":true,"href":"https:\/\/www.europesays.com\/fr\/wp-json\/wp\/v2\/categories?post=530715"},{"taxonomy":"post_tag","embeddable":true,"href":"https:\/\/www.europesays.com\/fr\/wp-json\/wp\/v2\/tags?post=530715"}],"curies":[{"name":"wp","href":"https:\/\/api.w.org\/{rel}","templated":true}]}}