{"id":530721,"date":"2025-11-13T06:36:14","date_gmt":"2025-11-13T06:36:14","guid":{"rendered":"https:\/\/www.europesays.com\/fr\/530721\/"},"modified":"2025-11-13T06:36:14","modified_gmt":"2025-11-13T06:36:14","slug":"toulouse-en-travaux-depuis-plusieurs-mois-ce-square-sapprete-a-rouvrir-ses-grilles-place-wilson","status":"publish","type":"post","link":"https:\/\/www.europesays.com\/fr\/530721\/","title":{"rendered":"Toulouse. En travaux depuis plusieurs mois, ce square s\u2019appr\u00eate \u00e0 rouvrir ses grilles place Wilson"},"content":{"rendered":"<p>                    Par<br \/>\n        <strong><br \/>\n            <a href=\"https:\/\/actu.fr\/auteur\/lea-afonso\" title=\"Consulter tous les articles de L\u00e9a Afonso\" target=\"_blank\" rel=\"noopener\">L\u00e9a Afonso<\/a><br \/>\n                    <\/strong><\/p>\n<p>        Publi\u00e9 le<\/p>\n<p>            13 nov. 2025 \u00e0 7h12<br \/>\n        ; mis \u00e0 jour le 13 nov. 2025 \u00e0 7h14    <\/p>\n<p>Depuis septembre\u00a02025, le <strong>square Goudouli,<\/strong> situ\u00e9 au c\u0153ur de la place Wilson \u00e0 <a href=\"https:\/\/actu.fr\/toulouse\/\" target=\"_blank\" rel=\"noopener\">Toulouse<\/a>, a perdu de son animation. Entour\u00e9 de barri\u00e8res, priv\u00e9 de son carrousel et de ses pelouses, le site est en plein <strong>r\u00e9am\u00e9nagement<\/strong>. Ferm\u00e9 au public depuis plusieurs mois, il s\u2019appr\u00eate toutefois \u00e0 retrouver ses visiteurs\u2009: la<strong> date de r\u00e9ouverture<\/strong> est d\u00e9sormais connue, pour le plus grand plaisir des Toulousains.<\/p>\n<p>R\u00e9ouverture pr\u00e9vue fin novembre<\/p>\n<p class=\" wall-content\">Encore un peu de patience\u2009: la r\u00e9ouverture du square Goudouli est annonc\u00e9e pour le <strong>samedi 29\u00a0novembre 2025.<\/strong> \u00ab\u2009Les usagers pourront ainsi profiter d\u2019un acc\u00e8s au centre-ville pour les f\u00eates de No\u00ebl et les am\u00e9nagements reprendront apr\u00e8s la tr\u00eave des confiseurs d\u00e9but janvier\u00a02026\u2009\u00bb, indique la mairie de Toulouse.<\/p>\n<p class=\" wall-content\">Les travaux conna\u00eetront donc <strong>une pause durant les f\u00eates<\/strong> avant de reprendre en janvier, avec une<strong> livraison finale pr\u00e9vue pour \u00ab\u2009avril\u00a02026\u2009\u00bb,<\/strong> pr\u00e9cise la collectivit\u00e9.<\/p>\n<p>Un retour \u00e0 l\u2019esprit du square d\u2019antan<\/p>\n<p class=\" wall-content\"><a href=\"https:\/\/actu.fr\/occitanie\/toulouse_31555\/toulouse-le-square-de-la-place-wilson-a-ete-ferme-au-public-que-se-passe-t-il_63088576.html\" target=\"_blank\" rel=\"noopener\">Comme nous l\u2019avait pr\u00e9cis\u00e9 la maire de quartier, Laurence Katzenmayer<\/a> au moment du lancement des travaux, ce projet de r\u00e9am\u00e9nagement est <strong>port\u00e9 par le service des espaces verts de la mairie<\/strong>, en collaboration<strong> avec l\u2019architecte des b\u00e2timents de France.<\/strong><\/p>\n<p class=\" wall-content\">\u00ab\u2009L\u2019id\u00e9e \u00e9tant ici de<strong> retrouver les formes et les massifs du square du XIXe\u00a0si\u00e8cle.<\/strong> L\u2019aspect paysager va \u00eatre totalement repris, on va prot\u00e9ger le v\u00e9g\u00e9tal du pi\u00e9tinement des pi\u00e9tons, les sols vont \u00eatre refaits, avec une meilleure qualit\u00e9 pour un meilleur d\u00e9veloppement des v\u00e9g\u00e9taux\u2009\u00bb, avait expliqu\u00e9 Laurence Katzenmayer.<\/p>\n<p>    <img   decoding=\"async\" loading=\"lazy\" src=\"https:\/\/www.europesays.com\/fr\/wp-content\/uploads\/2025\/11\/square-goudouli-2-960x640.jpg\" alt=\"Les engins de chantier sont encore pr\u00e9sents sur le square Goudouli en cette mi-novembre. Mais les travaux r\u00e9alis\u00e9s sont d\u00e9j\u00e0 visibles, notamment les petites grilles prot\u00e9geant les espaces verts. \" width=\"960\" height=\"640\"\/><br \/>\n    Les engins de chantier sont encore pr\u00e9sents sur le square Goudouli en cette mi-novembre. Mais les travaux r\u00e9alis\u00e9s sont d\u00e9j\u00e0 visibles, notamment les petites grilles prot\u00e9geant les espaces verts. (\u00a9David Saint-Sernin \/ Actu Toulouse)<\/p>\n<p class=\" wall-content\">Depuis le mois de septembre,<strong> engins de chantier et sols boueux<\/strong> fa\u00e7onnent ainsi le d\u00e9cor de ce chantier patrimonial. Mais d\u2019ici peu, le square retrouvera son charme d\u2019autrefois, avec un am\u00e9nagement repens\u00e9 pour mieux pr\u00e9server son cadre v\u00e9g\u00e9tal et son identit\u00e9 historique. Les Toulousains ne sont pas sans attendre l\u2019aboutissement de ces travaux afin de fr\u00e9quenter \u00e0 nouveau cet espace du c\u0153ur de ville.<\/p>\n<p>Votre r\u00e9gion, votre actu !<\/p>\n<p>Recevez chaque jour les infos qui comptent pour vous.<\/p>\n<p>\t<a href=\"https:\/\/actu.fr\/newsletter\" class=\"ac-btn ac-btn--corner ac-btn--medium ac-btn--blue800\" target=\"_blank\" rel=\"noopener\">S&rsquo;incrire<\/a><\/p>\n<p class=\" wall-content\">Personnalisez votre actualit\u00e9 en ajoutant vos villes et m\u00e9dias en favori avec <a href=\"https:\/\/moncompte.actu.fr\" title=\"D\u00e9couvez Mon Actu\" rel=\"nofollow noopener\" data-trk=\"{&quot;cta&quot;:{&quot;action&quot;:&quot;https:\\\/\\\/moncompte.actu.fr&quot;,&quot;category&quot;:&quot;mon compte&quot;,&quot;from&quot;:&quot;article footer&quot;,&quot;name&quot;:&quot;Mon actu&quot;,&quot;type&quot;:&quot;cta&quot;}}\" target=\"_blank\">Mon Actu<\/a>.<\/p>\n","protected":false},"excerpt":{"rendered":"Par L\u00e9a Afonso Publi\u00e9 le 13 nov. 2025 \u00e0 7h12 ; mis \u00e0 jour le 13 nov. 2025&hellip;\n","protected":false},"author":2,"featured_media":530722,"comment_status":"","ping_status":"","sticky":false,"template":"","format":"standard","meta":{"footnotes":""},"categories":[2816],"tags":[1111,11,1777,674,1011,27,12,2680,25,104,2312,2086,1352],"class_list":{"0":"post-530721","1":"post","2":"type-post","3":"status-publish","4":"format-standard","5":"has-post-thumbnail","7":"category-toulouse","8":"tag-actu","9":"tag-actualites","10":"tag-eu","11":"tag-europe","12":"tag-fr","13":"tag-france","14":"tag-news","15":"tag-occitanie","16":"tag-republique-francaise","17":"tag-societe","18":"tag-toulouse","19":"tag-travaux","20":"tag-urbanisme"},"share_on_mastodon":{"url":"https:\/\/pubeurope.com\/@fr\/115541009029589951","error":""},"_links":{"self":[{"href":"https:\/\/www.europesays.com\/fr\/wp-json\/wp\/v2\/posts\/530721","targetHints":{"allow":["GET"]}}],"collection":[{"href":"https:\/\/www.europesays.com\/fr\/wp-json\/wp\/v2\/posts"}],"about":[{"href":"https:\/\/www.europesays.com\/fr\/wp-json\/wp\/v2\/types\/post"}],"author":[{"embeddable":true,"href":"https:\/\/www.europesays.com\/fr\/wp-json\/wp\/v2\/users\/2"}],"replies":[{"embeddable":true,"href":"https:\/\/www.europesays.com\/fr\/wp-json\/wp\/v2\/comments?post=530721"}],"version-history":[{"count":0,"href":"https:\/\/www.europesays.com\/fr\/wp-json\/wp\/v2\/posts\/530721\/revisions"}],"wp:featuredmedia":[{"embeddable":true,"href":"https:\/\/www.europesays.com\/fr\/wp-json\/wp\/v2\/media\/530722"}],"wp:attachment":[{"href":"https:\/\/www.europesays.com\/fr\/wp-json\/wp\/v2\/media?parent=530721"}],"wp:term":[{"taxonomy":"category","embeddable":true,"href":"https:\/\/www.europesays.com\/fr\/wp-json\/wp\/v2\/categories?post=530721"},{"taxonomy":"post_tag","embeddable":true,"href":"https:\/\/www.europesays.com\/fr\/wp-json\/wp\/v2\/tags?post=530721"}],"curies":[{"name":"wp","href":"https:\/\/api.w.org\/{rel}","templated":true}]}}