{"id":530725,"date":"2025-11-13T06:38:35","date_gmt":"2025-11-13T06:38:35","guid":{"rendered":"https:\/\/www.europesays.com\/fr\/530725\/"},"modified":"2025-11-13T06:38:35","modified_gmt":"2025-11-13T06:38:35","slug":"le-chti-bazar-debarque-a-villeneuve-dascq-tout-le-week-end-de-quoi-sagit-il","status":"publish","type":"post","link":"https:\/\/www.europesays.com\/fr\/530725\/","title":{"rendered":"Le Ch&rsquo;ti Bazar d\u00e9barque \u00e0 Villeneuve-d&rsquo;Ascq tout le week-end : de quoi s&rsquo;agit-il\u00a0?"},"content":{"rendered":"<p>                    Par<br \/>\n        <strong><br \/>\n            <a href=\"https:\/\/actu.fr\/auteur\/nicolas-demollien\" title=\"Consulter tous les articles de Nicolas Demollien\" target=\"_blank\" rel=\"noopener\">Nicolas Demollien<\/a><br \/>\n                    <\/strong><\/p>\n<p>        Publi\u00e9 le<\/p>\n<p>            12 nov. 2025 \u00e0 8h28<br \/>\n        ; mis \u00e0 jour le 12 nov. 2025 \u00e0 11h10    <\/p>\n<p>Avis aux fans de <b>couture et de tricot.<\/b>.. mais pas seulement ! Ces samedi 15 et dimanche 16 novembre 2025, un <b>bel \u00e9v\u00e9nement<\/b> est organis\u00e9 du c\u00f4t\u00e9 de la <b>Maillerie<\/b> \u00e0 <a href=\"https:\/\/actu.fr\/hauts-de-france\/villeneuve-d-ascq_59009\" target=\"_blank\" rel=\"noopener\">Villeneuve-d\u2019Ascq<\/a> (Nord) : le <b>Ch\u2019ti Bazar<\/b> ! Mais de quoi s\u2019agit-il exactement ?<\/p>\n<p>Le Ch\u2019ti Bazar c\u00e9l\u00e8bre les arts textiles \u00e0 Villeneuve-d\u2019Ascq<\/p>\n<p data-end=\"970\" class=\" wall-content\">\u00ab\u00a0Cet \u00e9v\u00e9nement est bien plus qu\u2019un simple march\u00e9 : c\u2019est un lieu de rencontres, de d\u00e9couvertes et de c\u00e9l\u00e9bration des arts textiles\u00a0\u00bb, r\u00e9pondent les organisateurs.<\/p>\n<p data-end=\"1169\" class=\" wall-content\">Sur place, au <a href=\"https:\/\/actu.fr\/hauts-de-france\/villeneuve-d-ascq_59009\/ferme-a-lille-le-grand-playground-rouvre-a-la-maillerie-avec-un-nouveau-format_57226304.html\" target=\"_blank\" rel=\"noopener\">Grand Playground<\/a>, ce sont ainsi <b>52 stands<\/b> qui seront occup\u00e9s par des cr\u00e9ateurs passionn\u00e9s, mettant en avant la laine, le fil, les accessoires, la mercerie et des techniques diverses et vari\u00e9es.<\/p>\n<p data-end=\"1169\" class=\" wall-content\">Mais ce n\u2019est pas tout puisque de <b>nombreuses animations<\/b> sont annonc\u00e9es tandis que vous trouverez \u00e9galement sur place des <b>gourmandises<\/b> et autres boissons chaudes ainsi qu\u2019une halle gourmande. Un joli moment en perspective.<\/p>\n<p data-end=\"544\" class=\" wall-content\">\n<a href=\"https:\/\/www.instagram.com\/p\/DFKXBWCNNMQ\/embed\" title=\"Ouvrir le lien sur Instagram\" target=\"_blank\" rel=\"noopener\">Visualiser le contenu sur Instagram<\/a><\/p>\n<p data-end=\"1182\" class=\" wall-content\">De 10h \u00e0 19h le samedi et de 10h \u00e0 16h le dimanche. Plus d\u2019infos sur le site <a href=\"https:\/\/grandplayground.com\/chti-bazar-hiver-2025-festival-du-tricot-au-grand-playground\/\" target=\"_blank\" rel=\"noopener\">grandplayground.com<\/a><\/p>\n<p class=\" wall-content\">Personnalisez votre actualit\u00e9 en ajoutant vos villes et m\u00e9dias en favori avec <a href=\"https:\/\/moncompte.actu.fr\" title=\"D\u00e9couvez Mon Actu\" rel=\"nofollow noopener\" data-trk=\"{&quot;cta&quot;:{&quot;action&quot;:&quot;https:\\\/\\\/moncompte.actu.fr&quot;,&quot;category&quot;:&quot;mon compte&quot;,&quot;from&quot;:&quot;article footer&quot;,&quot;name&quot;:&quot;Mon actu&quot;,&quot;type&quot;:&quot;cta&quot;}}\" target=\"_blank\">Mon Actu<\/a>.<\/p>\n<p>                    <script async src=\"\/\/www.instagram.com\/embed.js\"><\/script><\/p>\n","protected":false},"excerpt":{"rendered":"Par Nicolas Demollien Publi\u00e9 le 12 nov. 2025 \u00e0 8h28 ; mis \u00e0 jour le 12 nov. 2025&hellip;\n","protected":false},"author":2,"featured_media":530726,"comment_status":"","ping_status":"","sticky":false,"template":"","format":"standard","meta":{"footnotes":""},"categories":[2815],"tags":[1111,11,1777,674,1011,27,811,1307,1652,12,25],"class_list":{"0":"post-530725","1":"post","2":"type-post","3":"status-publish","4":"format-standard","5":"has-post-thumbnail","7":"category-lille","8":"tag-actu","9":"tag-actualites","10":"tag-eu","11":"tag-europe","12":"tag-fr","13":"tag-france","14":"tag-hauts-de-france","15":"tag-lille","16":"tag-loisirs-culture","17":"tag-news","18":"tag-republique-francaise"},"share_on_mastodon":{"url":"https:\/\/pubeurope.com\/@fr\/115541016844300118","error":""},"_links":{"self":[{"href":"https:\/\/www.europesays.com\/fr\/wp-json\/wp\/v2\/posts\/530725","targetHints":{"allow":["GET"]}}],"collection":[{"href":"https:\/\/www.europesays.com\/fr\/wp-json\/wp\/v2\/posts"}],"about":[{"href":"https:\/\/www.europesays.com\/fr\/wp-json\/wp\/v2\/types\/post"}],"author":[{"embeddable":true,"href":"https:\/\/www.europesays.com\/fr\/wp-json\/wp\/v2\/users\/2"}],"replies":[{"embeddable":true,"href":"https:\/\/www.europesays.com\/fr\/wp-json\/wp\/v2\/comments?post=530725"}],"version-history":[{"count":0,"href":"https:\/\/www.europesays.com\/fr\/wp-json\/wp\/v2\/posts\/530725\/revisions"}],"wp:featuredmedia":[{"embeddable":true,"href":"https:\/\/www.europesays.com\/fr\/wp-json\/wp\/v2\/media\/530726"}],"wp:attachment":[{"href":"https:\/\/www.europesays.com\/fr\/wp-json\/wp\/v2\/media?parent=530725"}],"wp:term":[{"taxonomy":"category","embeddable":true,"href":"https:\/\/www.europesays.com\/fr\/wp-json\/wp\/v2\/categories?post=530725"},{"taxonomy":"post_tag","embeddable":true,"href":"https:\/\/www.europesays.com\/fr\/wp-json\/wp\/v2\/tags?post=530725"}],"curies":[{"name":"wp","href":"https:\/\/api.w.org\/{rel}","templated":true}]}}