{"id":53073,"date":"2025-04-26T00:34:10","date_gmt":"2025-04-26T00:34:10","guid":{"rendered":"https:\/\/www.europesays.com\/fr\/53073\/"},"modified":"2025-04-26T00:34:10","modified_gmt":"2025-04-26T00:34:10","slug":"le-stade-toulousain-recoit-castres-dans-un-derby-qui-promet-de-gros-duels","status":"publish","type":"post","link":"https:\/\/www.europesays.com\/fr\/53073\/","title":{"rendered":"Le Stade Toulousain re\u00e7oit Castres dans un derby qui promet \u201cde gros duels\u201d"},"content":{"rendered":"<p>            Par<br \/>\n        <strong><br \/>\n            <a href=\"https:\/\/actu.fr\/auteur\/ancelin-emeryhenriot\" title=\"Consulter tous les articles de Ancelin Emery-Henriot\" target=\"_blank\" rel=\"noopener\">Ancelin Emery-Henriot<\/a><br \/>\n        <\/strong><\/p>\n<p>        Publi\u00e9 le<\/p>\n<p>            25 avr. 2025 \u00e0 19h14        <\/p>\n<p>C\u2019est un parfum de<strong> derby<\/strong> qui flotte dans <a href=\"https:\/\/actu.fr\/toulouse\/\" target=\"_blank\" rel=\"noopener\">la ville rose<\/a>. Le <strong>Stade Toulousain<\/strong> recevra son voisin du <strong>Castres Olympique<\/strong> ce samedi 26 avril 2025 au <strong>Stadium Municipal<\/strong>. Les Rouge et Noir chercheront \u00e0 <strong>prendre leur revanche<\/strong> apr\u00e8s leur courte d\u00e9faite lors du <a href=\"https:\/\/actu.fr\/sports\/rugby\/pro\/top-14-le-brun-ramos-un-duel-de-numeros-dix-exceptionnel-pour-le-derby-castres-toulouse_61695040.html\" target=\"_blank\" rel=\"noopener\">match aller<\/a> dans le Tarn en octobre dernier. De leur c\u00f4t\u00e9, les Castrais tenteront de r\u00e9ussir un exploit, eux qui n\u2019ont plus remport\u00e9 un duel en terre Haut-Garonnaise depuis 2019.<\/p>\n<p>Un combat devant<\/p>\n<p class=\" wall-content\">Et l\u2019une des cl\u00e9s de la rencontre, soulev\u00e9e lors de la conf\u00e9rence de presse des Stadistes, est <strong>le secteur de la m\u00eal\u00e9e et du paquet d\u2019avants<\/strong>. \u201cOn avait souffert chez eux. On aura <strong>un gros challenge \u00e0 relever<\/strong> sur ce point\u201d, confirme le premi\u00e8re ligne <strong>Rodrigue Neti<\/strong>.\u00a0<\/p>\n<p class=\" wall-content\">L\u2019anglais <strong>Jack Willis<\/strong> continue : \u201cCastres est <strong>une \u00e9quipe puissante<\/strong> devant.\u201d <strong>David M\u00e9l\u00e9<\/strong>, entra\u00eeneur adjoint, va dans le m\u00eame sens. \u201cUne de leurs forces reste leurs ballons port\u00e9s. Techniquement, les entra\u00eeneurs des avants et les joueurs ont tent\u00e9 de trouver la parade pour <strong>y r\u00e9pondre du mieux que possible<\/strong>\u201d, r\u00e9v\u00e8le-t-il.<\/p>\n<p>Un potentiel turnover<\/p>\n<p class=\" wall-content\">Afin de mettre ce plan en place, <strong>Ugo Mola<\/strong> pourrait proposer<strong> une composition remani\u00e9e<\/strong>, \u00e0 une semaine du choc contre Bordeaux en <strong>demi-finale de la Champions Cup<\/strong>. La pr\u00e9sence des demis de m\u00eal\u00e9e<strong> Simon Daroque<\/strong> et <strong>Nathan Llaveria<\/strong> n\u2019a par exemple pas \u00e9t\u00e9 exclue par <strong>David M\u00e9l\u00e9<\/strong> en conf\u00e9rence de presse.<\/p>\n<p class=\" wall-content\">Une <strong>responsabilisation de la jeunesse<\/strong> toulousaine qui n\u2019\u00e9tonne pas celui qui est \u00e9galement entra\u00eeneur principal de la cat\u00e9gorie Espoirs : \u201cTant que nos jeunes auront cette insouciance, je pense qu\u2019on n\u2019est pas \u00e0 l\u2019abri de <strong>revoir de belles performances.<\/strong>\u201d Il encense d\u2019ailleurs ses deux num\u00e9ros 9. \u201cCe sont des joueurs remplis de talents, de qualit\u00e9s, des vrais rugbymen, <strong>qui ont grandi dans l\u2019ADN du Stade Toulousain<\/strong> et qui ont envie de tenter des choses\u201d, confie-t-il.<\/p>\n<p>Vid\u00e9os : en ce moment sur ActuPoint Classement<\/p>\n<p class=\" wall-content\">Ce match pourrait s\u2019av\u00e9rer tr\u00e8s important dans la lutte pour la <strong>qualification directe en demi-finale.<\/strong> En cas de victoire, Toulouse pourrait s\u2019en rapprocher. En effet <strong>Bordeaux<\/strong>, accueillera un Stade Rochelais qui a enfin retrouv\u00e9 le chemin de la victoire. Les <strong>Toulonnais<\/strong> joueront eux un d\u00e9placement p\u00e9rilleux \u00e0 Vannes, club qui lutte pour sa survie en Top 14.<\/p>\n<p class=\" wall-content\">Suivez toute l\u2019actualit\u00e9 de vos villes et m\u00e9dias favoris en vous inscrivant \u00e0 <a href=\"https:\/\/moncompte.actu.fr\" title=\"D\u00e9couvez Mon Actu\" rel=\"nofollow noopener\" data-trk=\"{&quot;cta&quot;:{&quot;action&quot;:&quot;https:\\\/\\\/moncompte.actu.fr&quot;,&quot;category&quot;:&quot;mon compte&quot;,&quot;from&quot;:&quot;article footer&quot;,&quot;name&quot;:&quot;Mon actu&quot;,&quot;type&quot;:&quot;cta&quot;}}\" target=\"_blank\">Mon Actu<\/a>.<\/p>\n","protected":false},"excerpt":{"rendered":"Par Ancelin Emery-Henriot Publi\u00e9 le 25 avr. 2025 \u00e0 19h14 C\u2019est un parfum de derby qui flotte dans&hellip;\n","protected":false},"author":2,"featured_media":53074,"comment_status":"","ping_status":"","sticky":false,"template":"","format":"standard","meta":{"footnotes":""},"categories":[2816],"tags":[1111,11,7336,1777,674,1011,27,12,2680,25,479,60,476,7906,2312],"class_list":{"0":"post-53073","1":"post","2":"type-post","3":"status-publish","4":"format-standard","5":"has-post-thumbnail","7":"category-toulouse","8":"tag-actu","9":"tag-actualites","10":"tag-castres-olympique","11":"tag-eu","12":"tag-europe","13":"tag-fr","14":"tag-france","15":"tag-news","16":"tag-occitanie","17":"tag-republique-francaise","18":"tag-rugby","19":"tag-sports","20":"tag-stade-toulousain","21":"tag-stadium-de-toulouse","22":"tag-toulouse"},"share_on_mastodon":{"url":"","error":""},"_links":{"self":[{"href":"https:\/\/www.europesays.com\/fr\/wp-json\/wp\/v2\/posts\/53073","targetHints":{"allow":["GET"]}}],"collection":[{"href":"https:\/\/www.europesays.com\/fr\/wp-json\/wp\/v2\/posts"}],"about":[{"href":"https:\/\/www.europesays.com\/fr\/wp-json\/wp\/v2\/types\/post"}],"author":[{"embeddable":true,"href":"https:\/\/www.europesays.com\/fr\/wp-json\/wp\/v2\/users\/2"}],"replies":[{"embeddable":true,"href":"https:\/\/www.europesays.com\/fr\/wp-json\/wp\/v2\/comments?post=53073"}],"version-history":[{"count":0,"href":"https:\/\/www.europesays.com\/fr\/wp-json\/wp\/v2\/posts\/53073\/revisions"}],"wp:featuredmedia":[{"embeddable":true,"href":"https:\/\/www.europesays.com\/fr\/wp-json\/wp\/v2\/media\/53074"}],"wp:attachment":[{"href":"https:\/\/www.europesays.com\/fr\/wp-json\/wp\/v2\/media?parent=53073"}],"wp:term":[{"taxonomy":"category","embeddable":true,"href":"https:\/\/www.europesays.com\/fr\/wp-json\/wp\/v2\/categories?post=53073"},{"taxonomy":"post_tag","embeddable":true,"href":"https:\/\/www.europesays.com\/fr\/wp-json\/wp\/v2\/tags?post=53073"}],"curies":[{"name":"wp","href":"https:\/\/api.w.org\/{rel}","templated":true}]}}